{"id":6158,"date":"2022-06-04T08:38:47","date_gmt":"2022-06-04T13:38:47","guid":{"rendered":"https:\/\/politicosaldesnudo.com.mx\/?p=6158"},"modified":"2022-06-04T08:40:26","modified_gmt":"2022-06-04T13:40:26","slug":"recupera-inah-objetos-rituales-del-pueblo-yaqui-ubicados-en-suecia","status":"publish","type":"post","link":"https:\/\/politicosaldesnudo.com.mx\/index.php\/2022\/06\/04\/recupera-inah-objetos-rituales-del-pueblo-yaqui-ubicados-en-suecia\/","title":{"rendered":"Recupera INAH objetos rituales del pueblo Yaqui ubicados en Suecia"},"content":{"rendered":"<p>&nbsp;<\/p>\n<p class=\"p1\"><span style=\"font-size: 14pt;\"><em><strong>Suecia.<\/strong><\/em> <strong>24 objetos rituales \u201cMaaso Koba\u201d del pueblo yaqui de Sonora que se encontraban en el Museo de la Cultura del Mundo de Gotemburgo, Suecia fueron entregadas a M\u00e9xico<\/strong>, inform\u00f3 el Instituto Nacional de Antropolog\u00eda e Historia (INAH).<\/span><\/p>\n<p class=\"p1\"><span style=\"font-size: 18pt;\"><strong>En Estocolmo, Suecia, se realiz\u00f3 la entrega de la colecci\u00f3n, misma que quedar\u00e1 en resguardo en la Embajada de M\u00e9xico en Suecia hasta su traslado mediante valija diplom\u00e1tica.<\/strong><\/span><\/p>\n<p class=\"p1\"><span style=\"font-size: 18pt;\"><strong>Para recibirla asisti\u00f3 a Suecia una delegaci\u00f3n del pueblo yaqui, comunidad ind\u00edgena conformada por ocho pueblos y asentada en el estado de Sonora y mediante una ceremonia firm\u00f3 el acta de entrega-recepci\u00f3n.<\/strong><\/span><\/p>\n<p>&nbsp;<\/p>\n<p><img data-recalc-dims=\"1\" loading=\"lazy\" decoding=\"async\" class=\"aligncenter wp-image-6159\" src=\"https:\/\/i0.wp.com\/politicosaldesnudo.com.mx\/wp-content\/uploads\/2022\/06\/FUSJZ5QVUAAbMcx.jpeg?resize=600%2C580&#038;ssl=1\" alt=\"\" width=\"600\" height=\"580\" srcset=\"https:\/\/i0.wp.com\/politicosaldesnudo.com.mx\/wp-content\/uploads\/2022\/06\/FUSJZ5QVUAAbMcx.jpeg?w=455&amp;ssl=1 455w, https:\/\/i0.wp.com\/politicosaldesnudo.com.mx\/wp-content\/uploads\/2022\/06\/FUSJZ5QVUAAbMcx.jpeg?resize=300%2C290&amp;ssl=1 300w\" sizes=\"auto, (max-width: 600px) 100vw, 600px\" \/><\/p>\n<p>&nbsp;<\/p>\n<p>&nbsp;<\/p>\n<p class=\"p1\"><span style=\"font-size: 18pt;\"><strong>LA RECUPERACI\u00d3N<span class=\"Apple-converted-space\">\u00a0<\/span><\/strong><\/span><\/p>\n<p class=\"p1\"><span style=\"font-size: 14pt;\">El INAH record\u00f3 que el origen de esta recuperaci\u00f3n comenz\u00f3 en 2016, cuando inici\u00f3 las gestiones ante el\u00a0Museo de la Cultura del Mundo en Gotemburgo, cuyas acciones fueron encabezadas por la historiadora del Centro INAH Sonora,\u00a0Raquel Padilla Ramos.<\/span><\/p>\n<p class=\"p1\"><span style=\"font-size: 14pt;\">El instituto detalla que en todo el proceso siempre se cont\u00f3 con la participaci\u00f3n de integrantes de los pueblos yaquis.<\/span><\/p>\n<p class=\"p1\"><span style=\"font-size: 14pt;\">Con la finalidad de conocer y documentar bienes de esta cultura que ha formado parte de las colecciones del museo, as\u00ed como de las circunstancias que explican su incorporaci\u00f3n al\u00a0acervo europeo, en los a\u00f1os siguientes se concretaron reuniones y visitas entre personal del\u00a0museo sueco\u00a0y del Centro INAH Sonora.<\/span><\/p>\n<p class=\"p1\"><span style=\"font-size: 18pt;\"><strong>En diciembre de 2020 se estableci\u00f3 el\u00a0Plan de Justicia para el Pueblo Yaqui de Sonora, a partir de esa fecha se dirigi\u00f3 el trabajo conjunto entre el INAH, el\u00a0Instituto Nacional de los Pueblos Ind\u00edgenas (INPI)\u00a0y la\u00a0Secretar\u00eda de Relaciones Exteriores (SRE).<\/strong><\/span><\/p>\n<p class=\"p1\"><span style=\"font-size: 18pt;\"><strong>Adem\u00e1s, se precis\u00f3 que la petici\u00f3n del pueblo yaqui se incluy\u00f3 formalmente en el\u00a0Plan de Justicia\u00a0entregado al presidente de M\u00e9xico,\u00a0Andr\u00e9s Manuel L\u00f3pez Obrador, el 28 de septiembre de 2021.<\/strong><\/span><\/p>\n<p class=\"p1\"><span style=\"font-size: 14pt;\">Luego, en mayo de 2022, mediante acuerdo del\u00a0Consejo de Ministros del Gobierno de Suecia, \u201cse hizo p\u00fablico el retorno a M\u00e9xico de estos bienes culturales y se establecieron los acuerdos y protocolos para la entrega, resguardo y traslado de los mismos\u201d.<\/span><\/p>\n<blockquote>\n<p class=\"p1\"><span style=\"font-size: 14pt;\">El INAH destac\u00f3 en la nota que el Museo de la\u00a0Cultura del Mundo en Gotemburgo\u00a0\u201cha mantenido, en todo momento, la clara disposici\u00f3n de apoyar estas gestiones a fin de que estos bienes sean devueltos al pueblo yaqui\u201d.<\/span><\/p>\n<\/blockquote>\n<p>&nbsp;<\/p>\n<p>&nbsp;<\/p>\n<p class=\"p1\"><span style=\"font-size: 18pt;\"><strong>PATRIMONIO NACIONAL<\/strong><\/span><\/p>\n<p class=\"p1\"><span style=\"font-size: 18pt;\"><strong>Durante los primeros tres a\u00f1os de la presidencia de Andr\u00e9s Manuel L\u00f3pez Obrador, el Gobierno mexicano recuper\u00f3 miles piezas que considera patrimonio nacional.<\/strong><\/span><\/p>\n<p class=\"p1\"><span style=\"font-size: 14pt;\">La\u00a0SRE, la\u00a0Fiscal\u00eda General de la Rep\u00fablica (FGR), la\u00a0Secretar\u00eda de Cultura, las embajadas y el INAH han intensificado demandas ante gobiernos extranjeros para recuperar piezas arqueol\u00f3gicas y art\u00edsticas.<\/span><\/p>\n<p>&nbsp;<\/p>\n<p>&nbsp;<\/p>\n<p>&nbsp;<\/p>\n","protected":false},"excerpt":{"rendered":"<p>&nbsp; Suecia. 24 objetos rituales \u201cMaaso Koba\u201d del pueblo yaqui de Sonora que se encontraban en el Museo de la<\/p>\n","protected":false},"author":4,"featured_media":6160,"comment_status":"closed","ping_status":"closed","sticky":false,"template":"","format":"standard","meta":{"colormag_page_container_layout":"default_layout","colormag_page_sidebar_layout":"default_layout","_jetpack_memberships_contains_paid_content":false,"footnotes":"","jetpack_publicize_message":"","jetpack_publicize_feature_enabled":true,"jetpack_social_post_already_shared":true,"jetpack_social_options":{"image_generator_settings":{"template":"highway","default_image_id":0,"font":"","enabled":false},"version":2}},"categories":[474],"tags":[95,316,905,906],"class_list":["post-6158","post","type-post","status-publish","format-standard","has-post-thumbnail","hentry","category-cultura","tag-andres-manuel-lopez-obrador","tag-inah","tag-pueblo-yaqui","tag-suecia"],"jetpack_publicize_connections":[],"jetpack_featured_media_url":"https:\/\/i0.wp.com\/politicosaldesnudo.com.mx\/wp-content\/uploads\/2022\/06\/P-INAH.png?fit=1816%2C1016&ssl=1","jetpack-related-posts":[],"jetpack_sharing_enabled":true,"_links":{"self":[{"href":"https:\/\/politicosaldesnudo.com.mx\/index.php\/wp-json\/wp\/v2\/posts\/6158","targetHints":{"allow":["GET"]}}],"collection":[{"href":"https:\/\/politicosaldesnudo.com.mx\/index.php\/wp-json\/wp\/v2\/posts"}],"about":[{"href":"https:\/\/politicosaldesnudo.com.mx\/index.php\/wp-json\/wp\/v2\/types\/post"}],"author":[{"embeddable":true,"href":"https:\/\/politicosaldesnudo.com.mx\/index.php\/wp-json\/wp\/v2\/users\/4"}],"replies":[{"embeddable":true,"href":"https:\/\/politicosaldesnudo.com.mx\/index.php\/wp-json\/wp\/v2\/comments?post=6158"}],"version-history":[{"count":0,"href":"https:\/\/politicosaldesnudo.com.mx\/index.php\/wp-json\/wp\/v2\/posts\/6158\/revisions"}],"wp:featuredmedia":[{"embeddable":true,"href":"https:\/\/politicosaldesnudo.com.mx\/index.php\/wp-json\/wp\/v2\/media\/6160"}],"wp:attachment":[{"href":"https:\/\/politicosaldesnudo.com.mx\/index.php\/wp-json\/wp\/v2\/media?parent=6158"}],"wp:term":[{"taxonomy":"category","embeddable":true,"href":"https:\/\/politicosaldesnudo.com.mx\/index.php\/wp-json\/wp\/v2\/categories?post=6158"},{"taxonomy":"post_tag","embeddable":true,"href":"https:\/\/politicosaldesnudo.com.mx\/index.php\/wp-json\/wp\/v2\/tags?post=6158"}],"curies":[{"name":"wp","href":"https:\/\/api.w.org\/{rel}","templated":true}]}}