{"id":61593,"date":"2025-04-24T00:01:20","date_gmt":"2025-04-24T06:01:20","guid":{"rendered":"https:\/\/politicosaldesnudo.com.mx\/?p=61593"},"modified":"2025-04-23T23:51:46","modified_gmt":"2025-04-24T05:51:46","slug":"se-aleja-acuerdo-de-paz-rusia-ucrania-no-se-realiza-reunion-trilateral-con-ese-fin","status":"publish","type":"post","link":"https:\/\/politicosaldesnudo.com.mx\/index.php\/2025\/04\/24\/se-aleja-acuerdo-de-paz-rusia-ucrania-no-se-realiza-reunion-trilateral-con-ese-fin\/","title":{"rendered":"Se aleja acuerdo de paz Rusia-Ucrania; no se realiza reuni\u00f3n trilateral con ese fin"},"content":{"rendered":"<p class=\"nota-justify\">La reuni\u00f3n trilateral \u2013Estados Unidos, Europa y Ucrania\u2013 que iba a celebrarse este mi\u00e9rcoles en Londres a nivel de cancilleres para discutir la iniciativa estadunidense que pretende sentar a rusos y ucranios a negociar un arreglo pol\u00edtico, bajo las condiciones del inquilino de la Casa Blanca, Donald Trump, no se llev\u00f3 a cabo.<\/p>\n<p class=\"nota-justify\">La v\u00edspera el mandatario de Ucrania dijo \u201cNo\u201d a su colega estadunidense, Donald Trump, al negarse a ceder a Rusia de jure Crimea y de facto los \u201cterritorios ocupados\u201d en Donietsk, Lugansk, Jers\u00f3n y Zaporiyia, uno de los supuestos pilares del plan del gobernante republicano, lo que llev\u00f3 al inquilino de la Casa Blanca a arremeter este mi\u00e9rcoles contra Zelensky en un mensaje en su red Truth Social.<\/p>\n<p class=\"nota-justify\">Calific\u00f3 de \u201cmuy perjudicial\u201d para eventuales negociaciones de paz la negativa de Zelensky a reconocer la p\u00e9rdida de la pen\u00ednsula \u201chace muchos a\u00f1os, en tiempos de Barack Hussein Obama\u201d y que ahora \u201cni siquiera es tema de discusi\u00f3n\u201d.<\/p>\n<p class=\"nota-justify\">Para Trump, \u201cdeclaraciones incendiarias como las de Zelensky hacen tan dif\u00edcil poner fin a esta guerra. La situaci\u00f3n para Ucrania es dura. \u00c9l (Zelensky) puede recibir la paz o combatir otros tres a\u00f1os antes de perder todo el pa\u00eds. Nada tengo en com\u00fan con Rusia, pero s\u00ed me preocupa salvar a los cinco mil soldados rusos y ucranios que, en promedio, cada semana mueren por nada\u201d.<\/p>\n<p class=\"nota-justify\">El hecho de que Zelensky afirmara que \u201ces imposible ceder Crimea, nuestra Constituci\u00f3n lo proh\u00edbe\u201d caus\u00f3 malestar en Washington al grado de que el secretario de Estado, Marco Rubio, alegando \u201cproblemas de agenda\u201d, cancel\u00f3 su viaje a la capital brit\u00e1nica y lo secund\u00f3 con igual rechazo de \u00faltima hora Steve Witkoff, enviado especial de la Casa Blanca, quedando como figura m\u00e1s importante de parte de EU s\u00f3lo Keith Kellogg, otro emisario de Trump.<\/p>\n<p class=\"nota-justify\">En esas condiciones, los cancilleres de Gran Breta\u00f1a, Francia y Alemania tambi\u00e9n desistieron de participar, por lo cual la delegaci\u00f3n ucrania \u2013encabezada por Andriy Yermak, el jefe de la Oficina de la Presidencia, y los ministros de Relaciones Exteriores, Andrii Sybiha, y Defensa, Rustem Umerov\u2013, tuvo que reunirse por separado con Kellog y funcionarios de menor nivel de los pa\u00edses europeos.<\/p>\n<p class=\"nota-justify\">\u201cHoy (mi\u00e9rcoles) continuamos (el segundo encuentro, despu\u00e9s del que hubo en Par\u00eds) un di\u00e1logo profundo encaminado a alcanzar una paz justa y sostenida para Ucrania. Subrayamos que apreciamos los esfuerzos en favor de la paz del presidente de Estados Unidos, Donald Trump\u201d, inform\u00f3 Yermak a trav\u00e9s de Telegram.<\/p>\n<p class=\"nota-justify\">El jefe de la Oficina de la Presidencia, que ocupa la segunda posici\u00f3n en la jerarqu\u00eda ucrania, despu\u00e9s de Zelensky, agradeci\u00f3 \u201cel apoyo de nuestros aliados\u201d y su \u201cfirme intenci\u00f3n de detener cuanto antes la guerra\u201d, as\u00ed como culp\u00f3 a Rusia de \u201crechazar un cese de hostilidades incondicional, con lo cual s\u00f3lo retrasa el proceso (de posible negociaci\u00f3n) y manipula las gestiones\u201d.<\/p>\n<p class=\"nota-justify\">Por su parte, Umerov (ministro de Defensa ucranio) resumi\u00f3 la entrevista con Kellogg con estas palabras: \u201cEn mi opini\u00f3n, el encuentro result\u00f3 muy productivo y \u00fatil: pudimos exponer nuestra posici\u00f3n consecuente para lograr un alto el fuego, y tambi\u00e9n hablamos de garant\u00edas de seguridad\u201d.<\/p>\n<p class=\"nota-justify\">A diferencia de los medios de comunicaci\u00f3n rusos, el Kremlin rest\u00f3 importancia al \u201cfiasco de la cumbre\u201d en Londres, como la llam\u00f3 por ejemplo el diario Kommersant, al decir este mi\u00e9rcoles su portavoz, Dimitri Peskov, que en la capital brit\u00e1nica \u201cno estaba prevista ninguna cumbre. No s\u00e9 de qu\u00e9 est\u00e1n hablando. Una cumbre es cuando se dan encuentros al m\u00e1ximo nivel (de jefes de Estado). En Londres se ten\u00eda previsto una reuni\u00f3n de emisarios de Estados Unidos y Ucrania para que EU pudieran proseguir su labor de mediaci\u00f3n\u201d.<\/p>\n<p class=\"nota-justify\">Seg\u00fan Peskov, \u201chasta donde entendemos, por ahora no pudieron acercar posiciones acerca de algunas cuestiones. Por eso en este momento no se llev\u00f3 a cabo esa reuni\u00f3n\u201d.<\/p>\n<p class=\"nota-justify\">De alg\u00fan modo, el vocero dio a entender que en la llamada \u201coferta final\u201d de Trump, a juzgar por las filtraciones que avanzaron medios estadunidenses como Axios o el Washington Post, y que luego reprodujeron peri\u00f3dicos europeos, hay puntos que tampoco son del agrado de Rusia como, por mencionar uno, \u201ccongelar\u201d los combates en la l\u00ednea del frente, sin \u201cliberar\u201d la totalidad de las cuatro regiones que el Kremlin considera rusas, por lo cual no cabe esperar un pronto alto el fuego.<\/p>\n<p class=\"nota-justify\">\u201cEn torno a un eventual arreglo existen matices que hay que abordar y a\u00fan es necesario aproximar posturas. El trabajo contin\u00faa\u201d, expres\u00f3 Peskov, minimizando el ultimato que lanz\u00f3 desde India el vicepresidente de Estados Unidos, J.D. Vance, en el sentido de que Washington podr\u00eda abandonar la labor de mediaci\u00f3n si no hay progresos en los pr\u00f3ximos d\u00edas.<\/p>\n<p class=\"nota-justify\">En este sentido, de acuerdo con el portal Axios, el emisario de Trump, Steve Witkoff, podr\u00eda reunirse con el presidente de Rusia, Vladimir Putin, el viernes en Mosc\u00fa.<\/p>\n","protected":false},"excerpt":{"rendered":"<p>La reuni\u00f3n trilateral \u2013Estados Unidos, Europa y Ucrania\u2013 que iba a celebrarse este mi\u00e9rcoles en Londres a nivel de cancilleres<\/p>\n","protected":false},"author":4,"featured_media":61594,"comment_status":"closed","ping_status":"closed","sticky":false,"template":"","format":"standard","meta":{"colormag_page_container_layout":"default_layout","colormag_page_sidebar_layout":"default_layout","_jetpack_memberships_contains_paid_content":false,"footnotes":"","jetpack_publicize_message":"","jetpack_publicize_feature_enabled":true,"jetpack_social_post_already_shared":false,"jetpack_social_options":{"image_generator_settings":{"template":"highway","default_image_id":0,"font":"","enabled":false},"version":2}},"categories":[28],"tags":[],"class_list":["post-61593","post","type-post","status-publish","format-standard","has-post-thumbnail","hentry","category-internacional"],"jetpack_publicize_connections":[],"jetpack_featured_media_url":"https:\/\/i0.wp.com\/politicosaldesnudo.com.mx\/wp-content\/uploads\/2025\/04\/ZELEN.jpg?fit=755%2C509&ssl=1","jetpack-related-posts":[],"jetpack_sharing_enabled":true,"_links":{"self":[{"href":"https:\/\/politicosaldesnudo.com.mx\/index.php\/wp-json\/wp\/v2\/posts\/61593","targetHints":{"allow":["GET"]}}],"collection":[{"href":"https:\/\/politicosaldesnudo.com.mx\/index.php\/wp-json\/wp\/v2\/posts"}],"about":[{"href":"https:\/\/politicosaldesnudo.com.mx\/index.php\/wp-json\/wp\/v2\/types\/post"}],"author":[{"embeddable":true,"href":"https:\/\/politicosaldesnudo.com.mx\/index.php\/wp-json\/wp\/v2\/users\/4"}],"replies":[{"embeddable":true,"href":"https:\/\/politicosaldesnudo.com.mx\/index.php\/wp-json\/wp\/v2\/comments?post=61593"}],"version-history":[{"count":0,"href":"https:\/\/politicosaldesnudo.com.mx\/index.php\/wp-json\/wp\/v2\/posts\/61593\/revisions"}],"wp:featuredmedia":[{"embeddable":true,"href":"https:\/\/politicosaldesnudo.com.mx\/index.php\/wp-json\/wp\/v2\/media\/61594"}],"wp:attachment":[{"href":"https:\/\/politicosaldesnudo.com.mx\/index.php\/wp-json\/wp\/v2\/media?parent=61593"}],"wp:term":[{"taxonomy":"category","embeddable":true,"href":"https:\/\/politicosaldesnudo.com.mx\/index.php\/wp-json\/wp\/v2\/categories?post=61593"},{"taxonomy":"post_tag","embeddable":true,"href":"https:\/\/politicosaldesnudo.com.mx\/index.php\/wp-json\/wp\/v2\/tags?post=61593"}],"curies":[{"name":"wp","href":"https:\/\/api.w.org\/{rel}","templated":true}]}}