{"id":61614,"date":"2025-04-24T14:37:48","date_gmt":"2025-04-24T20:37:48","guid":{"rendered":"https:\/\/politicosaldesnudo.com.mx\/?p=61614"},"modified":"2025-04-24T14:37:48","modified_gmt":"2025-04-24T20:37:48","slug":"rogelio-franco-por-fin-libre","status":"publish","type":"post","link":"https:\/\/politicosaldesnudo.com.mx\/index.php\/2025\/04\/24\/rogelio-franco-por-fin-libre\/","title":{"rendered":"Rogelio Franco, por fin libre"},"content":{"rendered":"<p><span style=\"font-size: 14pt; font-family: arial, helvetica, sans-serif;\"><strong>ALMA GRANDE<\/strong><\/span><\/p>\n<p><span style=\"font-size: 14pt; font-family: arial, helvetica, sans-serif;\"><strong>Por Angel \u00c1lvaro Pe\u00f1a<\/strong><\/span><\/p>\n<p><span style=\"font-size: 14pt; font-family: arial, helvetica, sans-serif;\">La inminente liberaci\u00f3n de Rogelio Franco Cast\u00e1n confirma que su reclusi\u00f3n por m\u00e1s de cuatro a\u00f1os se debe a un capricho de Cuitl\u00e1huac Garc\u00eda Jim\u00e9nez. Al liberarse a trav\u00e9s de un amparo del \u00faltimo delito que lo manten\u00eda en prisi\u00f3n domiciliaria queda comprobado que todos los delitos imputados eran prefabricados.<\/span><\/p>\n<p><span style=\"font-size: 14pt; font-family: arial, helvetica, sans-serif;\">Luego de 50 amparos para la defensa de seis procesos y once delitos, el juez federal D\u00e9cimo Octavo de Distrito con residencia en Xalapa otorg\u00f3 un amparo liso y llano con el cual ordena la libertad absoluta del ex secretario de Gobierno, Rogelio \u201cN\u201d, confirm\u00f3 su hija Mina Viviana Franco.<\/span><\/p>\n<p><span style=\"font-size: 14pt; font-family: arial, helvetica, sans-serif;\">Esta resoluci\u00f3n representa el \u00faltimo de once cargos penales que enfrent\u00f3 el ex funcionario, quien pas\u00f3 m\u00e1s de cuatro a\u00f1os, bajo diversas restricciones a su libertad, entre ellas prisi\u00f3n preventiva justificada por delitos como ultrajes a la autoridad, abuso de autoridad, ejercicio indebido del servicio p\u00fablico, entre otros.<\/span><\/p>\n<p><span style=\"font-size: 14pt; font-family: arial, helvetica, sans-serif;\">El amparo, identificado con el n\u00famero 10\/2024, fue concedido el pasado 27 de marzo y ser\u00e1 formalmente cumplido este jueves 24 de abril a las 15:00 horas en los juzgados de Pacho Viejo, donde se celebrar\u00e1 la audiencia correspondiente.<\/span><\/p>\n<p><span style=\"font-size: 14pt; font-family: arial, helvetica, sans-serif;\">La decisi\u00f3n judicial no solo anula la causa penal 296\/2021 por el delito de violencia familiar, sino que echa por tierra el \u00faltimo de los procesos que manten\u00edan al pol\u00edtico tuxpe\u00f1o tras las rejas. La resoluci\u00f3n del Tribunal se\u00f1ala lo que las pruebas en su contra eran insuficientes y las irregularidades en el proceso, abundantes.<\/span><\/p>\n<p><span style=\"font-size: 14pt; font-family: arial, helvetica, sans-serif;\">Franco fue detenido en marzo de 2021, en pleno proceso electoral, bajo cargos que \u00e9l y su partido, el PRD, denunciaron como fabricados en contra del entonces opositor inc\u00f3modo al gobierno de Cuitl\u00e1huac Garc\u00eda fue neutralizado judicialmente y, con ello, sacado de la contienda.<\/span><\/p>\n<p><span style=\"font-size: 14pt; font-family: arial, helvetica, sans-serif;\">La anulaci\u00f3n del proceso por parte del Tribunal Colegiado representa un rev\u00e9s jur\u00eddico para el Gobierno anterior, que utiliz\u00f3 las instituciones judiciales como persecutoras de adversarios pol\u00edticos.<\/span><\/p>\n<p><span style=\"font-size: 14pt; font-family: arial, helvetica, sans-serif;\">Alcanza la libertad ahora que su partido pol\u00edtico, el PRD, no existe y que, aparentemente, no representa ning\u00fan peligro en tiempos electorales. No hay duda de la mala intenci\u00f3n que mantuvo preso a Franco Cast\u00e1n, es una responsabilidad que exige un castigo y que debiera exhibir su intenci\u00f3n p\u00fablicamente con nombre y apellido.<\/span><\/p>\n","protected":false},"excerpt":{"rendered":"<p>ALMA GRANDE Por Angel \u00c1lvaro Pe\u00f1a La inminente liberaci\u00f3n de Rogelio Franco Cast\u00e1n confirma que su reclusi\u00f3n por m\u00e1s de<\/p>\n","protected":false},"author":4,"featured_media":61615,"comment_status":"closed","ping_status":"closed","sticky":false,"template":"","format":"standard","meta":{"colormag_page_container_layout":"default_layout","colormag_page_sidebar_layout":"default_layout","_jetpack_memberships_contains_paid_content":false,"footnotes":"","jetpack_publicize_message":"","jetpack_publicize_feature_enabled":true,"jetpack_social_post_already_shared":false,"jetpack_social_options":{"image_generator_settings":{"template":"highway","default_image_id":0,"font":"","enabled":false},"version":2}},"categories":[26],"tags":[],"class_list":["post-61614","post","type-post","status-publish","format-standard","has-post-thumbnail","hentry","category-columnistas"],"jetpack_publicize_connections":[],"jetpack_featured_media_url":"https:\/\/i0.wp.com\/politicosaldesnudo.com.mx\/wp-content\/uploads\/2025\/04\/ANGEL-ALVARO-PENA1.jpg?fit=800%2C445&ssl=1","jetpack-related-posts":[],"jetpack_sharing_enabled":true,"_links":{"self":[{"href":"https:\/\/politicosaldesnudo.com.mx\/index.php\/wp-json\/wp\/v2\/posts\/61614","targetHints":{"allow":["GET"]}}],"collection":[{"href":"https:\/\/politicosaldesnudo.com.mx\/index.php\/wp-json\/wp\/v2\/posts"}],"about":[{"href":"https:\/\/politicosaldesnudo.com.mx\/index.php\/wp-json\/wp\/v2\/types\/post"}],"author":[{"embeddable":true,"href":"https:\/\/politicosaldesnudo.com.mx\/index.php\/wp-json\/wp\/v2\/users\/4"}],"replies":[{"embeddable":true,"href":"https:\/\/politicosaldesnudo.com.mx\/index.php\/wp-json\/wp\/v2\/comments?post=61614"}],"version-history":[{"count":0,"href":"https:\/\/politicosaldesnudo.com.mx\/index.php\/wp-json\/wp\/v2\/posts\/61614\/revisions"}],"wp:featuredmedia":[{"embeddable":true,"href":"https:\/\/politicosaldesnudo.com.mx\/index.php\/wp-json\/wp\/v2\/media\/61615"}],"wp:attachment":[{"href":"https:\/\/politicosaldesnudo.com.mx\/index.php\/wp-json\/wp\/v2\/media?parent=61614"}],"wp:term":[{"taxonomy":"category","embeddable":true,"href":"https:\/\/politicosaldesnudo.com.mx\/index.php\/wp-json\/wp\/v2\/categories?post=61614"},{"taxonomy":"post_tag","embeddable":true,"href":"https:\/\/politicosaldesnudo.com.mx\/index.php\/wp-json\/wp\/v2\/tags?post=61614"}],"curies":[{"name":"wp","href":"https:\/\/api.w.org\/{rel}","templated":true}]}}