{"id":61628,"date":"2025-04-25T00:02:37","date_gmt":"2025-04-25T06:02:37","guid":{"rendered":"https:\/\/politicosaldesnudo.com.mx\/?p=61628"},"modified":"2025-04-24T20:36:35","modified_gmt":"2025-04-25T02:36:35","slug":"piden-concientizacion-para-el-cuidado-de-tortugas","status":"publish","type":"post","link":"https:\/\/politicosaldesnudo.com.mx\/index.php\/2025\/04\/25\/piden-concientizacion-para-el-cuidado-de-tortugas\/","title":{"rendered":"Piden concientizaci\u00f3n para el cuidado de tortugas"},"content":{"rendered":"<p>La aparici\u00f3n de tres tortugas marinas muertas en las costas ha encendido las alarmas entre ambientalistas y autoridades de los tres niveles de gobierno, la lamentable noticia ha provocado una movilizaci\u00f3n para reforzar las medidas de protecci\u00f3n y concientizaci\u00f3n ciudadana en torno al cuidado de estas especies en peligro de extinci\u00f3n.<\/p>\n<p>Lo anterior, lo dio a conocer la regidora cuarta, Anah\u00ed Aguilar L\u00f3pez, comisionada en Ecolog\u00eda y Medio Ambiente del ayuntamiento porte\u00f1o, donde adem\u00e1s expres\u00f3 su profunda preocupaci\u00f3n por este hallazgo, se\u00f1alando que ya hay una mayor atenci\u00f3n por parte de las autoridades federales para implementar estrategias que involucren a la comunidad en la preservaci\u00f3n de la fauna marina.<\/p>\n<p>\u00abEs crucial que tomemos conciencia del valor de estas especies y de la importancia de su conservaci\u00f3n para el equilibrio de nuestro ecosistema marino,\u00bb enfatiz\u00f3 Aguilar L\u00f3pez.<\/p>\n<p>En seguimiento a este hecho, la regidora adelant\u00f3 que en los pr\u00f3ximos d\u00edas sostendr\u00e1 reuniones con los responsables de los campamentos tortugueros ubicados en zonas estrat\u00e9gicas como Barra Norte y Barra Galindo, entre otros puntos de la costa tuxpe\u00f1a, con el objetivo principal de profundizar en las investigaciones para esclarecer las causas de la muerte de las tortugas y, a partir de ello, fortalecer las acciones de vigilancia y protecci\u00f3n.<\/p>\n<p>La muerte de estas tortugas subraya la vulnerabilidad de las especies marinas y la necesidad de un esfuerzo coordinado entre autoridades, organizaciones civiles y la ciudadan\u00eda para garantizar su supervivencia, por lo que se espera que estas acciones emprendidas por el gobierno local sirvan como un llamado de atenci\u00f3n para intensificar la protecci\u00f3n de las tortugas marinas y promover una cultura de respeto hacia el medio ambiente.<\/p>\n","protected":false},"excerpt":{"rendered":"<p>La aparici\u00f3n de tres tortugas marinas muertas en las costas ha encendido las alarmas entre ambientalistas y autoridades de los<\/p>\n","protected":false},"author":4,"featured_media":61629,"comment_status":"closed","ping_status":"closed","sticky":false,"template":"","format":"standard","meta":{"colormag_page_container_layout":"default_layout","colormag_page_sidebar_layout":"default_layout","_jetpack_memberships_contains_paid_content":false,"footnotes":"","jetpack_publicize_message":"","jetpack_publicize_feature_enabled":true,"jetpack_social_post_already_shared":false,"jetpack_social_options":{"image_generator_settings":{"template":"highway","default_image_id":0,"font":"","enabled":false},"version":2}},"categories":[1082],"tags":[],"class_list":["post-61628","post","type-post","status-publish","format-standard","has-post-thumbnail","hentry","category-tuxpan"],"jetpack_publicize_connections":[],"jetpack_featured_media_url":"https:\/\/i0.wp.com\/politicosaldesnudo.com.mx\/wp-content\/uploads\/2025\/04\/5a2.jpg?fit=1600%2C869&ssl=1","jetpack-related-posts":[],"jetpack_sharing_enabled":true,"_links":{"self":[{"href":"https:\/\/politicosaldesnudo.com.mx\/index.php\/wp-json\/wp\/v2\/posts\/61628","targetHints":{"allow":["GET"]}}],"collection":[{"href":"https:\/\/politicosaldesnudo.com.mx\/index.php\/wp-json\/wp\/v2\/posts"}],"about":[{"href":"https:\/\/politicosaldesnudo.com.mx\/index.php\/wp-json\/wp\/v2\/types\/post"}],"author":[{"embeddable":true,"href":"https:\/\/politicosaldesnudo.com.mx\/index.php\/wp-json\/wp\/v2\/users\/4"}],"replies":[{"embeddable":true,"href":"https:\/\/politicosaldesnudo.com.mx\/index.php\/wp-json\/wp\/v2\/comments?post=61628"}],"version-history":[{"count":0,"href":"https:\/\/politicosaldesnudo.com.mx\/index.php\/wp-json\/wp\/v2\/posts\/61628\/revisions"}],"wp:featuredmedia":[{"embeddable":true,"href":"https:\/\/politicosaldesnudo.com.mx\/index.php\/wp-json\/wp\/v2\/media\/61629"}],"wp:attachment":[{"href":"https:\/\/politicosaldesnudo.com.mx\/index.php\/wp-json\/wp\/v2\/media?parent=61628"}],"wp:term":[{"taxonomy":"category","embeddable":true,"href":"https:\/\/politicosaldesnudo.com.mx\/index.php\/wp-json\/wp\/v2\/categories?post=61628"},{"taxonomy":"post_tag","embeddable":true,"href":"https:\/\/politicosaldesnudo.com.mx\/index.php\/wp-json\/wp\/v2\/tags?post=61628"}],"curies":[{"name":"wp","href":"https:\/\/api.w.org\/{rel}","templated":true}]}}