{"id":6163,"date":"2022-06-04T09:02:00","date_gmt":"2022-06-04T14:02:00","guid":{"rendered":"https:\/\/politicosaldesnudo.com.mx\/?p=6163"},"modified":"2022-06-04T10:47:05","modified_gmt":"2022-06-04T15:47:05","slug":"en-la-onu-mexico-revive-el-uso-del-veto-en-caso-de-atrocidades","status":"publish","type":"post","link":"https:\/\/politicosaldesnudo.com.mx\/index.php\/2022\/06\/04\/en-la-onu-mexico-revive-el-uso-del-veto-en-caso-de-atrocidades\/","title":{"rendered":"En la ONU, M\u00e9xico revive el uso del veto en caso de atrocidades"},"content":{"rendered":"<p>&nbsp;<\/p>\n<p class=\"p2\"><span style=\"font-size: 14pt;\"><em><strong>Nueva York.<\/strong> <\/em><strong>La facultad de vetar decisiones que tienen los cinco miembros permanentes del Consejo de Seguridad de las Naciones Unidas<\/strong> es un <strong>obst\u00e1culo para el objetivo primordial del espacio internacional de debate, que es mantener la paz<\/strong>, acus\u00f3 el Gobierno de M\u00e9xico.<\/span><\/p>\n<p class=\"p2\"><span style=\"font-size: 18pt;\"><strong>El representante permanente de M\u00e9xico ante la\u00a0Organizaci\u00f3n de las Naciones Unidas (ONU),\u00a0Juan Ram\u00f3n De la Fuente, anunci\u00f3 que de manera coordinada con Francia el pa\u00eds impulsa una iniciativa para que los miembros permanentes se comprometan voluntariamente a\u00a0abstenerse de recurrir al veto\u00a0frente a hechos de atrocidades masivas.<\/strong><\/span><\/p>\n<p>&nbsp;<\/p>\n<p><img data-recalc-dims=\"1\" loading=\"lazy\" decoding=\"async\" class=\"aligncenter wp-image-6165 size-large\" src=\"https:\/\/i0.wp.com\/politicosaldesnudo.com.mx\/wp-content\/uploads\/2022\/06\/P-ONU2-1024x573.png?resize=800%2C448&#038;ssl=1\" alt=\"\" width=\"800\" height=\"448\" srcset=\"https:\/\/i0.wp.com\/politicosaldesnudo.com.mx\/wp-content\/uploads\/2022\/06\/P-ONU2.png?resize=1024%2C573&amp;ssl=1 1024w, https:\/\/i0.wp.com\/politicosaldesnudo.com.mx\/wp-content\/uploads\/2022\/06\/P-ONU2.png?resize=300%2C168&amp;ssl=1 300w, https:\/\/i0.wp.com\/politicosaldesnudo.com.mx\/wp-content\/uploads\/2022\/06\/P-ONU2.png?resize=768%2C430&amp;ssl=1 768w, https:\/\/i0.wp.com\/politicosaldesnudo.com.mx\/wp-content\/uploads\/2022\/06\/P-ONU2.png?resize=1536%2C859&amp;ssl=1 1536w, https:\/\/i0.wp.com\/politicosaldesnudo.com.mx\/wp-content\/uploads\/2022\/06\/P-ONU2.png?w=1816&amp;ssl=1 1816w, https:\/\/i0.wp.com\/politicosaldesnudo.com.mx\/wp-content\/uploads\/2022\/06\/P-ONU2.png?w=1600&amp;ssl=1 1600w\" sizes=\"auto, (max-width: 800px) 100vw, 800px\" \/><\/p>\n<p>&nbsp;<\/p>\n<p class=\"p2\"><span style=\"font-size: 18pt;\"><strong>China, Estados Unidos, Francia, Rusia y el Reino Unido son los miembros permanentes del Consejo de Seguridad del organismo multilateral y tiene facultad de ejercer el veto ante resolutivos adoptados por el pleno, conformado este 2022, adem\u00e1s, por Albania, M\u00e9xico, Brasil, Ghana, Noruega, Emiratos \u00c1rabes Unidos, Kenia, Irlanda, India y Gab\u00f3n.<\/strong><\/span><\/p>\n<blockquote>\n<p class=\"p2\"><span style=\"font-size: 14pt;\">Esta iniciativa cuenta ya con 105 estados signatarios, la coyuntura global en la que<\/span><span style=\"font-size: 14pt;\">estamos inmersos hace patente su relevancia e invitamos nuevamente a quienes no lo han hecho a alzar la voz y sumarse a esta iniciativa que tiene una \u00fanica premisa:\u00a0Jam\u00e1s ser\u00e1 admisible ni justificable la comisi\u00f3n de atrocidades, sin importar por qui\u00e9n sean cometidas, contra qui\u00e9n sean cometidas ni el objetivo que persigan\u201d, declar\u00f3 el diplom\u00e1tico.<\/span><\/p>\n<\/blockquote>\n<p>&nbsp;<\/p>\n<p class=\"p2\"><span style=\"font-size: 18pt;\"><strong>\u00abDe nosotros depende que las violaciones a la ley no queden impunes; dicho de otra manera, de nosotros depende la realizaci\u00f3n del proyecto del paz en el que nos embarcamos hace 76 a\u00f1os y por el que todos los d\u00edas trabajamos\u201d, dijo en referencia a la fundaci\u00f3n de la ONU, tras el fin de la Segunda Guerra Mundial.<\/strong><\/span><\/p>\n<p>&nbsp;<\/p>\n<figure id=\"attachment_6171\" aria-describedby=\"caption-attachment-6171\" style=\"width: 800px\" class=\"wp-caption aligncenter\"><img data-recalc-dims=\"1\" loading=\"lazy\" decoding=\"async\" class=\"wp-image-6171 size-large\" src=\"https:\/\/i0.wp.com\/politicosaldesnudo.com.mx\/wp-content\/uploads\/2022\/06\/16536258340935-1024x576.jpeg?resize=800%2C450&#038;ssl=1\" alt=\"\" width=\"800\" height=\"450\" srcset=\"https:\/\/i0.wp.com\/politicosaldesnudo.com.mx\/wp-content\/uploads\/2022\/06\/16536258340935.jpeg?resize=1024%2C576&amp;ssl=1 1024w, https:\/\/i0.wp.com\/politicosaldesnudo.com.mx\/wp-content\/uploads\/2022\/06\/16536258340935.jpeg?resize=300%2C169&amp;ssl=1 300w, https:\/\/i0.wp.com\/politicosaldesnudo.com.mx\/wp-content\/uploads\/2022\/06\/16536258340935.jpeg?resize=768%2C432&amp;ssl=1 768w, https:\/\/i0.wp.com\/politicosaldesnudo.com.mx\/wp-content\/uploads\/2022\/06\/16536258340935.jpeg?resize=1536%2C864&amp;ssl=1 1536w, https:\/\/i0.wp.com\/politicosaldesnudo.com.mx\/wp-content\/uploads\/2022\/06\/16536258340935.jpeg?w=1980&amp;ssl=1 1980w, https:\/\/i0.wp.com\/politicosaldesnudo.com.mx\/wp-content\/uploads\/2022\/06\/16536258340935.jpeg?w=1600&amp;ssl=1 1600w\" sizes=\"auto, (max-width: 800px) 100vw, 800px\" \/><figcaption id=\"caption-attachment-6171\" class=\"wp-caption-text\">\u00a0<\/figcaption><\/figure>\n<p>&nbsp;<\/p>\n<p class=\"p2\"><span style=\"font-size: 18pt;\"><strong>Adem\u00e1s, el representante ante la ONU del Gobierno de Andr\u00e9s Manuel L\u00f3pez Obrador asever\u00f3 que el organismo internacional, y principalmente su Consejo de Seguridad, debe tener como principal objetivo el respeto a los criterios legales consagrados por la Corte Internacional de Justicia para evitar violaciones a la ley y la vulneraci\u00f3n del sistema mundial.<\/strong><\/span><\/p>\n<blockquote>\n<p class=\"p2\"><span style=\"font-size: 14pt;\">Esto significa que las decisiones del Consejo, todas, est\u00e9n fundadas en el derecho internacional, pues de ello depende su legitimidad\u201d, apunt\u00f3.<\/span><\/p>\n<p class=\"p2\"><span style=\"font-size: 14pt;\">Lamentablemente, son muchas y muy frecuentes las violaciones graves al derecho internacional. Es tambi\u00e9n innegable que debemos robustecer los mecanismos tanto nacionales como regionales e internacionales de rendici\u00f3n de cuentas\u201d, agreg\u00f3 y llam\u00f3 a respetar la Carta de las Naciones.<\/span><\/p>\n<\/blockquote>\n","protected":false},"excerpt":{"rendered":"<p>&nbsp; Nueva York. La facultad de vetar decisiones que tienen los cinco miembros permanentes del Consejo de Seguridad de las<\/p>\n","protected":false},"author":4,"featured_media":6164,"comment_status":"closed","ping_status":"closed","sticky":false,"template":"","format":"standard","meta":{"colormag_page_container_layout":"default_layout","colormag_page_sidebar_layout":"default_layout","_jetpack_memberships_contains_paid_content":false,"footnotes":"","jetpack_publicize_message":"","jetpack_publicize_feature_enabled":true,"jetpack_social_post_already_shared":true,"jetpack_social_options":{"image_generator_settings":{"template":"highway","default_image_id":0,"font":"","enabled":false},"version":2}},"categories":[28],"tags":[907,657,42,57,908],"class_list":["post-6163","post","type-post","status-publish","format-standard","has-post-thumbnail","hentry","category-internacional","tag-consejo-de-seguridad","tag-juan-ramon-de-la-fuente","tag-mexico","tag-onu","tag-veto"],"jetpack_publicize_connections":[],"jetpack_featured_media_url":"https:\/\/i0.wp.com\/politicosaldesnudo.com.mx\/wp-content\/uploads\/2022\/06\/P-ONU1.png?fit=1816%2C1016&ssl=1","jetpack-related-posts":[],"jetpack_sharing_enabled":true,"_links":{"self":[{"href":"https:\/\/politicosaldesnudo.com.mx\/index.php\/wp-json\/wp\/v2\/posts\/6163","targetHints":{"allow":["GET"]}}],"collection":[{"href":"https:\/\/politicosaldesnudo.com.mx\/index.php\/wp-json\/wp\/v2\/posts"}],"about":[{"href":"https:\/\/politicosaldesnudo.com.mx\/index.php\/wp-json\/wp\/v2\/types\/post"}],"author":[{"embeddable":true,"href":"https:\/\/politicosaldesnudo.com.mx\/index.php\/wp-json\/wp\/v2\/users\/4"}],"replies":[{"embeddable":true,"href":"https:\/\/politicosaldesnudo.com.mx\/index.php\/wp-json\/wp\/v2\/comments?post=6163"}],"version-history":[{"count":0,"href":"https:\/\/politicosaldesnudo.com.mx\/index.php\/wp-json\/wp\/v2\/posts\/6163\/revisions"}],"wp:featuredmedia":[{"embeddable":true,"href":"https:\/\/politicosaldesnudo.com.mx\/index.php\/wp-json\/wp\/v2\/media\/6164"}],"wp:attachment":[{"href":"https:\/\/politicosaldesnudo.com.mx\/index.php\/wp-json\/wp\/v2\/media?parent=6163"}],"wp:term":[{"taxonomy":"category","embeddable":true,"href":"https:\/\/politicosaldesnudo.com.mx\/index.php\/wp-json\/wp\/v2\/categories?post=6163"},{"taxonomy":"post_tag","embeddable":true,"href":"https:\/\/politicosaldesnudo.com.mx\/index.php\/wp-json\/wp\/v2\/tags?post=6163"}],"curies":[{"name":"wp","href":"https:\/\/api.w.org\/{rel}","templated":true}]}}