{"id":61631,"date":"2025-04-25T00:03:42","date_gmt":"2025-04-25T06:03:42","guid":{"rendered":"https:\/\/politicosaldesnudo.com.mx\/?p=61631"},"modified":"2025-04-24T20:37:20","modified_gmt":"2025-04-25T02:37:20","slug":"tuxpan-recibe-mayor-apoyo-en-seguridad","status":"publish","type":"post","link":"https:\/\/politicosaldesnudo.com.mx\/index.php\/2025\/04\/25\/tuxpan-recibe-mayor-apoyo-en-seguridad\/","title":{"rendered":"Tuxpan recibe mayor apoyo en Seguridad"},"content":{"rendered":"<p>Por parte del Estado y la Federaci\u00f3n se ha reforzado la Seguridad en este Municipio, lo que genera un clima de confianza para llevar a cabo diversas acciones como la realizaci\u00f3n del tan esperado Carnaval Tuxpan 2025, el cual contar\u00e1 con un dispositivo especial de manera conjunta, inform\u00f3 el Presidente Municipal Jes\u00fas Fomperoza.<\/p>\n<p>Agreg\u00f3 que, en el caso del municipio, la polic\u00eda es preventiva y coadyuva en los operativos que marca el estado y las fuerzas federales, como la polic\u00eda Estatal, Marina y el Ej\u00e9rcito, quienes mantienen su estrategia de trabajo muy marcada.<\/p>\n<p>\u00abEstamos colaborando con los trabajos que realiza el estado y la federaci\u00f3n, por lo que esperamos que todo salga bien, y para el Carnaval contamos con el apoyo conjunto de estas autoridades, y de hecho vino el estado ahorita en semana santa, trajeron m\u00e1s elementos y equipo, coordinados por Protecci\u00f3n Civil, y trabajamos muy de la mano con ellos\u00bb, agreg\u00f3.<\/p>\n<p>El mun\u00edcipe agreg\u00f3 que siguen con la certificaci\u00f3n de la Polic\u00eda y aprovech\u00f3 para informar que, en 2024, los elementos de Tuxpan obtuvieron primeros lugares durante su certificaci\u00f3n, lo que da mayor confianza para la seguridad de los ciudadanos y el compromiso de los uniformados.<\/p>\n<p>Aprovech\u00f3 los festejos del polic\u00eda veracruzano, para destacar la labor de los uniformados tuxpe\u00f1os y 3l compromiso que tienen con la poblaci\u00f3n.<\/p>\n","protected":false},"excerpt":{"rendered":"<p>Por parte del Estado y la Federaci\u00f3n se ha reforzado la Seguridad en este Municipio, lo que genera un clima<\/p>\n","protected":false},"author":4,"featured_media":61632,"comment_status":"closed","ping_status":"closed","sticky":false,"template":"","format":"standard","meta":{"colormag_page_container_layout":"default_layout","colormag_page_sidebar_layout":"default_layout","_jetpack_memberships_contains_paid_content":false,"footnotes":"","jetpack_publicize_message":"","jetpack_publicize_feature_enabled":true,"jetpack_social_post_already_shared":false,"jetpack_social_options":{"image_generator_settings":{"template":"highway","default_image_id":0,"font":"","enabled":false},"version":2}},"categories":[1082],"tags":[],"class_list":["post-61631","post","type-post","status-publish","format-standard","has-post-thumbnail","hentry","category-tuxpan"],"jetpack_publicize_connections":[],"jetpack_featured_media_url":"https:\/\/i0.wp.com\/politicosaldesnudo.com.mx\/wp-content\/uploads\/2025\/04\/5b-5.jpg?fit=1040%2C472&ssl=1","jetpack-related-posts":[],"jetpack_sharing_enabled":true,"_links":{"self":[{"href":"https:\/\/politicosaldesnudo.com.mx\/index.php\/wp-json\/wp\/v2\/posts\/61631","targetHints":{"allow":["GET"]}}],"collection":[{"href":"https:\/\/politicosaldesnudo.com.mx\/index.php\/wp-json\/wp\/v2\/posts"}],"about":[{"href":"https:\/\/politicosaldesnudo.com.mx\/index.php\/wp-json\/wp\/v2\/types\/post"}],"author":[{"embeddable":true,"href":"https:\/\/politicosaldesnudo.com.mx\/index.php\/wp-json\/wp\/v2\/users\/4"}],"replies":[{"embeddable":true,"href":"https:\/\/politicosaldesnudo.com.mx\/index.php\/wp-json\/wp\/v2\/comments?post=61631"}],"version-history":[{"count":0,"href":"https:\/\/politicosaldesnudo.com.mx\/index.php\/wp-json\/wp\/v2\/posts\/61631\/revisions"}],"wp:featuredmedia":[{"embeddable":true,"href":"https:\/\/politicosaldesnudo.com.mx\/index.php\/wp-json\/wp\/v2\/media\/61632"}],"wp:attachment":[{"href":"https:\/\/politicosaldesnudo.com.mx\/index.php\/wp-json\/wp\/v2\/media?parent=61631"}],"wp:term":[{"taxonomy":"category","embeddable":true,"href":"https:\/\/politicosaldesnudo.com.mx\/index.php\/wp-json\/wp\/v2\/categories?post=61631"},{"taxonomy":"post_tag","embeddable":true,"href":"https:\/\/politicosaldesnudo.com.mx\/index.php\/wp-json\/wp\/v2\/tags?post=61631"}],"curies":[{"name":"wp","href":"https:\/\/api.w.org\/{rel}","templated":true}]}}