{"id":61634,"date":"2025-04-25T00:04:43","date_gmt":"2025-04-25T06:04:43","guid":{"rendered":"https:\/\/politicosaldesnudo.com.mx\/?p=61634"},"modified":"2025-04-24T20:38:20","modified_gmt":"2025-04-25T02:38:20","slug":"se-espera-turismo-local-el-fin-de-semana","status":"publish","type":"post","link":"https:\/\/politicosaldesnudo.com.mx\/index.php\/2025\/04\/25\/se-espera-turismo-local-el-fin-de-semana\/","title":{"rendered":"Se espera turismo local el fin de semana"},"content":{"rendered":"<p>Con un pron\u00f3stico del tiempo favorable y marcando el cierre del periodo vacacional, las autoridades locales anticipan una significativa afluencia de turistas regionales y locales al pintoresco puerto, por lo que esperan que las \u00e1reas de playa y la variada oferta gastron\u00f3mica sean los principales atractivos para los visitantes, que buscan disfrutar de los \u00faltimos d\u00edas de descanso.<\/p>\n<p>La directora de Turismo Valeria Loya indic\u00f3 que fue un periodo vacacional de mucha afluencia y excelente derrama econ\u00f3mica para este municipio y aunque en esta semana baj\u00f3 la llegada de visitantes, se espera que el \u00faltimo fin de semana a\u00fan haya movimiento.<\/p>\n<p>La expectativa es alta entre los prestadores de servicios tur\u00edsticos, quienes se preparan para recibir a las familias y grupos de amigos que buscan un respiro antes de retomar sus actividades cotidianas, desde temprano se prev\u00e9 un aumento en la ocupaci\u00f3n hotelera y un ambiente festivo en los principales puntos de inter\u00e9s del municipio.<\/p>\n<p>\u00abEstamos optimistas con el pron\u00f3stico del clima y sabemos que muchos aprovechan este \u00faltimo fin de semana para disfrutar del mar y de la excelente comida que ofrecemos aqu\u00ed, hemos estado trabajando para ofrecer la mejor experiencia a nuestros visitantes y esperamos un cierre de vacaciones exitoso\u00bb, coment\u00f3 un empresario restaurantero.<\/p>\n<p>Las autoridades municipales han reforzado las medidas de seguridad y los servicios de atenci\u00f3n al turista para garantizar una estancia placentera y segura para todos, recomiendan a los visitantes tomar precauciones, respetar las indicaciones de las autoridades y disfrutar responsablemente de los atractivos que Tuxpan tiene para ofrecer.<\/p>\n","protected":false},"excerpt":{"rendered":"<p>Con un pron\u00f3stico del tiempo favorable y marcando el cierre del periodo vacacional, las autoridades locales anticipan una significativa afluencia<\/p>\n","protected":false},"author":4,"featured_media":61635,"comment_status":"closed","ping_status":"closed","sticky":false,"template":"","format":"standard","meta":{"colormag_page_container_layout":"default_layout","colormag_page_sidebar_layout":"default_layout","_jetpack_memberships_contains_paid_content":false,"footnotes":"","jetpack_publicize_message":"","jetpack_publicize_feature_enabled":true,"jetpack_social_post_already_shared":false,"jetpack_social_options":{"image_generator_settings":{"template":"highway","default_image_id":0,"font":"","enabled":false},"version":2}},"categories":[1082],"tags":[],"class_list":["post-61634","post","type-post","status-publish","format-standard","has-post-thumbnail","hentry","category-tuxpan"],"jetpack_publicize_connections":[],"jetpack_featured_media_url":"https:\/\/i0.wp.com\/politicosaldesnudo.com.mx\/wp-content\/uploads\/2025\/04\/6a-1.jpg?fit=1600%2C726&ssl=1","jetpack-related-posts":[],"jetpack_sharing_enabled":true,"_links":{"self":[{"href":"https:\/\/politicosaldesnudo.com.mx\/index.php\/wp-json\/wp\/v2\/posts\/61634","targetHints":{"allow":["GET"]}}],"collection":[{"href":"https:\/\/politicosaldesnudo.com.mx\/index.php\/wp-json\/wp\/v2\/posts"}],"about":[{"href":"https:\/\/politicosaldesnudo.com.mx\/index.php\/wp-json\/wp\/v2\/types\/post"}],"author":[{"embeddable":true,"href":"https:\/\/politicosaldesnudo.com.mx\/index.php\/wp-json\/wp\/v2\/users\/4"}],"replies":[{"embeddable":true,"href":"https:\/\/politicosaldesnudo.com.mx\/index.php\/wp-json\/wp\/v2\/comments?post=61634"}],"version-history":[{"count":0,"href":"https:\/\/politicosaldesnudo.com.mx\/index.php\/wp-json\/wp\/v2\/posts\/61634\/revisions"}],"wp:featuredmedia":[{"embeddable":true,"href":"https:\/\/politicosaldesnudo.com.mx\/index.php\/wp-json\/wp\/v2\/media\/61635"}],"wp:attachment":[{"href":"https:\/\/politicosaldesnudo.com.mx\/index.php\/wp-json\/wp\/v2\/media?parent=61634"}],"wp:term":[{"taxonomy":"category","embeddable":true,"href":"https:\/\/politicosaldesnudo.com.mx\/index.php\/wp-json\/wp\/v2\/categories?post=61634"},{"taxonomy":"post_tag","embeddable":true,"href":"https:\/\/politicosaldesnudo.com.mx\/index.php\/wp-json\/wp\/v2\/tags?post=61634"}],"curies":[{"name":"wp","href":"https:\/\/api.w.org\/{rel}","templated":true}]}}