{"id":61641,"date":"2025-04-25T00:06:53","date_gmt":"2025-04-25T06:06:53","guid":{"rendered":"https:\/\/politicosaldesnudo.com.mx\/?p=61641"},"modified":"2025-04-24T20:53:03","modified_gmt":"2025-04-25T02:53:03","slug":"presentara-sheinbaum-nueva-iniciativa-en-materia-de-competencia-economica","status":"publish","type":"post","link":"https:\/\/politicosaldesnudo.com.mx\/index.php\/2025\/04\/25\/presentara-sheinbaum-nueva-iniciativa-en-materia-de-competencia-economica\/","title":{"rendered":"Presentar\u00e1 Sheinbaum nueva iniciativa en materia de competencia econ\u00f3mica"},"content":{"rendered":"<p class=\"nota-justify\">Morena en la C\u00e1mara de Diputados anticip\u00f3 que se espera una nueva iniciativa de la presidenta Claudia Sheinbaum, en materia de competencia econ\u00f3mica, para regular las atribuciones que asumir\u00e1 la agencia antimonopolios que se defini\u00f3 en la reforma constitucional de noviembre, cuando se extingui\u00f3 tanto al Instituto Federal de Telecomunicaciones y como a la Comisi\u00f3n Federal de Competencia Econ\u00f3mica.<\/p>\n<p class=\"nota-justify\">La iniciativa \u201cser\u00e1 una se\u00f1al clara del compromiso por construir mercados m\u00e1s justos, eficientes y equitativos\u201d, dijo el vice coordinador de la bancada, Alfonso Ram\u00edrez Cu\u00e9llar.<\/p>\n<p class=\"nota-justify\">Se trata, expuso, de un avance hacia una econom\u00eda donde el inter\u00e9s p\u00fablico y la protecci\u00f3n de los consumidores orienten las pol\u00edticas econ\u00f3micas.<\/p>\n<p class=\"nota-justify\">Desde noviembre, sostuvo que la creaci\u00f3n de la agencia antimonopolios permitir\u00e1 \u201cmeter en cintura\u201d a las empresas que incurren en pr\u00e1cticas monop\u00f3licas.<\/p>\n<p class=\"nota-justify\">\u201cLa falta de competencia en los mercados impone sobrecostos equivalentes a 15.7 por ciento del gasto total de los hogares, pero impacta con mayor dureza a quienes menos tienen. El decil m\u00e1s pobre del pa\u00eds sufre una p\u00e9rdida relativa de ingresos cuatro veces mayor que el m\u00e1s rico, y en entidades como Chiapas, Guerrero y Oaxaca, la p\u00e9rdida de bienestar es 47 mayor que en la regi\u00f3n noroeste\u201d, detall\u00f3.<\/p>\n<p class=\"nota-justify\">Record\u00f3 que la legislaci\u00f3n permitir\u00e1 cumplir con lo previsto en la reforma al art\u00edculo 28 constitucional de noviembre, \u201cque otorga a la autoridad encargada de promover y vigilar la libre competencia y concurrencia la facultad exclusiva de establecer, imponer y supervisar el cumplimiento de la regulaci\u00f3n asim\u00e9trica, la cual est\u00e1 estrechamente relacionada con la preponderancia\u201d.<\/p>\n<p class=\"nota-justify\">Se busca, dijo, que la autoridad opere a trav\u00e9s de un organismo descentralizado con independencia t\u00e9cnica y operativa, para garantizar no solo eficiencia administrativa y solidez t\u00e9cnica, sino que tambi\u00e9n cumpla con los requisitos m\u00ednimos establecidos para dar cumplimiento al T-MEC.<\/p>\n<p class=\"nota-justify\">Record\u00f3 que el acuerdo comercial prev\u00e9 que en cada pa\u00eds exista una autoridad u organismo encargado de regular la regulaci\u00f3n asim\u00e9trica para los agentes econ\u00f3micos preponderantes, designados como \u00abproveedores importantes\u00bb, y define los requisitos para esa instancia, que debe gozar de independencia en sus decisiones y funcionamiento, para evitar ser juez y parte.<\/p>\n<p class=\"nota-justify\">\u201cUna autoridad verdaderamente independiente podr\u00e1 frenar pr\u00e1cticas como precios excesivos o restricciones injustas al acceso a servicios b\u00e1sicos. Hablamos de competencia no como un tecnicismo, sino como una herramienta para lograr precios justos, m\u00e1s opciones y un mercado que sirva a las familias mexicanas, no a intereses particulares\u201d.<\/p>\n<p class=\"nota-justify\">Plante\u00f3 que el pa\u00eds \u201cno puede permitir que unos cuantos dominen los mercados, mientras millones enfrentan precios injustos y barreras de acceso\u201d.<\/p>\n","protected":false},"excerpt":{"rendered":"<p>Morena en la C\u00e1mara de Diputados anticip\u00f3 que se espera una nueva iniciativa de la presidenta Claudia Sheinbaum, en materia<\/p>\n","protected":false},"author":4,"featured_media":61642,"comment_status":"closed","ping_status":"closed","sticky":false,"template":"","format":"standard","meta":{"colormag_page_container_layout":"default_layout","colormag_page_sidebar_layout":"default_layout","_jetpack_memberships_contains_paid_content":false,"footnotes":"","jetpack_publicize_message":"","jetpack_publicize_feature_enabled":true,"jetpack_social_post_already_shared":false,"jetpack_social_options":{"image_generator_settings":{"template":"highway","default_image_id":0,"font":"","enabled":false},"version":2}},"categories":[33],"tags":[],"class_list":["post-61641","post","type-post","status-publish","format-standard","has-post-thumbnail","hentry","category-nacional"],"jetpack_publicize_connections":[],"jetpack_featured_media_url":"https:\/\/i0.wp.com\/politicosaldesnudo.com.mx\/wp-content\/uploads\/2025\/04\/PE.jpg?fit=716%2C455&ssl=1","jetpack-related-posts":[],"jetpack_sharing_enabled":true,"_links":{"self":[{"href":"https:\/\/politicosaldesnudo.com.mx\/index.php\/wp-json\/wp\/v2\/posts\/61641","targetHints":{"allow":["GET"]}}],"collection":[{"href":"https:\/\/politicosaldesnudo.com.mx\/index.php\/wp-json\/wp\/v2\/posts"}],"about":[{"href":"https:\/\/politicosaldesnudo.com.mx\/index.php\/wp-json\/wp\/v2\/types\/post"}],"author":[{"embeddable":true,"href":"https:\/\/politicosaldesnudo.com.mx\/index.php\/wp-json\/wp\/v2\/users\/4"}],"replies":[{"embeddable":true,"href":"https:\/\/politicosaldesnudo.com.mx\/index.php\/wp-json\/wp\/v2\/comments?post=61641"}],"version-history":[{"count":0,"href":"https:\/\/politicosaldesnudo.com.mx\/index.php\/wp-json\/wp\/v2\/posts\/61641\/revisions"}],"wp:featuredmedia":[{"embeddable":true,"href":"https:\/\/politicosaldesnudo.com.mx\/index.php\/wp-json\/wp\/v2\/media\/61642"}],"wp:attachment":[{"href":"https:\/\/politicosaldesnudo.com.mx\/index.php\/wp-json\/wp\/v2\/media?parent=61641"}],"wp:term":[{"taxonomy":"category","embeddable":true,"href":"https:\/\/politicosaldesnudo.com.mx\/index.php\/wp-json\/wp\/v2\/categories?post=61641"},{"taxonomy":"post_tag","embeddable":true,"href":"https:\/\/politicosaldesnudo.com.mx\/index.php\/wp-json\/wp\/v2\/tags?post=61641"}],"curies":[{"name":"wp","href":"https:\/\/api.w.org\/{rel}","templated":true}]}}