{"id":61647,"date":"2025-04-25T00:08:15","date_gmt":"2025-04-25T06:08:15","guid":{"rendered":"https:\/\/politicosaldesnudo.com.mx\/?p=61647"},"modified":"2025-04-24T20:56:26","modified_gmt":"2025-04-25T02:56:26","slug":"compete-al-tepjf-anulacion-de-candidaturas-por-presuntos-vinculos-criminales-ine","status":"publish","type":"post","link":"https:\/\/politicosaldesnudo.com.mx\/index.php\/2025\/04\/25\/compete-al-tepjf-anulacion-de-candidaturas-por-presuntos-vinculos-criminales-ine\/","title":{"rendered":"Compete al TEPJF anulaci\u00f3n de candidaturas por presuntos v\u00ednculos criminales: INE"},"content":{"rendered":"<p class=\"nota-justify\">La anulaci\u00f3n de candidaturas o de triunfos es facultad de la Sala Superior del Tribunal Electoral del Poder Judicial de la Federaci\u00f3n (TEPJF), cuando se compruebe, en tal caso, que la persona postulada tiene v\u00ednculos con actividades criminales, dijeron consejeros del Instituto Nacional Electoral (INE).<\/p>\n<p class=\"nota-justify\">Lo anterior, no solo porque las listas de candidatos de la contienda en curso ya fueron enviadas a la imprenta, sino porque la reforma del Poder Judicial dej\u00f3 al Instituto fuera de la revisi\u00f3n de los expedientes de los aspirantes y ahora, tras la elecci\u00f3n, solo verificar\u00e1 los requisitos de elegibilidad, no los de idoneidad.<\/p>\n<p class=\"nota-justify\">\u201cA quien correspond\u00eda hacer el an\u00e1lisis de la idoneidad era a los comit\u00e9s de evaluaci\u00f3n y, por tanto, a los Poderes (de la Uni\u00f3n) que postularon las candidaturas porque nosotros no hicimos ning\u00fan registro. Ahora, frente a alguna impugnaci\u00f3n, toca al TEPJF resolver con base en los elementos aportados y no solo meros dichos\u201d, dijo el consejero Mart\u00edn Faz.<\/p>\n<p class=\"nota-justify\">Subray\u00f3 que \u201cla \u00faltima palabra siempre es del Tribunal y lo que hoy vamos a discutir (en consejo general del INE) no es en el sentido que se\u00f1ala el Presidente del Senado, porque ah\u00ed se est\u00e1 hablando de presuntos nexos con crimen organizado; ac\u00e1, de la 8 de 8, relacionada con violencia de g\u00e9nero, deudores alimentarios, es decir, es otro concepto\u201d.<\/p>\n<p class=\"nota-justify\">Se\u00f1al\u00f3 que la persona que impugna debe documentar sus dichos porque con se\u00f1alamientos gen\u00e9ricos dif\u00edcilmente alguna autoridad, en este caso el TEPJF o el INE, no proceder\u00eda.<\/p>\n<p class=\"nota-justify\">Record\u00f3 que recientemente el consejo general del INE analiz\u00f3 la elegibilidad del ex gobernador de Tamaulipas, Garc\u00eda Cabeza de Vaca, y para ello se pidieron resoluciones de autoridades competentes, lo contrario a ello son solo se\u00f1alamientos.<\/p>\n<p class=\"nota-justify\">Lo que est\u00e1 claro, agreg\u00f3 el consejero Faz, es que al INE no toc\u00f3 el an\u00e1lisis de la idoneidad de aspirantes; solo recibi\u00f3, por parte del Senado de la Rep\u00fablica, la lista de candidatos para revisarla y mandar imprimir boletas.<\/p>\n<p class=\"nota-justify\">En tanto, la consejera Claudia Zavala puntualiz\u00f3 que el tramo de responsabilidad del INE es la declaraci\u00f3n de validez de las elecciones, en la sesi\u00f3n del 15 de junio pr\u00f3ximo, de ah\u00ed que las acusaciones hacia algunos candidatos, sobre presuntos nexos con narcotr\u00e1fico, lo resuelve el TEPJF.<\/p>\n<p class=\"nota-justify\">\u201cLo otro, la idoneidad de los candidatos no se hizo, pero si alguien lo quiere cuestionar pues podr\u00e1 ir a trav\u00e9s de los medios de impugnaci\u00f3n a presentar pruebas y porque se considera o no que es id\u00f3neo para ocupar un cargo. Nosotros estamos nada m\u00e1s en el tramo de responsabilidad , de los requisitos de elegibiidad para ocupar el cargo\u201d.<\/p>\n<p class=\"nota-justify\">Zavala coincidi\u00f3 en que la tarea era de los comit\u00e9s de evaluaci\u00f3n\u201d, de ah\u00ed que toda la experiencia de esta elecci\u00f3n se debe retomar a fin de que para pr\u00f3ximos episodios sea el INE el que revise la situaci\u00f3n de los aspirantes.<\/p>\n<p class=\"nota-justify\">Por ahora, indic\u00f3, las boletas ya se mandaron imprimir, o sea la cancelaci\u00f3n de candidaturas no es una facultad del INE para esta elecci\u00f3n; la \u00fanica instancia que pudo haber hecho sustituciones es el Senado.<\/p>\n<p class=\"nota-justify\">\u201cY la siguiente etapa es, si hay algo, pues hay que promover los medios de impugnaci\u00f3n\u201d.<\/p>\n<p class=\"nota-justify\">En cuanto a la declaraci\u00f3n del presidente del Senado de hacer una depuraci\u00f3n, de aquellos que tengan nexos con criminales, Carla Humprhey se\u00f1al\u00f3 que son dos temas: la revisi\u00f3n de personas sentenciadas por la 8 de 8 no pueden ser candidatos o jueces, en este caso, y por otro las impugnaciones que se presenten.<\/p>\n<p class=\"nota-justify\">\u201cPara m\u00ed la ruta es la que hemos seguido con la 8 de 8, y la ruta que est\u00e1 planteada es que si nosotros encontramos esos hallazgos, tenemos lo documentos necesarios para garantizar que alguna candidatura no cumple con los requisitos de elegibilidad se vendr\u00e1 aqu\u00ed con un proyecto de resoluci\u00f3n para retirar candidaturas a quienes est\u00e9n en esos supuestos&#8230;El INE s\u00ed podr\u00eda quitar candidaturas, por supuesto que s\u00ed, si alguien no cumple con los requisitos de elegibilidad no puede ser candidato y por tanto no puede ocupar un cargo de elecci\u00f3n popular como son ahora los cargos del Poder Judicial\u201d.<\/p>\n","protected":false},"excerpt":{"rendered":"<p>La anulaci\u00f3n de candidaturas o de triunfos es facultad de la Sala Superior del Tribunal Electoral del Poder Judicial de<\/p>\n","protected":false},"author":4,"featured_media":61648,"comment_status":"closed","ping_status":"closed","sticky":false,"template":"","format":"standard","meta":{"colormag_page_container_layout":"default_layout","colormag_page_sidebar_layout":"default_layout","_jetpack_memberships_contains_paid_content":false,"footnotes":"","jetpack_publicize_message":"","jetpack_publicize_feature_enabled":true,"jetpack_social_post_already_shared":false,"jetpack_social_options":{"image_generator_settings":{"template":"highway","default_image_id":0,"font":"","enabled":false},"version":2}},"categories":[33],"tags":[],"class_list":["post-61647","post","type-post","status-publish","format-standard","has-post-thumbnail","hentry","category-nacional"],"jetpack_publicize_connections":[],"jetpack_featured_media_url":"https:\/\/i0.wp.com\/politicosaldesnudo.com.mx\/wp-content\/uploads\/2025\/04\/INEEEE.jpg?fit=738%2C467&ssl=1","jetpack-related-posts":[],"jetpack_sharing_enabled":true,"_links":{"self":[{"href":"https:\/\/politicosaldesnudo.com.mx\/index.php\/wp-json\/wp\/v2\/posts\/61647","targetHints":{"allow":["GET"]}}],"collection":[{"href":"https:\/\/politicosaldesnudo.com.mx\/index.php\/wp-json\/wp\/v2\/posts"}],"about":[{"href":"https:\/\/politicosaldesnudo.com.mx\/index.php\/wp-json\/wp\/v2\/types\/post"}],"author":[{"embeddable":true,"href":"https:\/\/politicosaldesnudo.com.mx\/index.php\/wp-json\/wp\/v2\/users\/4"}],"replies":[{"embeddable":true,"href":"https:\/\/politicosaldesnudo.com.mx\/index.php\/wp-json\/wp\/v2\/comments?post=61647"}],"version-history":[{"count":0,"href":"https:\/\/politicosaldesnudo.com.mx\/index.php\/wp-json\/wp\/v2\/posts\/61647\/revisions"}],"wp:featuredmedia":[{"embeddable":true,"href":"https:\/\/politicosaldesnudo.com.mx\/index.php\/wp-json\/wp\/v2\/media\/61648"}],"wp:attachment":[{"href":"https:\/\/politicosaldesnudo.com.mx\/index.php\/wp-json\/wp\/v2\/media?parent=61647"}],"wp:term":[{"taxonomy":"category","embeddable":true,"href":"https:\/\/politicosaldesnudo.com.mx\/index.php\/wp-json\/wp\/v2\/categories?post=61647"},{"taxonomy":"post_tag","embeddable":true,"href":"https:\/\/politicosaldesnudo.com.mx\/index.php\/wp-json\/wp\/v2\/tags?post=61647"}],"curies":[{"name":"wp","href":"https:\/\/api.w.org\/{rel}","templated":true}]}}