{"id":61659,"date":"2025-04-25T00:12:19","date_gmt":"2025-04-25T06:12:19","guid":{"rendered":"https:\/\/politicosaldesnudo.com.mx\/?p=61659"},"modified":"2025-04-24T21:04:23","modified_gmt":"2025-04-25T03:04:23","slug":"alemania-rebaja-a-0-su-prevision-de-crecimiento-para-2025-por-aranceles","status":"publish","type":"post","link":"https:\/\/politicosaldesnudo.com.mx\/index.php\/2025\/04\/25\/alemania-rebaja-a-0-su-prevision-de-crecimiento-para-2025-por-aranceles\/","title":{"rendered":"Alemania rebaja a 0% su previsi\u00f3n de crecimiento para 2025 por aranceles"},"content":{"rendered":"<p>El gobierno de Alemania rebaj\u00f3 este jueves a cero por ciento su previsi\u00f3n de crecimiento del Producto Interno Bruto (PIB) para 2025, a causa de la guerra comercial lanzada por el presidente de Estados Unidos, Donald Trump.<\/p>\n<p>\u201cLa pol\u00edtica comercial estadounidense de amenazar e imponer aranceles tiene un impacto directo en la econom\u00eda alemana, que est\u00e1 muy orientada a la exportaci\u00f3n\u201d, dijo el ministro de Econom\u00eda saliente, Robert Habeck.<\/p>\n<p>El gobierno alem\u00e1n preve\u00eda hasta ahora un ligero crecimiento de 0.3 por ciento para la principal econom\u00eda europea, en recesi\u00f3n en los \u00faltimos dos a\u00f1os.<\/p>\n<p>Tambi\u00e9n redujo su pron\u00f3stico de crecimiento para 2026 a uno por ciento frente a 1.1 por ciento anterior.<\/p>\n<p>Estados Unidos es el mayor socio comercial de Alemania y el a\u00f1o pasado compr\u00f3 alrededor de 10 por ciento de sus exportaciones, desde autom\u00f3viles hasta productos qu\u00edmicos.<\/p>\n<p>Tras haber anunciado inicialmente aranceles de 20 por ciento a los productos de la Uni\u00f3n Europea, la administraci\u00f3n Trump impone de momento una tarifa de diez por ciento.<\/p>\n<p>\u201cLos aranceles y las turbulencias de la pol\u00edtica comercial est\u00e1n afectando m\u00e1s a la econom\u00eda alemana que a otros pa\u00edses\u201d, dijo el ministro en una conferencia de prensa en Berl\u00edn.<\/p>\n<p>El PIB alem\u00e1n se contrajo 0.3 por ciento en 2023 y 0.2 por ciento en 2024, afectado por el aumento de los precios de la energ\u00eda tras la invasi\u00f3n rusa de Ucrania.<\/p>\n<p>Su econom\u00eda tambi\u00e9n se ha visto muy afectada por la competencia china cada vez m\u00e1s feroz en sectores clave para Alemania como el de los autom\u00f3viles y el de la maquinaria.<\/p>\n","protected":false},"excerpt":{"rendered":"<p>El gobierno de Alemania rebaj\u00f3 este jueves a cero por ciento su previsi\u00f3n de crecimiento del Producto Interno Bruto (PIB)<\/p>\n","protected":false},"author":4,"featured_media":61660,"comment_status":"closed","ping_status":"closed","sticky":false,"template":"","format":"standard","meta":{"colormag_page_container_layout":"default_layout","colormag_page_sidebar_layout":"default_layout","_jetpack_memberships_contains_paid_content":false,"footnotes":"","jetpack_publicize_message":"","jetpack_publicize_feature_enabled":true,"jetpack_social_post_already_shared":false,"jetpack_social_options":{"image_generator_settings":{"template":"highway","default_image_id":0,"font":"","enabled":false},"version":2}},"categories":[2050],"tags":[],"class_list":["post-61659","post","type-post","status-publish","format-standard","has-post-thumbnail","hentry","category-economia"],"jetpack_publicize_connections":[],"jetpack_featured_media_url":"https:\/\/i0.wp.com\/politicosaldesnudo.com.mx\/wp-content\/uploads\/2025\/04\/ALEM.jpg?fit=770%2C486&ssl=1","jetpack-related-posts":[],"jetpack_sharing_enabled":true,"_links":{"self":[{"href":"https:\/\/politicosaldesnudo.com.mx\/index.php\/wp-json\/wp\/v2\/posts\/61659","targetHints":{"allow":["GET"]}}],"collection":[{"href":"https:\/\/politicosaldesnudo.com.mx\/index.php\/wp-json\/wp\/v2\/posts"}],"about":[{"href":"https:\/\/politicosaldesnudo.com.mx\/index.php\/wp-json\/wp\/v2\/types\/post"}],"author":[{"embeddable":true,"href":"https:\/\/politicosaldesnudo.com.mx\/index.php\/wp-json\/wp\/v2\/users\/4"}],"replies":[{"embeddable":true,"href":"https:\/\/politicosaldesnudo.com.mx\/index.php\/wp-json\/wp\/v2\/comments?post=61659"}],"version-history":[{"count":0,"href":"https:\/\/politicosaldesnudo.com.mx\/index.php\/wp-json\/wp\/v2\/posts\/61659\/revisions"}],"wp:featuredmedia":[{"embeddable":true,"href":"https:\/\/politicosaldesnudo.com.mx\/index.php\/wp-json\/wp\/v2\/media\/61660"}],"wp:attachment":[{"href":"https:\/\/politicosaldesnudo.com.mx\/index.php\/wp-json\/wp\/v2\/media?parent=61659"}],"wp:term":[{"taxonomy":"category","embeddable":true,"href":"https:\/\/politicosaldesnudo.com.mx\/index.php\/wp-json\/wp\/v2\/categories?post=61659"},{"taxonomy":"post_tag","embeddable":true,"href":"https:\/\/politicosaldesnudo.com.mx\/index.php\/wp-json\/wp\/v2\/tags?post=61659"}],"curies":[{"name":"wp","href":"https:\/\/api.w.org\/{rel}","templated":true}]}}