{"id":61677,"date":"2025-04-25T00:18:39","date_gmt":"2025-04-25T06:18:39","guid":{"rendered":"https:\/\/politicosaldesnudo.com.mx\/?p=61677"},"modified":"2025-04-24T21:21:39","modified_gmt":"2025-04-25T03:21:39","slug":"brasil-ordenan-aprehension-del-ex-presidente-fernando-collor-de-mello","status":"publish","type":"post","link":"https:\/\/politicosaldesnudo.com.mx\/index.php\/2025\/04\/25\/brasil-ordenan-aprehension-del-ex-presidente-fernando-collor-de-mello\/","title":{"rendered":"Brasil: ordenan aprehensi\u00f3n del ex presidente Fernando Collor de Mello"},"content":{"rendered":"<p>Un juez de la corte suprema de Brasil orden\u00f3 este jueves encarcelar al expresidente Fernando Collor de Mello (1990-1992), condenado en 2023 a ocho a\u00f1os y diez meses de prisi\u00f3n por corrupci\u00f3n en una investigaci\u00f3n derivada de la megacausa\u00a0<i>Lava Jato<\/i>.<\/p>\n<p>El magistrado \u00abAlexandre de Moraes, del Supremo Tribunal Federal (STF), rechaz\u00f3 el segundo recurso de la defensa y determin\u00f3 la detenci\u00f3n inmediata del expresidente de la Rep\u00fablica y exsenador Fernando Collor de Mello\u00bb, indic\u00f3 la corte en un comunicado<\/p>\n","protected":false},"excerpt":{"rendered":"<p>Un juez de la corte suprema de Brasil orden\u00f3 este jueves encarcelar al expresidente Fernando Collor de Mello (1990-1992), condenado<\/p>\n","protected":false},"author":4,"featured_media":61678,"comment_status":"closed","ping_status":"closed","sticky":false,"template":"","format":"standard","meta":{"colormag_page_container_layout":"default_layout","colormag_page_sidebar_layout":"default_layout","_jetpack_memberships_contains_paid_content":false,"footnotes":"","jetpack_publicize_message":"","jetpack_publicize_feature_enabled":true,"jetpack_social_post_already_shared":false,"jetpack_social_options":{"image_generator_settings":{"template":"highway","default_image_id":0,"font":"","enabled":false},"version":2}},"categories":[28],"tags":[],"class_list":["post-61677","post","type-post","status-publish","format-standard","has-post-thumbnail","hentry","category-internacional"],"jetpack_publicize_connections":[],"jetpack_featured_media_url":"https:\/\/i0.wp.com\/politicosaldesnudo.com.mx\/wp-content\/uploads\/2025\/04\/BRAS.jpg?fit=475%2C322&ssl=1","jetpack-related-posts":[],"jetpack_sharing_enabled":true,"_links":{"self":[{"href":"https:\/\/politicosaldesnudo.com.mx\/index.php\/wp-json\/wp\/v2\/posts\/61677","targetHints":{"allow":["GET"]}}],"collection":[{"href":"https:\/\/politicosaldesnudo.com.mx\/index.php\/wp-json\/wp\/v2\/posts"}],"about":[{"href":"https:\/\/politicosaldesnudo.com.mx\/index.php\/wp-json\/wp\/v2\/types\/post"}],"author":[{"embeddable":true,"href":"https:\/\/politicosaldesnudo.com.mx\/index.php\/wp-json\/wp\/v2\/users\/4"}],"replies":[{"embeddable":true,"href":"https:\/\/politicosaldesnudo.com.mx\/index.php\/wp-json\/wp\/v2\/comments?post=61677"}],"version-history":[{"count":0,"href":"https:\/\/politicosaldesnudo.com.mx\/index.php\/wp-json\/wp\/v2\/posts\/61677\/revisions"}],"wp:featuredmedia":[{"embeddable":true,"href":"https:\/\/politicosaldesnudo.com.mx\/index.php\/wp-json\/wp\/v2\/media\/61678"}],"wp:attachment":[{"href":"https:\/\/politicosaldesnudo.com.mx\/index.php\/wp-json\/wp\/v2\/media?parent=61677"}],"wp:term":[{"taxonomy":"category","embeddable":true,"href":"https:\/\/politicosaldesnudo.com.mx\/index.php\/wp-json\/wp\/v2\/categories?post=61677"},{"taxonomy":"post_tag","embeddable":true,"href":"https:\/\/politicosaldesnudo.com.mx\/index.php\/wp-json\/wp\/v2\/tags?post=61677"}],"curies":[{"name":"wp","href":"https:\/\/api.w.org\/{rel}","templated":true}]}}