{"id":61683,"date":"2025-04-25T00:20:53","date_gmt":"2025-04-25T06:20:53","guid":{"rendered":"https:\/\/politicosaldesnudo.com.mx\/?p=61683"},"modified":"2025-04-24T21:25:03","modified_gmt":"2025-04-25T03:25:03","slug":"suspenden-por-el-momento-investigacion-a-petro-sobre-campana-presidencial","status":"publish","type":"post","link":"https:\/\/politicosaldesnudo.com.mx\/index.php\/2025\/04\/25\/suspenden-por-el-momento-investigacion-a-petro-sobre-campana-presidencial\/","title":{"rendered":"Suspenden por el momento investigaci\u00f3n a Petro sobre campa\u00f1a presidencial"},"content":{"rendered":"<p class=\"nota-justify\">La Corte Constitucional colombiana suspendi\u00f3 el jueves provisionalmente una investigaci\u00f3n contra el presidente Gustavo Petro por la presunta violaci\u00f3n de las reglas de financiaci\u00f3n de la campa\u00f1a electoral con la que result\u00f3 elegido en 2022.<\/p>\n<p class=\"nota-justify\">Se trata de una pesquisa abierta en octubre del a\u00f1o pasado por el Consejo Nacional Electoral (CNE) por supuestamente excederse en los gastos electorales en hasta 1,2 millones de d\u00f3lares.<\/p>\n<p class=\"nota-justify\">Petro present\u00f3 una tutela \u2014un mecanismo de amparo\u2014 para que se proteja su derecho al debido proceso por el fuero especial del que goza por ser presidente. El mandatario ha rechazado las acusaciones y la investigaci\u00f3n administrativa del CNE alegando que por su fuero s\u00f3lo puede ser investigado por el Congreso.<\/p>\n<p class=\"nota-justify\">La Corte Constitucional resolvi\u00f3 suspender la investigaci\u00f3n del CNE hasta que se adopte una decisi\u00f3n definitiva en el proceso de tutela.<\/p>\n<p class=\"nota-justify\">La pesquisa podr\u00eda generar sanciones administrativas pero no derivar en la destituci\u00f3n de Petro.<\/p>\n<p class=\"nota-justify\">Una comisi\u00f3n de la C\u00e1mara de Representantes lleva en paralelo investigaciones sobre presunta financiaci\u00f3n con fuentes prohibidas en la campa\u00f1a electoral de 2022.<\/p>\n","protected":false},"excerpt":{"rendered":"<p>La Corte Constitucional colombiana suspendi\u00f3 el jueves provisionalmente una investigaci\u00f3n contra el presidente Gustavo Petro por la presunta violaci\u00f3n de<\/p>\n","protected":false},"author":4,"featured_media":61684,"comment_status":"closed","ping_status":"closed","sticky":false,"template":"","format":"standard","meta":{"colormag_page_container_layout":"default_layout","colormag_page_sidebar_layout":"default_layout","_jetpack_memberships_contains_paid_content":false,"footnotes":"","jetpack_publicize_message":"","jetpack_publicize_feature_enabled":true,"jetpack_social_post_already_shared":false,"jetpack_social_options":{"image_generator_settings":{"template":"highway","default_image_id":0,"font":"","enabled":false},"version":2}},"categories":[28],"tags":[],"class_list":["post-61683","post","type-post","status-publish","format-standard","has-post-thumbnail","hentry","category-internacional"],"jetpack_publicize_connections":[],"jetpack_featured_media_url":"https:\/\/i0.wp.com\/politicosaldesnudo.com.mx\/wp-content\/uploads\/2025\/04\/PETRO.jpg?fit=742%2C499&ssl=1","jetpack-related-posts":[],"jetpack_sharing_enabled":true,"_links":{"self":[{"href":"https:\/\/politicosaldesnudo.com.mx\/index.php\/wp-json\/wp\/v2\/posts\/61683","targetHints":{"allow":["GET"]}}],"collection":[{"href":"https:\/\/politicosaldesnudo.com.mx\/index.php\/wp-json\/wp\/v2\/posts"}],"about":[{"href":"https:\/\/politicosaldesnudo.com.mx\/index.php\/wp-json\/wp\/v2\/types\/post"}],"author":[{"embeddable":true,"href":"https:\/\/politicosaldesnudo.com.mx\/index.php\/wp-json\/wp\/v2\/users\/4"}],"replies":[{"embeddable":true,"href":"https:\/\/politicosaldesnudo.com.mx\/index.php\/wp-json\/wp\/v2\/comments?post=61683"}],"version-history":[{"count":0,"href":"https:\/\/politicosaldesnudo.com.mx\/index.php\/wp-json\/wp\/v2\/posts\/61683\/revisions"}],"wp:featuredmedia":[{"embeddable":true,"href":"https:\/\/politicosaldesnudo.com.mx\/index.php\/wp-json\/wp\/v2\/media\/61684"}],"wp:attachment":[{"href":"https:\/\/politicosaldesnudo.com.mx\/index.php\/wp-json\/wp\/v2\/media?parent=61683"}],"wp:term":[{"taxonomy":"category","embeddable":true,"href":"https:\/\/politicosaldesnudo.com.mx\/index.php\/wp-json\/wp\/v2\/categories?post=61683"},{"taxonomy":"post_tag","embeddable":true,"href":"https:\/\/politicosaldesnudo.com.mx\/index.php\/wp-json\/wp\/v2\/tags?post=61683"}],"curies":[{"name":"wp","href":"https:\/\/api.w.org\/{rel}","templated":true}]}}