{"id":61753,"date":"2025-04-28T00:04:20","date_gmt":"2025-04-28T06:04:20","guid":{"rendered":"https:\/\/politicosaldesnudo.com.mx\/?p=61753"},"modified":"2025-04-27T22:33:57","modified_gmt":"2025-04-28T04:33:57","slug":"eligen-directiva-de-la-asociacion-de-canotaje","status":"publish","type":"post","link":"https:\/\/politicosaldesnudo.com.mx\/index.php\/2025\/04\/28\/eligen-directiva-de-la-asociacion-de-canotaje\/","title":{"rendered":"Eligen directiva de la Asociaci\u00f3n de Canotaje"},"content":{"rendered":"<p>En un ejercicio democr\u00e1tico y cumpliendo cabalmente con la normatividad establecida en la Ley de Cultura F\u00edsica y Deporte, se llev\u00f3 a cabo la asamblea de elecci\u00f3n de la nueva directiva de la Asociaci\u00f3n Veracruzana de Canotaje.<\/p>\n<p>El evento cont\u00f3 con la distinguida presencia del Presidente de la Federaci\u00f3n Mexicana de Canotaje A.C., as\u00ed como de representantes del Instituto Veracruzano del Deporte; IVD, quienes atestiguaron la transparencia del proceso.<\/p>\n<p>Durante la asamblea, los miembros de la asociaci\u00f3n reafirmaron su confianza en la gesti\u00f3n actual, reeligiendo por un periodo de cuatro a\u00f1os m\u00e1s a Manuel Cortina Mart\u00ednez como presidente, este voto de confianza subraya el reconocimiento al trabajo realizado y la visi\u00f3n para que el canotaje contin\u00fae siendo un referente deportivo tanto a nivel municipal como estatal.<\/p>\n<p>Tras la votaci\u00f3n, se dio a conocer la conformaci\u00f3n de la nueva mesa directiva, la cual qued\u00f3 integrada por profesionales comprometidos con el desarrollo y la promoci\u00f3n de esta disciplina acu\u00e1tica, integrada por Manuel Cortina Mart\u00ednez como Presidente, Vicepresidente: Antonio Prianti D\u00edaz, Secretario: Ricardo Fentanes Macegoza, Tesorera: Concepci\u00f3n Mart\u00ednez Ib\u00e1\u00f1ez, Comisario: Carlos Cesareo Cruz, Vocal Directivo: Alan Francisco Gelover P\u00e9rez, Vocal Directivo: Francisco Ram\u00f3n Valerio Paz, Vocal Deportista: Sof\u00eda Reinoso D\u00edaz Barriga y como Representante Legal: Juan Guti\u00e9rrez, respectivamente.<\/p>\n<p>La reelecci\u00f3n del ex campe\u00f3n caon\u00edsta y la conformaci\u00f3n de esta nueva mesa directiva, auguran un futuro prometedor para el canotaje veracruzano, pero sobre todo Tuxpe\u00f1o, por lo que se espera que, bajo su liderazgo y con el apoyo del equipo, sigan impulsando programas y estrategias que fortalezcan la pr\u00e1ctica de este deporte en la regi\u00f3n, cosechando nuevos \u00e9xitos y manteniendo el alto nivel competitivo que lo caracteriza.<\/p>\n","protected":false},"excerpt":{"rendered":"<p>En un ejercicio democr\u00e1tico y cumpliendo cabalmente con la normatividad establecida en la Ley de Cultura F\u00edsica y Deporte, se<\/p>\n","protected":false},"author":4,"featured_media":61754,"comment_status":"closed","ping_status":"closed","sticky":false,"template":"","format":"standard","meta":{"colormag_page_container_layout":"default_layout","colormag_page_sidebar_layout":"default_layout","_jetpack_memberships_contains_paid_content":false,"footnotes":"","jetpack_publicize_message":"","jetpack_publicize_feature_enabled":true,"jetpack_social_post_already_shared":false,"jetpack_social_options":{"image_generator_settings":{"template":"highway","default_image_id":0,"font":"","enabled":false},"version":2}},"categories":[1082],"tags":[],"class_list":["post-61753","post","type-post","status-publish","format-standard","has-post-thumbnail","hentry","category-tuxpan"],"jetpack_publicize_connections":[],"jetpack_featured_media_url":"https:\/\/i0.wp.com\/politicosaldesnudo.com.mx\/wp-content\/uploads\/2025\/04\/3b-10.jpg?fit=1280%2C960&ssl=1","jetpack-related-posts":[],"jetpack_sharing_enabled":true,"_links":{"self":[{"href":"https:\/\/politicosaldesnudo.com.mx\/index.php\/wp-json\/wp\/v2\/posts\/61753","targetHints":{"allow":["GET"]}}],"collection":[{"href":"https:\/\/politicosaldesnudo.com.mx\/index.php\/wp-json\/wp\/v2\/posts"}],"about":[{"href":"https:\/\/politicosaldesnudo.com.mx\/index.php\/wp-json\/wp\/v2\/types\/post"}],"author":[{"embeddable":true,"href":"https:\/\/politicosaldesnudo.com.mx\/index.php\/wp-json\/wp\/v2\/users\/4"}],"replies":[{"embeddable":true,"href":"https:\/\/politicosaldesnudo.com.mx\/index.php\/wp-json\/wp\/v2\/comments?post=61753"}],"version-history":[{"count":0,"href":"https:\/\/politicosaldesnudo.com.mx\/index.php\/wp-json\/wp\/v2\/posts\/61753\/revisions"}],"wp:featuredmedia":[{"embeddable":true,"href":"https:\/\/politicosaldesnudo.com.mx\/index.php\/wp-json\/wp\/v2\/media\/61754"}],"wp:attachment":[{"href":"https:\/\/politicosaldesnudo.com.mx\/index.php\/wp-json\/wp\/v2\/media?parent=61753"}],"wp:term":[{"taxonomy":"category","embeddable":true,"href":"https:\/\/politicosaldesnudo.com.mx\/index.php\/wp-json\/wp\/v2\/categories?post=61753"},{"taxonomy":"post_tag","embeddable":true,"href":"https:\/\/politicosaldesnudo.com.mx\/index.php\/wp-json\/wp\/v2\/tags?post=61753"}],"curies":[{"name":"wp","href":"https:\/\/api.w.org\/{rel}","templated":true}]}}