{"id":61783,"date":"2025-04-28T00:14:54","date_gmt":"2025-04-28T06:14:54","guid":{"rendered":"https:\/\/politicosaldesnudo.com.mx\/?p=61783"},"modified":"2025-04-27T23:13:03","modified_gmt":"2025-04-28T05:13:03","slug":"fallece-francisco-javier-brito-herrera-director-del-penal-de-merida","status":"publish","type":"post","link":"https:\/\/politicosaldesnudo.com.mx\/index.php\/2025\/04\/28\/fallece-francisco-javier-brito-herrera-director-del-penal-de-merida\/","title":{"rendered":"Fallece Francisco Javier Brito Herrera, director del penal de M\u00e9rida"},"content":{"rendered":"<p class=\"nota-justify\">Francisco Javier Brito Herrera, director del Centro de Reinserci\u00f3n Social de M\u00e9rida (Cereso) por casi 30 a\u00f1os, falleci\u00f3 la madrugada de este domingo, en su domicilio particular, por un infarto agudo al miocardio.<\/p>\n<p class=\"nota-justify\">Ten\u00eda 75 a\u00f1os de edad y apenas el viernes de la semana pasada, particip\u00f3 en el V\u00eda Crucis que desde hace a\u00f1os se realiza en el penal, con la participaci\u00f3n activa de los internos e internas.<\/p>\n<p class=\"nota-justify\">El 21 de marzo de 1996 fue designado director del Cereso por el gobernador priista V\u00edctor Cervera Pacheco (1995-2001), en relevo de Miguel \u00c1ngel Gonz\u00e1lez, tras un violento mot\u00edn con saldo de cuatro muertos.<\/p>\n<p class=\"nota-justify\">Y as\u00ed transcurrieron casi 30 a\u00f1os al frente del penal de M\u00e9rida, el m\u00e1s grande de Yucat\u00e1n, con capacidad para albergar a mil 200 reos. Los otros dos centros de readaptaci\u00f3n social est\u00e1n en los municipios rurales de Valladolid y Tekax, al oriente y sur del Estado.<\/p>\n<p class=\"nota-justify\">Su labor tampoco estuvo fuera de la pol\u00e9mica. Hubo denuncias contra \u00e9l por supuestos v\u00ednculos con el narcomenudeo y la venta ilegal de bebidas alcoh\u00f3licas en el penal, entre otras, pero hasta ahora no se han aportado pruebas de estos delitos.<\/p>\n<p class=\"nota-justify\">No obstante, Brito Herrera fue ratificado por los mandatarios,el panista Patricio Patr\u00f3n Laviada (2001-2007); los priistas Ivonne Ortega Pacheco (2007-2012) y Rolando Zapata Bello (2012-2018); el panista Mauricio Vila Dosal (2018-2024) y por el actual titular del Ejecutivo, Joaqu\u00edn\u00a0<i>Huacho<\/i>\u00a0D\u00edaz Mena, del Partido Morena.<\/p>\n<p class=\"nota-justify\">Su trayectoria fue reconocida internacionalmente con la distinci\u00f3n Reconocimiento Mundial \u00abNelson Mandela\u00bb, galard\u00f3n que premia a quienes impulsan sistemas penitenciarios humanitarios y respetuosos de la dignidad de las personas privadas de su libertad.<\/p>\n<p class=\"nota-justify\">Hace a\u00f1os tambi\u00e9n fue funcionario en la Secretar\u00eda de la Reforma Agraria en la Ciudad de M\u00e9xico y se desempe\u00f1\u00f3 como Jefe del Departamento de Secundarias en la Secretar\u00eda de Educaci\u00f3n del Gobierno del Estado (un puesto del que pocos saben que ocup\u00f3).<\/p>\n<p class=\"nota-justify\">En el penal, Brito Herrera impuls\u00f3 el autoempleo, el deporte y el acceso a la educaci\u00f3n entre las personas privadas de la libertad, y tambi\u00e9n realiz\u00f3 una estrecha labor con la Pastoral Penitenciaria como parte de una estrategia de reinserci\u00f3n y unidad familiar.<\/p>\n","protected":false},"excerpt":{"rendered":"<p>Francisco Javier Brito Herrera, director del Centro de Reinserci\u00f3n Social de M\u00e9rida (Cereso) por casi 30 a\u00f1os, falleci\u00f3 la madrugada<\/p>\n","protected":false},"author":4,"featured_media":61784,"comment_status":"closed","ping_status":"closed","sticky":false,"template":"","format":"standard","meta":{"colormag_page_container_layout":"default_layout","colormag_page_sidebar_layout":"default_layout","_jetpack_memberships_contains_paid_content":false,"footnotes":"","jetpack_publicize_message":"","jetpack_publicize_feature_enabled":true,"jetpack_social_post_already_shared":false,"jetpack_social_options":{"image_generator_settings":{"template":"highway","default_image_id":0,"font":"","enabled":false},"version":2}},"categories":[30],"tags":[],"class_list":["post-61783","post","type-post","status-publish","format-standard","has-post-thumbnail","hentry","category-estados"],"jetpack_publicize_connections":[],"jetpack_featured_media_url":"https:\/\/i0.wp.com\/politicosaldesnudo.com.mx\/wp-content\/uploads\/2025\/04\/JAVI.jpg?fit=677%2C505&ssl=1","jetpack-related-posts":[],"jetpack_sharing_enabled":true,"_links":{"self":[{"href":"https:\/\/politicosaldesnudo.com.mx\/index.php\/wp-json\/wp\/v2\/posts\/61783","targetHints":{"allow":["GET"]}}],"collection":[{"href":"https:\/\/politicosaldesnudo.com.mx\/index.php\/wp-json\/wp\/v2\/posts"}],"about":[{"href":"https:\/\/politicosaldesnudo.com.mx\/index.php\/wp-json\/wp\/v2\/types\/post"}],"author":[{"embeddable":true,"href":"https:\/\/politicosaldesnudo.com.mx\/index.php\/wp-json\/wp\/v2\/users\/4"}],"replies":[{"embeddable":true,"href":"https:\/\/politicosaldesnudo.com.mx\/index.php\/wp-json\/wp\/v2\/comments?post=61783"}],"version-history":[{"count":0,"href":"https:\/\/politicosaldesnudo.com.mx\/index.php\/wp-json\/wp\/v2\/posts\/61783\/revisions"}],"wp:featuredmedia":[{"embeddable":true,"href":"https:\/\/politicosaldesnudo.com.mx\/index.php\/wp-json\/wp\/v2\/media\/61784"}],"wp:attachment":[{"href":"https:\/\/politicosaldesnudo.com.mx\/index.php\/wp-json\/wp\/v2\/media?parent=61783"}],"wp:term":[{"taxonomy":"category","embeddable":true,"href":"https:\/\/politicosaldesnudo.com.mx\/index.php\/wp-json\/wp\/v2\/categories?post=61783"},{"taxonomy":"post_tag","embeddable":true,"href":"https:\/\/politicosaldesnudo.com.mx\/index.php\/wp-json\/wp\/v2\/tags?post=61783"}],"curies":[{"name":"wp","href":"https:\/\/api.w.org\/{rel}","templated":true}]}}