{"id":61792,"date":"2025-04-28T00:17:24","date_gmt":"2025-04-28T06:17:24","guid":{"rendered":"https:\/\/politicosaldesnudo.com.mx\/?p=61792"},"modified":"2025-04-27T23:20:42","modified_gmt":"2025-04-28T05:20:42","slug":"cumple-trump-100-dias-frente-a-eu-en-medio-de-guerra-arancelaria-sin-precedentes","status":"publish","type":"post","link":"https:\/\/politicosaldesnudo.com.mx\/index.php\/2025\/04\/28\/cumple-trump-100-dias-frente-a-eu-en-medio-de-guerra-arancelaria-sin-precedentes\/","title":{"rendered":"Cumple Trump 100 d\u00edas frente a EU en medio de guerra arancelaria sin precedentes"},"content":{"rendered":"<p class=\"nota-justify\">Ha lanzado una guerra arancelaria mundial sin precedentes y ha recortado dr\u00e1sticamente la ayuda exterior estadounidense. Ha menospreciado a los aliados de la OTAN y ha hecho suya la narrativa rusa sobre su invasi\u00f3n de Ucrania. Ha hablado de anexionarse Groenlandia, retomar el Canal de Panam\u00e1 y convertir a Canad\u00e1 en el Estado n\u00famero 51.<\/p>\n<p class=\"nota-justify\">En los ca\u00f3ticos primeros 100 d\u00edas desde que el presidente Donald Trump regres\u00f3 al cargo, ha librado una campa\u00f1a a menudo impredecible que ha puesto patas arriba partes del orden mundial basado en reglas que Washington ayud\u00f3 a construir de las cenizas de la Segunda Guerra Mundial.<\/p>\n<p class=\"nota-justify\">\u00abTrump es mucho m\u00e1s radical ahora de lo que era hace ocho a\u00f1os\u00bb, dijo Elliott Abrams, un conservador que sirvi\u00f3 bajo los presidentes Ronald Reagan y George W. Bush antes de ser nombrado enviado especial de Estados Unidos para Ir\u00e1n y Venezuela en el primer mandato de Trump. \u00abMe ha sorprendido\u00bb.<\/p>\n<p class=\"nota-justify\">La agenda \u00abAm\u00e9rica primero\u00bb de Trump en su segundo mandato ha alejado a amigos y envalentonado a adversarios, al tiempo que ha suscitado dudas sobre hasta d\u00f3nde est\u00e1 dispuesto a llegar.<\/p>\n<p class=\"nota-justify\">Sus acciones, unidas a esa incertidumbre, han desconcertado tanto a algunos gobiernos que est\u00e1n respondiendo de maneras que podr\u00edan ser dif\u00edciles de deshacer, incluso si un presidente estadunidense m\u00e1s tradicional es elegido en 2028.<\/p>\n<p class=\"nota-justify\">Todo esto se produce en medio de lo que los cr\u00edticos del presidente republicano consideran signos de retroceso democr\u00e1tico en casa que han suscitado preocupaci\u00f3n en el extranjero. Entre ellas se incluyen ataques verbales a jueces, una campa\u00f1a de presi\u00f3n contra universidades y el traslado de inmigrantes a una tristemente c\u00e9lebre prisi\u00f3n de El Salvador como parte de una campa\u00f1a de deportaci\u00f3n m\u00e1s amplia.<\/p>\n","protected":false},"excerpt":{"rendered":"<p>Ha lanzado una guerra arancelaria mundial sin precedentes y ha recortado dr\u00e1sticamente la ayuda exterior estadounidense. Ha menospreciado a los<\/p>\n","protected":false},"author":4,"featured_media":61793,"comment_status":"closed","ping_status":"closed","sticky":false,"template":"","format":"standard","meta":{"colormag_page_container_layout":"default_layout","colormag_page_sidebar_layout":"default_layout","_jetpack_memberships_contains_paid_content":false,"footnotes":"","jetpack_publicize_message":"","jetpack_publicize_feature_enabled":true,"jetpack_social_post_already_shared":false,"jetpack_social_options":{"image_generator_settings":{"template":"highway","default_image_id":0,"font":"","enabled":false},"version":2}},"categories":[28],"tags":[],"class_list":["post-61792","post","type-post","status-publish","format-standard","has-post-thumbnail","hentry","category-internacional"],"jetpack_publicize_connections":[],"jetpack_featured_media_url":"https:\/\/i0.wp.com\/politicosaldesnudo.com.mx\/wp-content\/uploads\/2025\/04\/TARADO.jpg?fit=743%2C508&ssl=1","jetpack-related-posts":[],"jetpack_sharing_enabled":true,"_links":{"self":[{"href":"https:\/\/politicosaldesnudo.com.mx\/index.php\/wp-json\/wp\/v2\/posts\/61792","targetHints":{"allow":["GET"]}}],"collection":[{"href":"https:\/\/politicosaldesnudo.com.mx\/index.php\/wp-json\/wp\/v2\/posts"}],"about":[{"href":"https:\/\/politicosaldesnudo.com.mx\/index.php\/wp-json\/wp\/v2\/types\/post"}],"author":[{"embeddable":true,"href":"https:\/\/politicosaldesnudo.com.mx\/index.php\/wp-json\/wp\/v2\/users\/4"}],"replies":[{"embeddable":true,"href":"https:\/\/politicosaldesnudo.com.mx\/index.php\/wp-json\/wp\/v2\/comments?post=61792"}],"version-history":[{"count":0,"href":"https:\/\/politicosaldesnudo.com.mx\/index.php\/wp-json\/wp\/v2\/posts\/61792\/revisions"}],"wp:featuredmedia":[{"embeddable":true,"href":"https:\/\/politicosaldesnudo.com.mx\/index.php\/wp-json\/wp\/v2\/media\/61793"}],"wp:attachment":[{"href":"https:\/\/politicosaldesnudo.com.mx\/index.php\/wp-json\/wp\/v2\/media?parent=61792"}],"wp:term":[{"taxonomy":"category","embeddable":true,"href":"https:\/\/politicosaldesnudo.com.mx\/index.php\/wp-json\/wp\/v2\/categories?post=61792"},{"taxonomy":"post_tag","embeddable":true,"href":"https:\/\/politicosaldesnudo.com.mx\/index.php\/wp-json\/wp\/v2\/tags?post=61792"}],"curies":[{"name":"wp","href":"https:\/\/api.w.org\/{rel}","templated":true}]}}