{"id":61795,"date":"2025-04-28T00:18:19","date_gmt":"2025-04-28T06:18:19","guid":{"rendered":"https:\/\/politicosaldesnudo.com.mx\/?p=61795"},"modified":"2025-04-27T23:22:37","modified_gmt":"2025-04-28T05:22:37","slug":"netanyahu-exhorta-a-desmantelar-infraestructuras-del-programa-nuclear-irani","status":"publish","type":"post","link":"https:\/\/politicosaldesnudo.com.mx\/index.php\/2025\/04\/28\/netanyahu-exhorta-a-desmantelar-infraestructuras-del-programa-nuclear-irani\/","title":{"rendered":"Netanyahu exhorta a \u00abdesmantelar\u00bb infraestructuras del programa nuclear iran\u00ed"},"content":{"rendered":"<p>El primer ministro israel\u00ed, Benjamin Netanyahu, exhort\u00f3 el domingo a \u00abdesmantelar\u00bb las infraestructuras del programa nuclear iran\u00ed y consider\u00f3 que cualquier acuerdo debe privar a Ir\u00e1n de misiles bal\u00edsticos, luego de un tercer ciclo de negociaciones entre Estados Unidos e Ir\u00e1n.<\/p>\n<p>\u00abDeben desmantelar sus infraestructuras nucleares, y eso significa (&#8230;) que ya no tendr\u00e1n la capacidad de enriquecer el uranio\u00bb, dijo Netanyahu en un discurso en Jerusal\u00e9n.<\/p>\n<p>\u00abEl acuerdo que funciona verdaderamente es el que elimina la capacidad de Ir\u00e1n de enriquecimiento del uranio para fines de armamento nuclear\u00bb, a\u00f1adi\u00f3.<\/p>\n<p>Tambi\u00e9n dijo que cualquier acuerdo sobre el tema nuclear debe \u00abincluir la prevenci\u00f3n del desarrollo de misiles bal\u00edsticos\u00bb en el arsenal iran\u00ed.<\/p>\n<p>\u00abIr\u00e1n no tendr\u00e1 armas nucleares\u00bb, insisti\u00f3.<\/p>\n<p>Los pa\u00edses occidentales, empezando por Estados Unidos, e Israel, sospechan desde hace tiempo que Ir\u00e1n quiere dotarse del arma nuclear.<\/p>\n<p>Ir\u00e1n rechaza esas acusaciones y defiende su derecho al desarrollo de la actividad nuclear con fines civiles, especialmente energ\u00e9ticos.<\/p>\n<p>Ir\u00e1n y Estados Unidos, enemigos desde la Revoluci\u00f3n isl\u00e1mica de 1979, sostuvieron el s\u00e1bado un tercer ciclo de negociaciones con la mediaci\u00f3n de Om\u00e1n.<\/p>\n<p>Las discusiones fueron calificadas de \u00abpositivas y constructivas\u00bb por un responsable estadounidense.<\/p>\n<p>El jefe de la diplomacia iran\u00ed, Ab\u00e1s Araqchi, afirm\u00f3 que ambas partes tratar\u00e1n de limar asperezas en sus divergencias antes de su pr\u00f3ximo encuentro la semana entrante.<\/p>\n<p>Un anterior acuerdo internacional con Ir\u00e1n se logr\u00f3 en 2015, pero qued\u00f3 en nada tras la decisi\u00f3n de Estados Unidos de retirarse en 2018.<\/p>\n<p>Desde su regreso a la Casa Blanca en enero, Trump llama a Ir\u00e1n a negociar un nuevo texto, al tiempo que amenaza con atacar al pa\u00eds si la v\u00eda diplom\u00e1tica fracasa.<\/p>\n","protected":false},"excerpt":{"rendered":"<p>El primer ministro israel\u00ed, Benjamin Netanyahu, exhort\u00f3 el domingo a \u00abdesmantelar\u00bb las infraestructuras del programa nuclear iran\u00ed y consider\u00f3 que<\/p>\n","protected":false},"author":4,"featured_media":61796,"comment_status":"closed","ping_status":"closed","sticky":false,"template":"","format":"standard","meta":{"colormag_page_container_layout":"default_layout","colormag_page_sidebar_layout":"default_layout","_jetpack_memberships_contains_paid_content":false,"footnotes":"","jetpack_publicize_message":"","jetpack_publicize_feature_enabled":true,"jetpack_social_post_already_shared":false,"jetpack_social_options":{"image_generator_settings":{"template":"highway","default_image_id":0,"font":"","enabled":false},"version":2}},"categories":[28],"tags":[],"class_list":["post-61795","post","type-post","status-publish","format-standard","has-post-thumbnail","hentry","category-internacional"],"jetpack_publicize_connections":[],"jetpack_featured_media_url":"https:\/\/i0.wp.com\/politicosaldesnudo.com.mx\/wp-content\/uploads\/2025\/04\/NETA.jpg?fit=767%2C450&ssl=1","jetpack-related-posts":[],"jetpack_sharing_enabled":true,"_links":{"self":[{"href":"https:\/\/politicosaldesnudo.com.mx\/index.php\/wp-json\/wp\/v2\/posts\/61795","targetHints":{"allow":["GET"]}}],"collection":[{"href":"https:\/\/politicosaldesnudo.com.mx\/index.php\/wp-json\/wp\/v2\/posts"}],"about":[{"href":"https:\/\/politicosaldesnudo.com.mx\/index.php\/wp-json\/wp\/v2\/types\/post"}],"author":[{"embeddable":true,"href":"https:\/\/politicosaldesnudo.com.mx\/index.php\/wp-json\/wp\/v2\/users\/4"}],"replies":[{"embeddable":true,"href":"https:\/\/politicosaldesnudo.com.mx\/index.php\/wp-json\/wp\/v2\/comments?post=61795"}],"version-history":[{"count":0,"href":"https:\/\/politicosaldesnudo.com.mx\/index.php\/wp-json\/wp\/v2\/posts\/61795\/revisions"}],"wp:featuredmedia":[{"embeddable":true,"href":"https:\/\/politicosaldesnudo.com.mx\/index.php\/wp-json\/wp\/v2\/media\/61796"}],"wp:attachment":[{"href":"https:\/\/politicosaldesnudo.com.mx\/index.php\/wp-json\/wp\/v2\/media?parent=61795"}],"wp:term":[{"taxonomy":"category","embeddable":true,"href":"https:\/\/politicosaldesnudo.com.mx\/index.php\/wp-json\/wp\/v2\/categories?post=61795"},{"taxonomy":"post_tag","embeddable":true,"href":"https:\/\/politicosaldesnudo.com.mx\/index.php\/wp-json\/wp\/v2\/tags?post=61795"}],"curies":[{"name":"wp","href":"https:\/\/api.w.org\/{rel}","templated":true}]}}