{"id":61798,"date":"2025-04-28T00:19:29","date_gmt":"2025-04-28T06:19:29","guid":{"rendered":"https:\/\/politicosaldesnudo.com.mx\/?p=61798"},"modified":"2025-04-27T23:24:53","modified_gmt":"2025-04-28T05:24:53","slug":"vietnam-un-solo-pais-un-solo-motivo-crecer-en-paz","status":"publish","type":"post","link":"https:\/\/politicosaldesnudo.com.mx\/index.php\/2025\/04\/28\/vietnam-un-solo-pais-un-solo-motivo-crecer-en-paz\/","title":{"rendered":"Vietnam, un solo pa\u00eds, un solo motivo: crecer en paz"},"content":{"rendered":"<p class=\"nota-justify\">Una inmensa fiesta c\u00edvica se vive en la capital vietnamita en conmemoraci\u00f3n de los 50 a\u00f1os de la reunificaci\u00f3n del sur con la derrota al entonces considerado invencible ej\u00e9rcito de Estados Unidos, en Saig\u00f3n el 30 de abril de 1975 y la emergencia de un nuevo tigre asi\u00e1tico donde se apuesta por la paz con la sabidur\u00eda de haber triunfado, en la era moderna, sobre las invasiones norteamericanas, camboyanas y chinas de 1975 a 1979.<\/p>\n<p class=\"nota-justify\">El triunfo vietnamita luego de 55 d\u00edas con sus noches con el objetivo de liberar al sur, conocida como la Campa\u00f1a de Primavera Ho Chi Minh, puso fin a la m\u00e1s atroz de las guerras de la era moderna luego de 30 a\u00f1os de heroica resistencia de hombres y mujeres vietnamitas. Hoy ya no se habla de napalm, de Agente Naranja, de violaciones de mujeres y ni\u00f1as, de bombardeos de B52, de la exfoliaci\u00f3n de hect\u00e1reas y hect\u00e1reas de territorio, de los efectos corporales y mentales en personas mayores y adultos actuales, y de que a\u00fan se estima en no menos de un mill\u00f3n de bombas por destruir, pero si se testimonia en numerosas exposiciones. No, la referencia obligada es la de haber triunfado sobre el ej\u00e9rcito invasor, para hacer el Vietnam que hoy se ve: \u201cgente bien, pa\u00eds fuerte, democracia, justicia y civilizaci\u00f3n\u201d tal lo constata la exposici\u00f3n en el Museo Ho Chi Minh. Por ello el triunfo contra el imperialismo norteamericano es considerado \u201cel evento de enorme importancia internacional y profundo significado contempor\u00e1neo\u201d as\u00ed como de independencia y progreso hacia el socialismo.<\/p>\n<p class=\"nota-justify\">Es una fiesta nacional de alto simbolismo para una poblaci\u00f3n de 101.3 millones, donde las juventudes sobrepasan el 21% lo que se constata en Hanoi con su presencia constante frente a la explanada del mausoleo del Presidente Ho Chi Minh tom\u00e1ndose \u201cla foto del aniversario\u201d, ellas mayoritariamente con\u00a0<i>Ao Dai<\/i>\u00a0en sat\u00edn blanco o en rojo con el escudo del pa\u00eds, y ellos, incluso infantes, portando colores en verde camuflajeado, como el millones de soldados que lograron la victoria frente al ej\u00e9rcito norteamericano considerado hasta ese 30 de abril de hace cinco d\u00e9cadas, como el m\u00e1s poderoso del planeta.<\/p>\n<p class=\"nota-justify\">Y la fiesta apenas inicia. Esta noche del domingo 27 de abril es el celebrativo con un programa art\u00edstico en el parque Thong Nhat con la presencia de altos mandos del pa\u00eds reunificado.<\/p>\n<p class=\"nota-justify\">La fiesta m\u00e1s grande, sin duda, es la del 30 de abril en Ciudad Ho Chi Minh, donde se esperan millones de espectadores, que iniciar\u00e1 a las 6:30 de la ma\u00f1ana y durar\u00e1 12 horas con un gran desfile c\u00edvico-militar y un programa de contenido pol\u00edtico, honrando as\u00ed a m\u00e1s de 3 millones de muertos.<\/p>\n<p class=\"nota-justify\">Todos los museos de la ciudad capital han inaugurado exposiciones aleg\u00f3ricas al triunfo vietnamita de liberar al sur del pa\u00eds de la invasi\u00f3n norteamericana, visitadas por miles y miles de personas, notablemente juventudes.<\/p>\n<p class=\"nota-justify\">Vietnam es un pa\u00eds de j\u00f3venes mientras que cada vez son menos quienes s\u00ed vivieron las penurias de la guerra de los Estados Unidos, hombres del ej\u00e9rcito del general Vo Nguyen Giap y mujeres del Ej\u00e9rcito de Cabellos Largos con la generala Nguyen Thi Dinh.<\/p>\n<p class=\"nota-justify\">Notable el que este aniversario sea ajeno a la provocaci\u00f3n y haya optado por un lenguaje de paz: se enmarca como \u201cMomento de felicidad para la Naci\u00f3n\u201d tal el t\u00edtulo de la exposici\u00f3n fotogr\u00e1fica, de documentos y artefactos del archivo hist\u00f3rico en el museo Ho Chi Minh; se refiere sobre todo a la \u201cReunificaci\u00f3n\u201d muy poco a la \u201cderrota del ej\u00e9rcito de EU\u201d y un mucho a la \u201cvictoria del Vietcong\u201d; por doquier, los carteles y espectaculares en colores vietnamitas del rojo y blanco, con su simbolismo rojo por la sangre derramada por unos 3 millones de personas, blanco de la victoria y la paz; el celebrativo de los 50 a\u00f1os de la Reunificaci\u00f3n de Vietnam abarca hasta 1976 cuando se dio el nombre de Rep\u00fablica Socialista de Vietnam.<\/p>\n<p class=\"nota-justify\">Hanoi se muestra en su esplendor. Econom\u00eda en crecimiento de 7.1% en 2024 y esto se evidencia en la ciudad capital por los innumerables, comercios, escuelas, empresas grandes y peque\u00f1as, mercados populares, nuevas zonas habitacionales aunque el viejo centro alrededor del palacio presidencial de Ho Chi Minh contiguo a su mausoleo, el nuevo recinto de la Asamblea Nacional, las sedes diplom\u00e1ticas e instituciones gubernamentales sigan en el mismo per\u00edmetro anterior a la reunificaci\u00f3n del sur del pa\u00eds, y sigan tambi\u00e9n las formas no escritas del c\u00f3mo atravesar una calle entre vietnamitas de a pie, en bicicleta o motocicleta, extranjeros turistas, carros privados, autobuses tur\u00edsticos y taxis de numerosas empresas.<\/p>\n<p class=\"nota-justify\">La Fiesta de Oro por la liberaci\u00f3n del sur y reunificaci\u00f3n de Vietnam ha comenzado; la bandera roja con la estrella amarilla al centro ondea de la frontera china en la provincia Lang Son hasta la provincia de Ca Mau al sur del pa\u00eds.<\/p>\n","protected":false},"excerpt":{"rendered":"<p>Una inmensa fiesta c\u00edvica se vive en la capital vietnamita en conmemoraci\u00f3n de los 50 a\u00f1os de la reunificaci\u00f3n del<\/p>\n","protected":false},"author":4,"featured_media":61799,"comment_status":"closed","ping_status":"closed","sticky":false,"template":"","format":"standard","meta":{"colormag_page_container_layout":"default_layout","colormag_page_sidebar_layout":"default_layout","_jetpack_memberships_contains_paid_content":false,"footnotes":"","jetpack_publicize_message":"","jetpack_publicize_feature_enabled":true,"jetpack_social_post_already_shared":false,"jetpack_social_options":{"image_generator_settings":{"template":"highway","default_image_id":0,"font":"","enabled":false},"version":2}},"categories":[28],"tags":[],"class_list":["post-61798","post","type-post","status-publish","format-standard","has-post-thumbnail","hentry","category-internacional"],"jetpack_publicize_connections":[],"jetpack_featured_media_url":"https:\/\/i0.wp.com\/politicosaldesnudo.com.mx\/wp-content\/uploads\/2025\/04\/VIET.jpg?fit=428%2C323&ssl=1","jetpack-related-posts":[],"jetpack_sharing_enabled":true,"_links":{"self":[{"href":"https:\/\/politicosaldesnudo.com.mx\/index.php\/wp-json\/wp\/v2\/posts\/61798","targetHints":{"allow":["GET"]}}],"collection":[{"href":"https:\/\/politicosaldesnudo.com.mx\/index.php\/wp-json\/wp\/v2\/posts"}],"about":[{"href":"https:\/\/politicosaldesnudo.com.mx\/index.php\/wp-json\/wp\/v2\/types\/post"}],"author":[{"embeddable":true,"href":"https:\/\/politicosaldesnudo.com.mx\/index.php\/wp-json\/wp\/v2\/users\/4"}],"replies":[{"embeddable":true,"href":"https:\/\/politicosaldesnudo.com.mx\/index.php\/wp-json\/wp\/v2\/comments?post=61798"}],"version-history":[{"count":0,"href":"https:\/\/politicosaldesnudo.com.mx\/index.php\/wp-json\/wp\/v2\/posts\/61798\/revisions"}],"wp:featuredmedia":[{"embeddable":true,"href":"https:\/\/politicosaldesnudo.com.mx\/index.php\/wp-json\/wp\/v2\/media\/61799"}],"wp:attachment":[{"href":"https:\/\/politicosaldesnudo.com.mx\/index.php\/wp-json\/wp\/v2\/media?parent=61798"}],"wp:term":[{"taxonomy":"category","embeddable":true,"href":"https:\/\/politicosaldesnudo.com.mx\/index.php\/wp-json\/wp\/v2\/categories?post=61798"},{"taxonomy":"post_tag","embeddable":true,"href":"https:\/\/politicosaldesnudo.com.mx\/index.php\/wp-json\/wp\/v2\/tags?post=61798"}],"curies":[{"name":"wp","href":"https:\/\/api.w.org\/{rel}","templated":true}]}}