{"id":618,"date":"2021-12-20T02:43:05","date_gmt":"2021-12-20T08:43:05","guid":{"rendered":"https:\/\/politicosaldesnudo.com.mx\/?p=618"},"modified":"2023-06-29T09:18:09","modified_gmt":"2023-06-29T14:18:09","slug":"gobernadores-rechazan-decision-del-ine-contra-revocacion-de-mandato","status":"publish","type":"post","link":"https:\/\/politicosaldesnudo.com.mx\/index.php\/2021\/12\/20\/gobernadores-rechazan-decision-del-ine-contra-revocacion-de-mandato\/","title":{"rendered":"Gobernadores rechazan decisi\u00f3n del INE contra revocaci\u00f3n de mandato"},"content":{"rendered":"<p>&nbsp;<\/p>\n<p class=\"p1\"><span style=\"font-size: 14pt;\"><strong>CIUDAD DE M\u00c9XICO.<\/strong> Piden al Instituto Nacional Electoral (INE) reconsiderar la decisi\u00f3n de\u00a0posponer la consulta de revocaci\u00f3n de mandato\u00a0del presidente, Andr\u00e9s Manuel L\u00f3pez Obrador, as\u00ed lo se\u00f1alaron <strong>18 gobernadores en una Carta difundida por redes sociales en favor de la Cuarta Transformaci\u00f3n.<span class=\"Apple-converted-space\">\u00a0<\/span><\/strong><\/span><\/p>\n<p class=\"p1\"><span style=\"font-size: 14pt;\">Se\u00f1alaron que la decisi\u00f3n va\u00a0en contra de lo dispuesto por la Suprema Corte de Justicia de la Naci\u00f3n\u00a0(SCJN) sobre la consulta, adem\u00e1s de atentar y limitar los derechos pol\u00edticos consagrados en la Constituci\u00f3n.<\/span><\/p>\n<p class=\"p1\"><span style=\"font-size: 14pt;\">Los mandatarios manifestaron que pareciera que a algunos de los consejeros del \u00f3rgano electoral <strong>les resulto m\u00e1s f\u00e1cil explicar \u00abpor qu\u00e9 no\u00bb<\/strong> posibilitar el ejercicio de un derecho, <strong>que\u00a0encontrar \u00abcomo s\u00ed\u00bb\u00a0pudiera garantizarse<\/strong>.<\/span><\/p>\n<p>&nbsp;<\/p>\n<blockquote class=\"twitter-tweet\" data-width=\"550\" data-dnt=\"true\">\n<p lang=\"es\" dir=\"ltr\">Posicionamiento de Gobernadoras y Gobernadores con relaci\u00f3n a la resoluci\u00f3n del INE en torno a la revocaci\u00f3n de mandato.<a href=\"https:\/\/twitter.com\/hashtag\/ElPuebloManda?src=hash&amp;ref_src=twsrc%5Etfw\">#ElPuebloManda<\/a> <a href=\"https:\/\/t.co\/yE9SktPgGu\">pic.twitter.com\/yE9SktPgGu<\/a><\/p>\n<p>&mdash; Dra. Claudia Sheinbaum (@Claudiashein) <a href=\"https:\/\/twitter.com\/Claudiashein\/status\/1472608092684795914?ref_src=twsrc%5Etfw\">December 19, 2021<\/a><\/p><\/blockquote>\n<p><script async src=\"https:\/\/platform.twitter.com\/widgets.js\" charset=\"utf-8\"><\/script><\/p>\n<p><span style=\"font-size: 14pt;\"><strong>GOBERNADORES UNIDOS<\/strong><\/span><\/p>\n<p class=\"p1\"><span style=\"font-size: 14pt;\">En el texto se observa a los gobernadores de Baja California, Baja California Sur, Campeche, Chiapas, Ciudad de M\u00e9xico, Colima, Guerrero, Michoac\u00e1n, Morelos, Nayarit, Puebla, San Luis Potos\u00ed, Sinaloa, Sonora, Tabasco, Tlaxcala, Veracruz y Zacatecas que el aplazamiento busca impedir el libre ejercicio del\u00a0derecho a la democracia\u00a0de los ciudadanos.<\/span><\/p>\n<blockquote>\n<p class=\"p1\"><span style=\"font-size: 14pt;\">Las gobernadoras, gobernadores y la jefa de Gobierno de la Ciudad de M\u00e9xico, comprometidas y comprometidos con la Cuarta Transformaci\u00f3n de M\u00e9xico, estamos a favor de la defensa de los derechos que ciudadanas y ciudadanos tenemos consagrados en nuestra Carta Magna para la participaci\u00f3n activa en la construcci\u00f3n democr\u00e1tica y en la definici\u00f3n del devenir de nuestra Rep\u00fablica\u00bb, indicaron en la carta \u00a0difundido en sus redes sociales.<\/span><\/p>\n<p class=\"p1\"><span style=\"font-size: 14pt;\">La democracia no es un proceso que se vive solo cada seis a\u00f1os, debe ser un sistema en donde todos los d\u00edas el pueblo ejerce sus derechos de participaci\u00f3n y decisi\u00f3n. Por esto pedimos a las y los consejeros del INE la reconsideraci\u00f3n de esta decisi\u00f3n, con una perspectiva garantista en favor de la democracia participativa y de un compromiso con el pueblo y la democracia\u00bb, aseveraron.<\/span><\/p>\n<\/blockquote>\n","protected":false},"excerpt":{"rendered":"<p>&nbsp; CIUDAD DE M\u00c9XICO. Piden al Instituto Nacional Electoral (INE) reconsiderar la decisi\u00f3n de\u00a0posponer la consulta de revocaci\u00f3n de mandato\u00a0del<\/p>\n","protected":false},"author":1,"featured_media":619,"comment_status":"closed","ping_status":"closed","sticky":false,"template":"","format":"standard","meta":{"colormag_page_container_layout":"default_layout","colormag_page_sidebar_layout":"default_layout","_jetpack_memberships_contains_paid_content":false,"footnotes":"","jetpack_publicize_message":"","jetpack_publicize_feature_enabled":true,"jetpack_social_post_already_shared":false,"jetpack_social_options":{"image_generator_settings":{"template":"highway","default_image_id":0,"font":"","enabled":false},"version":2}},"categories":[33],"tags":[],"class_list":["post-618","post","type-post","status-publish","format-standard","has-post-thumbnail","hentry","category-nacional"],"jetpack_publicize_connections":[],"jetpack_featured_media_url":"https:\/\/i0.wp.com\/politicosaldesnudo.com.mx\/wp-content\/uploads\/2021\/12\/REVOCACIO%CC%81N2.png?fit=1816%2C1016&ssl=1","jetpack-related-posts":[],"jetpack_sharing_enabled":true,"_links":{"self":[{"href":"https:\/\/politicosaldesnudo.com.mx\/index.php\/wp-json\/wp\/v2\/posts\/618","targetHints":{"allow":["GET"]}}],"collection":[{"href":"https:\/\/politicosaldesnudo.com.mx\/index.php\/wp-json\/wp\/v2\/posts"}],"about":[{"href":"https:\/\/politicosaldesnudo.com.mx\/index.php\/wp-json\/wp\/v2\/types\/post"}],"author":[{"embeddable":true,"href":"https:\/\/politicosaldesnudo.com.mx\/index.php\/wp-json\/wp\/v2\/users\/1"}],"replies":[{"embeddable":true,"href":"https:\/\/politicosaldesnudo.com.mx\/index.php\/wp-json\/wp\/v2\/comments?post=618"}],"version-history":[{"count":0,"href":"https:\/\/politicosaldesnudo.com.mx\/index.php\/wp-json\/wp\/v2\/posts\/618\/revisions"}],"wp:featuredmedia":[{"embeddable":true,"href":"https:\/\/politicosaldesnudo.com.mx\/index.php\/wp-json\/wp\/v2\/media\/619"}],"wp:attachment":[{"href":"https:\/\/politicosaldesnudo.com.mx\/index.php\/wp-json\/wp\/v2\/media?parent=618"}],"wp:term":[{"taxonomy":"category","embeddable":true,"href":"https:\/\/politicosaldesnudo.com.mx\/index.php\/wp-json\/wp\/v2\/categories?post=618"},{"taxonomy":"post_tag","embeddable":true,"href":"https:\/\/politicosaldesnudo.com.mx\/index.php\/wp-json\/wp\/v2\/tags?post=618"}],"curies":[{"name":"wp","href":"https:\/\/api.w.org\/{rel}","templated":true}]}}