{"id":61801,"date":"2025-04-28T00:20:26","date_gmt":"2025-04-28T06:20:26","guid":{"rendered":"https:\/\/politicosaldesnudo.com.mx\/?p=61801"},"modified":"2025-04-27T23:26:37","modified_gmt":"2025-04-28T05:26:37","slug":"conmemora-alemania-liberacion-de-campo-de-concentracion-nazi-de-bergen-belsen","status":"publish","type":"post","link":"https:\/\/politicosaldesnudo.com.mx\/index.php\/2025\/04\/28\/conmemora-alemania-liberacion-de-campo-de-concentracion-nazi-de-bergen-belsen\/","title":{"rendered":"Conmemora Alemania liberaci\u00f3n de campo de concentraci\u00f3n nazi de Bergen-Belsen"},"content":{"rendered":"<p class=\"nota-justify\">Sobrevivientes del Holocausto exhortaron el domingo a la humanidad a no olvidar en la conmemoraci\u00f3n del 80 aniversario de la liberaci\u00f3n del campo de concentraci\u00f3n nazi de Bergen-Belsen, en el noroeste de Alemania.<\/p>\n<p class=\"nota-justify\">M\u00e1s de 50 ex prisioneros del campo se congregaron junto a pol\u00edticos alemanes y la vice primera ministra brit\u00e1nica Angela Rayner en una ceremonia en el Estado de Baja Sajonia.<\/p>\n<p class=\"nota-justify\">\u00abMi mensaje para el futuro es que todos debemos ser vigilantes y activos en el combate contra el odio\u00bb, declar\u00f3 Mala Tribich, de 94 a\u00f1os, nacida en Polonia y enviada a Bergen-Belsen cuando era ni\u00f1a.<\/p>\n<p class=\"nota-justify\">\u00abEso incluye el antisemitismo y el racismo hacia todo grupo de personas\u00bb, a\u00f1adi\u00f3.<\/p>\n<p class=\"nota-justify\">M\u00e1s de 50 mil personas murieron en el campo de Bergen-Belsen, entre ellas la joven Ana Frank, que escribi\u00f3 un diario (publicado luego bajo el t\u00edtulo de \u00abDiario de Ana Frank\u00bb) convertido en s\u00edmbolo de los sufrimientos infligidos por los nazis durante la Segunda Guerra Mundial.<\/p>\n<p class=\"nota-justify\">Cuando los ej\u00e9rcitos occidentales llegaron a Bergen-Belsen el 15 de abril de 1945, hallaron prisioneros muy enfermos y 10 mil cad\u00e1veres no enterrados.<\/p>\n<p class=\"nota-justify\">Las v\u00edctimas eran jud\u00edos, gitanos, prisioneros de guerra, homosexuales y opositores pol\u00edticos.<\/p>\n<p class=\"nota-justify\">Tribich resalt\u00f3 como, cuando ella lleg\u00f3 al campo, \u00abla escena que [les] esperaba superaba cualquier descripci\u00f3n\u00bb.<\/p>\n<p class=\"nota-justify\">\u00abHab\u00eda mucha gente que parec\u00edan esqueletos, desplaz\u00e1ndose como zombis. Luego ca\u00edan y segu\u00edan ah\u00ed donde estaban, con otras personas que les ca\u00edan encima\u00bb, cont\u00f3.<\/p>\n<p class=\"nota-justify\">La preocupaci\u00f3n crece en Alemania sobre la preservaci\u00f3n de la memoria del Holocausto, y m\u00e1s desde que el partido de extrema derecha AfD qued\u00f3 de segundo en las elecciones legislativas en febrero.<\/p>\n<p class=\"nota-justify\">Algunos l\u00edderes del AfD criticaron la tradici\u00f3n memorial de Alemania, apoyados por el multimillonario estadounidense Elon Musk durante la campa\u00f1a electoral.<\/p>\n<p class=\"nota-justify\">Alemania organiz\u00f3 varias ceremonias este a\u00f1o para conmemorar el 80 aniversario de la liberaci\u00f3n de los campos nazis y otros acontecimientos importantes ocurridos al fin de la Segunda Guerra Mundial.<\/p>\n<p class=\"nota-justify\">El 8 de mayo, el Parlamento alem\u00e1n organizar\u00e1 una ceremonia oficial para celebrar el 80 aniversario del fin del conflicto.<\/p>\n","protected":false},"excerpt":{"rendered":"<p>Sobrevivientes del Holocausto exhortaron el domingo a la humanidad a no olvidar en la conmemoraci\u00f3n del 80 aniversario de la<\/p>\n","protected":false},"author":4,"featured_media":61802,"comment_status":"closed","ping_status":"closed","sticky":false,"template":"","format":"standard","meta":{"colormag_page_container_layout":"default_layout","colormag_page_sidebar_layout":"default_layout","_jetpack_memberships_contains_paid_content":false,"footnotes":"","jetpack_publicize_message":"","jetpack_publicize_feature_enabled":true,"jetpack_social_post_already_shared":false,"jetpack_social_options":{"image_generator_settings":{"template":"highway","default_image_id":0,"font":"","enabled":false},"version":2}},"categories":[28],"tags":[],"class_list":["post-61801","post","type-post","status-publish","format-standard","has-post-thumbnail","hentry","category-internacional"],"jetpack_publicize_connections":[],"jetpack_featured_media_url":"https:\/\/i0.wp.com\/politicosaldesnudo.com.mx\/wp-content\/uploads\/2025\/04\/CAMP.jpg?fit=783%2C502&ssl=1","jetpack-related-posts":[],"jetpack_sharing_enabled":true,"_links":{"self":[{"href":"https:\/\/politicosaldesnudo.com.mx\/index.php\/wp-json\/wp\/v2\/posts\/61801","targetHints":{"allow":["GET"]}}],"collection":[{"href":"https:\/\/politicosaldesnudo.com.mx\/index.php\/wp-json\/wp\/v2\/posts"}],"about":[{"href":"https:\/\/politicosaldesnudo.com.mx\/index.php\/wp-json\/wp\/v2\/types\/post"}],"author":[{"embeddable":true,"href":"https:\/\/politicosaldesnudo.com.mx\/index.php\/wp-json\/wp\/v2\/users\/4"}],"replies":[{"embeddable":true,"href":"https:\/\/politicosaldesnudo.com.mx\/index.php\/wp-json\/wp\/v2\/comments?post=61801"}],"version-history":[{"count":0,"href":"https:\/\/politicosaldesnudo.com.mx\/index.php\/wp-json\/wp\/v2\/posts\/61801\/revisions"}],"wp:featuredmedia":[{"embeddable":true,"href":"https:\/\/politicosaldesnudo.com.mx\/index.php\/wp-json\/wp\/v2\/media\/61802"}],"wp:attachment":[{"href":"https:\/\/politicosaldesnudo.com.mx\/index.php\/wp-json\/wp\/v2\/media?parent=61801"}],"wp:term":[{"taxonomy":"category","embeddable":true,"href":"https:\/\/politicosaldesnudo.com.mx\/index.php\/wp-json\/wp\/v2\/categories?post=61801"},{"taxonomy":"post_tag","embeddable":true,"href":"https:\/\/politicosaldesnudo.com.mx\/index.php\/wp-json\/wp\/v2\/tags?post=61801"}],"curies":[{"name":"wp","href":"https:\/\/api.w.org\/{rel}","templated":true}]}}