{"id":61840,"date":"2025-04-29T00:01:37","date_gmt":"2025-04-29T06:01:37","guid":{"rendered":"https:\/\/politicosaldesnudo.com.mx\/?p=61840"},"modified":"2025-04-28T20:14:32","modified_gmt":"2025-04-29T02:14:32","slug":"concientizan-sobre-educacion-vial","status":"publish","type":"post","link":"https:\/\/politicosaldesnudo.com.mx\/index.php\/2025\/04\/29\/concientizan-sobre-educacion-vial\/","title":{"rendered":"Concientizan sobre Educaci\u00f3n Vial"},"content":{"rendered":"<p>Con el objetivo de fomentar una cultura de respeto y prevenci\u00f3n en las v\u00edas p\u00fablicas, oficiales de la Direcci\u00f3n de Tr\u00e1nsito y Vialidad Municipal han puesto en marcha diversos puntos de activaci\u00f3n en puntos estrat\u00e9gicos de la ciudad, estas jornadas buscan concientizar tanto a automovilistas como a motociclistas y peatones sobre la importancia de la educaci\u00f3n vial para evitar accidentes y garantizar la seguridad de todos.<\/p>\n<p>Durante estas actividades, los oficiales interact\u00faan directamente con los ciudadanos, brindando informaci\u00f3n relevante sobre las normas de tr\u00e1nsito, el uso correcto de los dispositivos de seguridad, la importancia de respetar los se\u00f1alamientos viales y las medidas preventivas para evitar siniestros, distribuyen folletos informativos y realizan demostraciones pr\u00e1cticas para reforzar el mensaje, as\u00ed lo inform\u00f3 la Perito Instructor Gabriela Valdez.<\/p>\n<p>\u00abEs fundamental que todos los usuarios de la v\u00eda p\u00fablica comprendamos la responsabilidad que tenemos al transitar, por lo que, a trav\u00e9s de estos puntos de activaci\u00f3n, buscamos generar conciencia y promover h\u00e1bitos seguros que contribuyan a reducir el n\u00famero de accidentes en nuestro municipio, llevamos estas actividades a las escuelas, empresas y dependencias, con botargas y material visual, para hacer la actividad muy amena\u201d, explic\u00f3.<\/p>\n<p>Dijo que las autoridades de tr\u00e1nsito hacen un llamado a la ciudadan\u00eda a participar activamente en estas jornadas y a adoptar una actitud responsable al conducir, manejar motocicleta o transitar como peat\u00f3n, y se\u00f1al\u00f3 que la educaci\u00f3n vial es un compromiso de todos y es la base para construir un entorno vial m\u00e1s seguro y arm\u00f3nico en el municipio.<\/p>\n<p>\u00abHacer conciencia en la educaci\u00f3n vial es muy importante, sobre todo por \u00e9l crecimiento que estamos teniendo como puerto y la gran cantidad de personas que nos visitan y por lo cual tenemos que poner el ejemplo\u00bb, finaliz\u00f3.<\/p>\n","protected":false},"excerpt":{"rendered":"<p>Con el objetivo de fomentar una cultura de respeto y prevenci\u00f3n en las v\u00edas p\u00fablicas, oficiales de la Direcci\u00f3n de<\/p>\n","protected":false},"author":4,"featured_media":61841,"comment_status":"closed","ping_status":"closed","sticky":false,"template":"","format":"standard","meta":{"colormag_page_container_layout":"default_layout","colormag_page_sidebar_layout":"default_layout","_jetpack_memberships_contains_paid_content":false,"footnotes":"","jetpack_publicize_message":"","jetpack_publicize_feature_enabled":true,"jetpack_social_post_already_shared":false,"jetpack_social_options":{"image_generator_settings":{"template":"highway","default_image_id":0,"font":"","enabled":false},"version":2}},"categories":[1082],"tags":[],"class_list":["post-61840","post","type-post","status-publish","format-standard","has-post-thumbnail","hentry","category-tuxpan"],"jetpack_publicize_connections":[],"jetpack_featured_media_url":"https:\/\/i0.wp.com\/politicosaldesnudo.com.mx\/wp-content\/uploads\/2025\/04\/3c1-2.jpg?fit=1599%2C727&ssl=1","jetpack-related-posts":[],"jetpack_sharing_enabled":true,"_links":{"self":[{"href":"https:\/\/politicosaldesnudo.com.mx\/index.php\/wp-json\/wp\/v2\/posts\/61840","targetHints":{"allow":["GET"]}}],"collection":[{"href":"https:\/\/politicosaldesnudo.com.mx\/index.php\/wp-json\/wp\/v2\/posts"}],"about":[{"href":"https:\/\/politicosaldesnudo.com.mx\/index.php\/wp-json\/wp\/v2\/types\/post"}],"author":[{"embeddable":true,"href":"https:\/\/politicosaldesnudo.com.mx\/index.php\/wp-json\/wp\/v2\/users\/4"}],"replies":[{"embeddable":true,"href":"https:\/\/politicosaldesnudo.com.mx\/index.php\/wp-json\/wp\/v2\/comments?post=61840"}],"version-history":[{"count":0,"href":"https:\/\/politicosaldesnudo.com.mx\/index.php\/wp-json\/wp\/v2\/posts\/61840\/revisions"}],"wp:featuredmedia":[{"embeddable":true,"href":"https:\/\/politicosaldesnudo.com.mx\/index.php\/wp-json\/wp\/v2\/media\/61841"}],"wp:attachment":[{"href":"https:\/\/politicosaldesnudo.com.mx\/index.php\/wp-json\/wp\/v2\/media?parent=61840"}],"wp:term":[{"taxonomy":"category","embeddable":true,"href":"https:\/\/politicosaldesnudo.com.mx\/index.php\/wp-json\/wp\/v2\/categories?post=61840"},{"taxonomy":"post_tag","embeddable":true,"href":"https:\/\/politicosaldesnudo.com.mx\/index.php\/wp-json\/wp\/v2\/tags?post=61840"}],"curies":[{"name":"wp","href":"https:\/\/api.w.org\/{rel}","templated":true}]}}