{"id":61843,"date":"2025-04-29T00:02:48","date_gmt":"2025-04-29T06:02:48","guid":{"rendered":"https:\/\/politicosaldesnudo.com.mx\/?p=61843"},"modified":"2025-04-28T20:15:26","modified_gmt":"2025-04-29T02:15:26","slug":"guardia-nacional-realizo-vigilancia-de-carreteras","status":"publish","type":"post","link":"https:\/\/politicosaldesnudo.com.mx\/index.php\/2025\/04\/29\/guardia-nacional-realizo-vigilancia-de-carreteras\/","title":{"rendered":"Guardia Nacional realiz\u00f3 vigilancia de carreteras"},"content":{"rendered":"<p>Con m\u00e1s de 70 elementos desplegados, la Guardia Nacional dio a conocer los resultados del Operativo Semana Santa 2025 en la zona norte del estado de Veracruz, realizado del 11 al 27 de abril en coordinaci\u00f3n con la Secretar\u00eda de la Defensa Nacional. Durante este periodo, se reforz\u00f3 la vigilancia en m\u00e1s de 40 mil kil\u00f3metros de tramos carreteros, incluyendo rutas como Cardel, Alaz\u00e1n-Canoas, Poza Rica-Veracruz, Tuxpan-Tampico y Poza Rica-Ozuluama-Tampico, con el objetivo de proteger a turistas y habitantes durante su traslado y estancia en puntos tur\u00edsticos.<\/p>\n<p>En entrevista, el Suboficial Abraham D\u00edaz Hern\u00e1ndez, titular de la Estaci\u00f3n Poza Rica, ubicada en la caseta de los Gil, inform\u00f3 que en los municipios de Poza Rica, Tuxpan, Ozuluama, \u00c1lamo y Tempoal se implement\u00f3 el programa \u00abH\u00e9roes Paisanos\u00bb, brindando apoyo a los connacionales que visitaron el estado durante las vacaciones. Adem\u00e1s, se\u00f1al\u00f3 que m\u00e1s de 60 elementos fueron desplegados en terminales de autobuses, centros tur\u00edsticos y en el Aeropuerto Nacional de Poza Rica, para atender zonas con alta afluencia de personas.<\/p>\n<p>Indic\u00f3 que como parte de las acciones de prevenci\u00f3n, el Suboficial detall\u00f3 que se aplicaron operativos especiales en los principales tramos carreteros: \u201cRadar\u201d, para detectar veh\u00edculos a exceso de velocidad; \u201cCintur\u00f3n\u201d, para verificar el uso correcto del cintur\u00f3n de seguridad; \u201cCasco\u201d, para supervisar el uso de equipo de seguridad en motociclistas; \u201cTelurio\u201d, para realizar inspecciones de seguridad a pasajeros de autobuses; y \u201cCaballero del Camino\u201d, para brindar apoyo a automovilistas que presentaron fallas mec\u00e1nicas, as\u00ed como orientaci\u00f3n m\u00e9dica o tur\u00edstica.<\/p>\n<p>El entrevistado expuso que, en dicho operativo, se proporcionaron recomendaciones de seguridad a m\u00e1s de 3 mil 500 automovilistas, haciendo \u00e9nfasis en la importancia del uso del cintur\u00f3n de seguridad, tanto para conductores como para pasajeros. Asimismo, se brind\u00f3 atenci\u00f3n ciudadana a m\u00e1s de 1 mil 200 familias que disfrutaron de los distintos destinos tur\u00edsticos de la regi\u00f3n.<\/p>\n<p>Finalmente, el subagente se\u00f1al\u00f3 que estas acciones, la Guardia Nacional y el Ej\u00e9rcito Mexicano tienen el compromiso de mantener la seguridad y la tranquilidad durante el periodo vacacional, trabajando de manera coordinada con los tres \u00f3rdenes de gobierno. De esta manera, reiteraron su labor como guardianes de la soberan\u00eda nacional y su responsabilidad de salvaguardar la integridad de la poblaci\u00f3n en la zona norte del estado de Veracruz.<\/p>\n","protected":false},"excerpt":{"rendered":"<p>Con m\u00e1s de 70 elementos desplegados, la Guardia Nacional dio a conocer los resultados del Operativo Semana Santa 2025 en<\/p>\n","protected":false},"author":4,"featured_media":61844,"comment_status":"closed","ping_status":"closed","sticky":false,"template":"","format":"standard","meta":{"colormag_page_container_layout":"default_layout","colormag_page_sidebar_layout":"default_layout","_jetpack_memberships_contains_paid_content":false,"footnotes":"","jetpack_publicize_message":"","jetpack_publicize_feature_enabled":true,"jetpack_social_post_already_shared":false,"jetpack_social_options":{"image_generator_settings":{"template":"highway","default_image_id":0,"font":"","enabled":false},"version":2}},"categories":[1082],"tags":[],"class_list":["post-61843","post","type-post","status-publish","format-standard","has-post-thumbnail","hentry","category-tuxpan"],"jetpack_publicize_connections":[],"jetpack_featured_media_url":"https:\/\/i0.wp.com\/politicosaldesnudo.com.mx\/wp-content\/uploads\/2025\/04\/4b-9.jpg?fit=1600%2C1204&ssl=1","jetpack-related-posts":[],"jetpack_sharing_enabled":true,"_links":{"self":[{"href":"https:\/\/politicosaldesnudo.com.mx\/index.php\/wp-json\/wp\/v2\/posts\/61843","targetHints":{"allow":["GET"]}}],"collection":[{"href":"https:\/\/politicosaldesnudo.com.mx\/index.php\/wp-json\/wp\/v2\/posts"}],"about":[{"href":"https:\/\/politicosaldesnudo.com.mx\/index.php\/wp-json\/wp\/v2\/types\/post"}],"author":[{"embeddable":true,"href":"https:\/\/politicosaldesnudo.com.mx\/index.php\/wp-json\/wp\/v2\/users\/4"}],"replies":[{"embeddable":true,"href":"https:\/\/politicosaldesnudo.com.mx\/index.php\/wp-json\/wp\/v2\/comments?post=61843"}],"version-history":[{"count":0,"href":"https:\/\/politicosaldesnudo.com.mx\/index.php\/wp-json\/wp\/v2\/posts\/61843\/revisions"}],"wp:featuredmedia":[{"embeddable":true,"href":"https:\/\/politicosaldesnudo.com.mx\/index.php\/wp-json\/wp\/v2\/media\/61844"}],"wp:attachment":[{"href":"https:\/\/politicosaldesnudo.com.mx\/index.php\/wp-json\/wp\/v2\/media?parent=61843"}],"wp:term":[{"taxonomy":"category","embeddable":true,"href":"https:\/\/politicosaldesnudo.com.mx\/index.php\/wp-json\/wp\/v2\/categories?post=61843"},{"taxonomy":"post_tag","embeddable":true,"href":"https:\/\/politicosaldesnudo.com.mx\/index.php\/wp-json\/wp\/v2\/tags?post=61843"}],"curies":[{"name":"wp","href":"https:\/\/api.w.org\/{rel}","templated":true}]}}