{"id":61852,"date":"2025-04-29T00:05:20","date_gmt":"2025-04-29T06:05:20","guid":{"rendered":"https:\/\/politicosaldesnudo.com.mx\/?p=61852"},"modified":"2025-04-28T20:37:28","modified_gmt":"2025-04-29T02:37:28","slug":"scjn-deja-vigente-aumento-de-penas-en-delitos-con-ia","status":"publish","type":"post","link":"https:\/\/politicosaldesnudo.com.mx\/index.php\/2025\/04\/29\/scjn-deja-vigente-aumento-de-penas-en-delitos-con-ia\/","title":{"rendered":"SCJN deja vigente aumento de penas en delitos con IA"},"content":{"rendered":"<p class=\"nota-justify\">La Suprema Corte de Justicia de la Naci\u00f3n (SCJN) determin\u00f3 este lunes dejar vigente la agravante que aumenta hasta en una mitad las penas previstas para quien utilice la Inteligencia Artificial (IA) para cometer\u00a0un\u00a0delito.<\/p>\n<p class=\"nota-justify\">Por mayor\u00eda de cinco votos contra cuatro, el Pleno del Alto Tribunal rechaz\u00f3 el proyecto de la ministra Loretta Ortiz Ahlf, que propon\u00eda anular el art\u00edculo 20 Bis del C\u00f3digo Penal de Quintana Roo, el cual estableci\u00f3 dicho incremento de la pena mediante la reforma del 10 de abril de 2024.<\/p>\n<p class=\"nota-justify\">La ministra buscaba dar la raz\u00f3n a la impugnaci\u00f3n promovida por el Poder Ejecutivo Federal, que sosten\u00eda que la norma era contraria a los principios de seguridad jur\u00eddica y legalidad, pues la definici\u00f3n de inteligencia artificial no es clara ni precisa.<\/p>\n<p class=\"nota-justify\">\u201cEl proyecto reconoce la importancia de regular la inteligencia artificial debido al impacto que tendr\u00e1 en todos los \u00e1mbitos de la vida de las personas; sin embargo, dicha regulaci\u00f3n debe cumplir con los requisitos m\u00ednimos necesarios que se imponen a cualquier legislaci\u00f3n, particularmente en la materia penal, lo cual, en el caso, no acontece\u201d, argument\u00f3 la ponente.<\/p>\n<p class=\"nota-justify\">Adem\u00e1s de establecer una agravante, el art\u00edculo del C\u00f3digo Penal de Quintana Roo defini\u00f3 que \u201cse entender\u00e1 por inteligencia artificial la capacidad de los sistemas tecnol\u00f3gicos, inform\u00e1ticos, softwares o aplicaciones de una m\u00e1quina para simular capacidades humanas como el razonamiento, el aprendizaje, la creatividad, la capacidad de planear y procesar datos para la realizaci\u00f3n de tareas espec\u00edficas y aut\u00f3nomas\u201d.<\/p>\n<p class=\"nota-justify\">El proyecto gener\u00f3 una amplia discusi\u00f3n en los ministros. Alberto P\u00e9rez Day\u00e1n defendi\u00f3 que deb\u00eda tomarse en cuenta que al momento no hay una definici\u00f3n universal sobre IA.<\/p>\n","protected":false},"excerpt":{"rendered":"<p>La Suprema Corte de Justicia de la Naci\u00f3n (SCJN) determin\u00f3 este lunes dejar vigente la agravante que aumenta hasta en<\/p>\n","protected":false},"author":4,"featured_media":61853,"comment_status":"closed","ping_status":"closed","sticky":false,"template":"","format":"standard","meta":{"colormag_page_container_layout":"default_layout","colormag_page_sidebar_layout":"default_layout","_jetpack_memberships_contains_paid_content":false,"footnotes":"","jetpack_publicize_message":"","jetpack_publicize_feature_enabled":true,"jetpack_social_post_already_shared":false,"jetpack_social_options":{"image_generator_settings":{"template":"highway","default_image_id":0,"font":"","enabled":false},"version":2}},"categories":[33],"tags":[],"class_list":["post-61852","post","type-post","status-publish","format-standard","has-post-thumbnail","hentry","category-nacional"],"jetpack_publicize_connections":[],"jetpack_featured_media_url":"https:\/\/i0.wp.com\/politicosaldesnudo.com.mx\/wp-content\/uploads\/2025\/04\/SUP-1.jpg?fit=752%2C518&ssl=1","jetpack-related-posts":[],"jetpack_sharing_enabled":true,"_links":{"self":[{"href":"https:\/\/politicosaldesnudo.com.mx\/index.php\/wp-json\/wp\/v2\/posts\/61852","targetHints":{"allow":["GET"]}}],"collection":[{"href":"https:\/\/politicosaldesnudo.com.mx\/index.php\/wp-json\/wp\/v2\/posts"}],"about":[{"href":"https:\/\/politicosaldesnudo.com.mx\/index.php\/wp-json\/wp\/v2\/types\/post"}],"author":[{"embeddable":true,"href":"https:\/\/politicosaldesnudo.com.mx\/index.php\/wp-json\/wp\/v2\/users\/4"}],"replies":[{"embeddable":true,"href":"https:\/\/politicosaldesnudo.com.mx\/index.php\/wp-json\/wp\/v2\/comments?post=61852"}],"version-history":[{"count":0,"href":"https:\/\/politicosaldesnudo.com.mx\/index.php\/wp-json\/wp\/v2\/posts\/61852\/revisions"}],"wp:featuredmedia":[{"embeddable":true,"href":"https:\/\/politicosaldesnudo.com.mx\/index.php\/wp-json\/wp\/v2\/media\/61853"}],"wp:attachment":[{"href":"https:\/\/politicosaldesnudo.com.mx\/index.php\/wp-json\/wp\/v2\/media?parent=61852"}],"wp:term":[{"taxonomy":"category","embeddable":true,"href":"https:\/\/politicosaldesnudo.com.mx\/index.php\/wp-json\/wp\/v2\/categories?post=61852"},{"taxonomy":"post_tag","embeddable":true,"href":"https:\/\/politicosaldesnudo.com.mx\/index.php\/wp-json\/wp\/v2\/tags?post=61852"}],"curies":[{"name":"wp","href":"https:\/\/api.w.org\/{rel}","templated":true}]}}