{"id":61876,"date":"2025-04-29T00:13:21","date_gmt":"2025-04-29T06:13:21","guid":{"rendered":"https:\/\/politicosaldesnudo.com.mx\/?p=61876"},"modified":"2025-04-28T21:31:31","modified_gmt":"2025-04-29T03:31:31","slug":"difieren-david-monreal-y-canirac-sobre-caida-del-turismo-en-zacatecas","status":"publish","type":"post","link":"https:\/\/politicosaldesnudo.com.mx\/index.php\/2025\/04\/29\/difieren-david-monreal-y-canirac-sobre-caida-del-turismo-en-zacatecas\/","title":{"rendered":"Difieren David Monreal y Canirac sobre ca\u00edda del turismo en Zacatecas"},"content":{"rendered":"<p class=\"nota-justify\">Integrantes de la C\u00e1mara Nacional de la Industria de Restaurantes y Alimentos Condimentados (Canirac), delegaci\u00f3n Zacatecas, hicieron un llamado \u201curgente\u201d a las autoridades federales, estatales y municipales, as\u00ed como a los organismos responsables de la promoci\u00f3n tur\u00edstica y econ\u00f3mica locales, a fortalecer las condiciones del mercado interno, para lograr una recuperaci\u00f3n en las ventas, que han ca\u00eddo durante los casi cuatro a\u00f1os del gobierno de David Monreal \u00c1vila.<\/p>\n<p class=\"nota-justify\">A trav\u00e9s de un pronunciamiento la Canirac conmin\u00f3 con urgencia a las autoridades, \u201ca trabajar de manera conjunta en el fortalecimiento del consumo interno, la promoci\u00f3n de nuestros destinos y la implementaci\u00f3n de medidas que garanticen un entorno seguro y propicio para el crecimiento econ\u00f3mico\u201d.<\/p>\n<p class=\"nota-justify\">En Zacatecas, acusaron los restauranteros, los \u201c\u00faltimos cuatro a\u00f1os\u201d, -correspondientes a la administraci\u00f3n de David Monreal \u00c1vila-, lamentaron que, \u201cnuestros establecimientos han enfrentado p\u00e9rdidas significativas en sus ventas, registrando disminuciones promedio del 21.3 por ciento\u201d.<\/p>\n<p class=\"nota-justify\">Sin embargo, el reclamo de los integrantes de la Canirac, fue atajado r\u00e1pidamente, cuando el mandatario morenista revir\u00f3 en entrevista con reporteros locales, al asegurar que los integrantes de dicho sector, \u201cmienten\u2026 tengo otros datos, a lo mejor tienen que hacer acciones extraordinarias para mejorar sus servicios\u201d, afirm\u00f3 David Monreal.<\/p>\n<p class=\"nota-justify\">El gobernador de Zacatecas intent\u00f3 incluso dar su explicaci\u00f3n de c\u00f3mo y por qu\u00e9, hay una crisis econ\u00f3mica en el sector tur\u00edstico global: \u201clos destinos tur\u00edsticos, los destinos de servicio, todos hacen su mejor esfuerzo para atraer a la gente\u2026hay quienes le invierten m\u00e1s y quienes invierten menos\u201d.<\/p>\n<p class=\"nota-justify\">David Monreal \u00c1vila asegur\u00f3 incluso que, en materia recaudatoria, en su administraci\u00f3n, \u201cen los \u00faltimos tres a\u00f1os hemos incrementado los niveles propios \u2013la recaudaci\u00f3n-, de manera exponencial, hemos incrementado los ingresos propios al 100 por ciento (sic)\u201d.<\/p>\n<p class=\"nota-justify\">Pero la Canirac, en su reclamo al gobierno monrealista, tiene otra postura, pues asegura que \u201cnuestros establecimientos han enfrentado p\u00e9rdidas significativas en sus ventas, registrando disminuciones promedio del 19.6% en 2021, 21.6% en 2022, 24% en 2023 y 20% en 2024. Estas cifras reflejan una p\u00e9rdida promedio anual de 21.3% de disminuci\u00f3n en los ingresos del sector\u201d.<\/p>\n<p class=\"nota-justify\">Actualmente, advirti\u00f3 la Canirac, la mayor parte de sus agremiados enfrentan \u201cun grave deterioro progresivo en las condiciones de operaci\u00f3n de los negocios gastron\u00f3micos, muchos de los cuales trabajan al l\u00edmite de su sostenibilidad\u201d.<\/p>\n","protected":false},"excerpt":{"rendered":"<p>Integrantes de la C\u00e1mara Nacional de la Industria de Restaurantes y Alimentos Condimentados (Canirac), delegaci\u00f3n Zacatecas, hicieron un llamado \u201curgente\u201d<\/p>\n","protected":false},"author":4,"featured_media":61877,"comment_status":"closed","ping_status":"closed","sticky":false,"template":"","format":"standard","meta":{"colormag_page_container_layout":"default_layout","colormag_page_sidebar_layout":"default_layout","_jetpack_memberships_contains_paid_content":false,"footnotes":"","jetpack_publicize_message":"","jetpack_publicize_feature_enabled":true,"jetpack_social_post_already_shared":false,"jetpack_social_options":{"image_generator_settings":{"template":"highway","default_image_id":0,"font":"","enabled":false},"version":2}},"categories":[30],"tags":[],"class_list":["post-61876","post","type-post","status-publish","format-standard","has-post-thumbnail","hentry","category-estados"],"jetpack_publicize_connections":[],"jetpack_featured_media_url":"https:\/\/i0.wp.com\/politicosaldesnudo.com.mx\/wp-content\/uploads\/2025\/04\/Gpffh3kWIAATh6Z.jpg?fit=1280%2C927&ssl=1","jetpack-related-posts":[],"jetpack_sharing_enabled":true,"_links":{"self":[{"href":"https:\/\/politicosaldesnudo.com.mx\/index.php\/wp-json\/wp\/v2\/posts\/61876","targetHints":{"allow":["GET"]}}],"collection":[{"href":"https:\/\/politicosaldesnudo.com.mx\/index.php\/wp-json\/wp\/v2\/posts"}],"about":[{"href":"https:\/\/politicosaldesnudo.com.mx\/index.php\/wp-json\/wp\/v2\/types\/post"}],"author":[{"embeddable":true,"href":"https:\/\/politicosaldesnudo.com.mx\/index.php\/wp-json\/wp\/v2\/users\/4"}],"replies":[{"embeddable":true,"href":"https:\/\/politicosaldesnudo.com.mx\/index.php\/wp-json\/wp\/v2\/comments?post=61876"}],"version-history":[{"count":0,"href":"https:\/\/politicosaldesnudo.com.mx\/index.php\/wp-json\/wp\/v2\/posts\/61876\/revisions"}],"wp:featuredmedia":[{"embeddable":true,"href":"https:\/\/politicosaldesnudo.com.mx\/index.php\/wp-json\/wp\/v2\/media\/61877"}],"wp:attachment":[{"href":"https:\/\/politicosaldesnudo.com.mx\/index.php\/wp-json\/wp\/v2\/media?parent=61876"}],"wp:term":[{"taxonomy":"category","embeddable":true,"href":"https:\/\/politicosaldesnudo.com.mx\/index.php\/wp-json\/wp\/v2\/categories?post=61876"},{"taxonomy":"post_tag","embeddable":true,"href":"https:\/\/politicosaldesnudo.com.mx\/index.php\/wp-json\/wp\/v2\/tags?post=61876"}],"curies":[{"name":"wp","href":"https:\/\/api.w.org\/{rel}","templated":true}]}}