{"id":61885,"date":"2025-04-29T00:16:51","date_gmt":"2025-04-29T06:16:51","guid":{"rendered":"https:\/\/politicosaldesnudo.com.mx\/?p=61885"},"modified":"2025-04-28T21:40:57","modified_gmt":"2025-04-29T03:40:57","slug":"aterrizan-en-chiapas-tres-vuelos-con-mexicanos-deportados-desde-eu","status":"publish","type":"post","link":"https:\/\/politicosaldesnudo.com.mx\/index.php\/2025\/04\/29\/aterrizan-en-chiapas-tres-vuelos-con-mexicanos-deportados-desde-eu\/","title":{"rendered":"Aterrizan en Chiapas tres vuelos con mexicanos deportados desde EU"},"content":{"rendered":"<div id=\"article-content-tts\" class=\"nota-contenido mb-5\">\n<div id=\"content_nitf\">\n<p class=\"nota-justify\">El Gobierno de Estados Unidos intensific\u00f3 las deportaciones a\u00e9reas de mexicanos a Chiapas con el env\u00edo de tres aeronaves este lunes, informaron fuentes de seguridad.<\/p>\n<p class=\"nota-justify\">Tres aviones, dos procedentes de Texas y uno de Georgia, con un aproximado de 500 connacionales aterrizaron durante la ma\u00f1ana y por la tarde en el Aeropuerto Internacional de Tapachula, en la frontera con Guatemala.<\/p>\n<p class=\"nota-justify\">El primer vuelo parti\u00f3 de El Paso-un Airbus A320 de la empresa Global Crossing Airlines (GlobalX)- y arrib\u00f3 alrededor del mediod\u00eda con 157 mexicanos; la segunda aeronave de la misma empresa lleg\u00f3 desde Columbus, Georgia, hacia las 13:30 horas con 158 connacionales.<\/p>\n<p class=\"nota-justify\">Y el tercer avi\u00f3n de la jornada tambi\u00e9n de la empresa GlobalX, con origen en Harlingen, aterriz\u00f3 cerca de las 16:30 horas con 164 deportados.<\/p>\n<p class=\"nota-justify\">Todos los migrantes devueltos fueron recibidos por el operativo \u201cM\u00e9xico te abraza\u201d implementado por instituciones de los tres niveles de gobierno que brinda asistencia jur\u00eddica, administrativa, m\u00e9dica y econ\u00f3mica.<\/p>\n<p class=\"nota-justify\">Con los de hoy suman una treintena de vuelos con alrededor de tres mil 500 mexicanos enviados a la frontera sur,\u00a0de acuerdo con estimaciones de las autoridades aeroportuarias y del Instituto Nacional de Migraci\u00f3n.<\/p>\n<p class=\"nota-justify\">Las deportaciones masivas a\u00e9reas de mexicanos desde Estados Unidos a la frontera con Guatemala comenzaron el pasado 20 de febrero, justo un mes despu\u00e9s de la llegada de Donald Trump a la Presidencia.<\/p>\n<p class=\"nota-justify\">Seg\u00fan cifras del INM en su Bolet\u00edn Estad\u00edstico Mensual, entre enero y febrero fueron deportados de EU 23 mil 191 mexicanos por 19 puntos de recepci\u00f3n en ocho Estados del pa\u00eds (Baja California, Chiapas, Chihuahua, Coahuila, Sonora, Tamaulipas, Estado de M\u00e9xico y Tabasco).<\/p>\n<\/div>\n<\/div>\n<div class=\"notas-relacionadas\"><\/div>\n<div class=\"nota-tags\"><\/div>\n","protected":false},"excerpt":{"rendered":"<p>El Gobierno de Estados Unidos intensific\u00f3 las deportaciones a\u00e9reas de mexicanos a Chiapas con el env\u00edo de tres aeronaves este<\/p>\n","protected":false},"author":4,"featured_media":61886,"comment_status":"closed","ping_status":"closed","sticky":false,"template":"","format":"standard","meta":{"colormag_page_container_layout":"default_layout","colormag_page_sidebar_layout":"default_layout","_jetpack_memberships_contains_paid_content":false,"footnotes":"","jetpack_publicize_message":"","jetpack_publicize_feature_enabled":true,"jetpack_social_post_already_shared":false,"jetpack_social_options":{"image_generator_settings":{"template":"highway","default_image_id":0,"font":"","enabled":false},"version":2}},"categories":[30],"tags":[],"class_list":["post-61885","post","type-post","status-publish","format-standard","has-post-thumbnail","hentry","category-estados"],"jetpack_publicize_connections":[],"jetpack_featured_media_url":"https:\/\/i0.wp.com\/politicosaldesnudo.com.mx\/wp-content\/uploads\/2025\/04\/CIAP.jpg?fit=754%2C485&ssl=1","jetpack-related-posts":[],"jetpack_sharing_enabled":true,"_links":{"self":[{"href":"https:\/\/politicosaldesnudo.com.mx\/index.php\/wp-json\/wp\/v2\/posts\/61885","targetHints":{"allow":["GET"]}}],"collection":[{"href":"https:\/\/politicosaldesnudo.com.mx\/index.php\/wp-json\/wp\/v2\/posts"}],"about":[{"href":"https:\/\/politicosaldesnudo.com.mx\/index.php\/wp-json\/wp\/v2\/types\/post"}],"author":[{"embeddable":true,"href":"https:\/\/politicosaldesnudo.com.mx\/index.php\/wp-json\/wp\/v2\/users\/4"}],"replies":[{"embeddable":true,"href":"https:\/\/politicosaldesnudo.com.mx\/index.php\/wp-json\/wp\/v2\/comments?post=61885"}],"version-history":[{"count":0,"href":"https:\/\/politicosaldesnudo.com.mx\/index.php\/wp-json\/wp\/v2\/posts\/61885\/revisions"}],"wp:featuredmedia":[{"embeddable":true,"href":"https:\/\/politicosaldesnudo.com.mx\/index.php\/wp-json\/wp\/v2\/media\/61886"}],"wp:attachment":[{"href":"https:\/\/politicosaldesnudo.com.mx\/index.php\/wp-json\/wp\/v2\/media?parent=61885"}],"wp:term":[{"taxonomy":"category","embeddable":true,"href":"https:\/\/politicosaldesnudo.com.mx\/index.php\/wp-json\/wp\/v2\/categories?post=61885"},{"taxonomy":"post_tag","embeddable":true,"href":"https:\/\/politicosaldesnudo.com.mx\/index.php\/wp-json\/wp\/v2\/tags?post=61885"}],"curies":[{"name":"wp","href":"https:\/\/api.w.org\/{rel}","templated":true}]}}