{"id":61888,"date":"2025-04-29T00:17:44","date_gmt":"2025-04-29T06:17:44","guid":{"rendered":"https:\/\/politicosaldesnudo.com.mx\/?p=61888"},"modified":"2025-04-28T21:42:52","modified_gmt":"2025-04-29T03:42:52","slug":"mark-carney-se-proyecta-como-ganador-en-las-parlamentarias-de-canada","status":"publish","type":"post","link":"https:\/\/politicosaldesnudo.com.mx\/index.php\/2025\/04\/29\/mark-carney-se-proyecta-como-ganador-en-las-parlamentarias-de-canada\/","title":{"rendered":"Mark Carney se proyecta como ganador en las parlamentarias de Canad\u00e1"},"content":{"rendered":"<p class=\"nota-justify\">El Partido Liberal del primer ministro Mark Carney se proyecta como vencedor de las elecciones parlamentarias del lunes en Canad\u00e1, reportaron varios medios de comunicaci\u00f3n, tras una campa\u00f1a marcada por las amenazas del presidente estadunidense, Donald Trump.<\/p>\n<p class=\"nota-justify\">La cadena p\u00fablica CBC y CTV News pronosticaron que los liberales formar\u00edan el pr\u00f3ximo gobierno canadiense, pero a\u00fan no estaba claro si tendr\u00edan mayor\u00eda en el parlamento.<\/p>\n","protected":false},"excerpt":{"rendered":"<p>El Partido Liberal del primer ministro Mark Carney se proyecta como vencedor de las elecciones parlamentarias del lunes en Canad\u00e1,<\/p>\n","protected":false},"author":4,"featured_media":61889,"comment_status":"closed","ping_status":"closed","sticky":false,"template":"","format":"standard","meta":{"colormag_page_container_layout":"default_layout","colormag_page_sidebar_layout":"default_layout","_jetpack_memberships_contains_paid_content":false,"footnotes":"","jetpack_publicize_message":"","jetpack_publicize_feature_enabled":true,"jetpack_social_post_already_shared":false,"jetpack_social_options":{"image_generator_settings":{"template":"highway","default_image_id":0,"font":"","enabled":false},"version":2}},"categories":[28],"tags":[],"class_list":["post-61888","post","type-post","status-publish","format-standard","has-post-thumbnail","hentry","category-internacional"],"jetpack_publicize_connections":[],"jetpack_featured_media_url":"https:\/\/i0.wp.com\/politicosaldesnudo.com.mx\/wp-content\/uploads\/2025\/04\/MARK-1.jpg?fit=749%2C406&ssl=1","jetpack-related-posts":[],"jetpack_sharing_enabled":true,"_links":{"self":[{"href":"https:\/\/politicosaldesnudo.com.mx\/index.php\/wp-json\/wp\/v2\/posts\/61888","targetHints":{"allow":["GET"]}}],"collection":[{"href":"https:\/\/politicosaldesnudo.com.mx\/index.php\/wp-json\/wp\/v2\/posts"}],"about":[{"href":"https:\/\/politicosaldesnudo.com.mx\/index.php\/wp-json\/wp\/v2\/types\/post"}],"author":[{"embeddable":true,"href":"https:\/\/politicosaldesnudo.com.mx\/index.php\/wp-json\/wp\/v2\/users\/4"}],"replies":[{"embeddable":true,"href":"https:\/\/politicosaldesnudo.com.mx\/index.php\/wp-json\/wp\/v2\/comments?post=61888"}],"version-history":[{"count":0,"href":"https:\/\/politicosaldesnudo.com.mx\/index.php\/wp-json\/wp\/v2\/posts\/61888\/revisions"}],"wp:featuredmedia":[{"embeddable":true,"href":"https:\/\/politicosaldesnudo.com.mx\/index.php\/wp-json\/wp\/v2\/media\/61889"}],"wp:attachment":[{"href":"https:\/\/politicosaldesnudo.com.mx\/index.php\/wp-json\/wp\/v2\/media?parent=61888"}],"wp:term":[{"taxonomy":"category","embeddable":true,"href":"https:\/\/politicosaldesnudo.com.mx\/index.php\/wp-json\/wp\/v2\/categories?post=61888"},{"taxonomy":"post_tag","embeddable":true,"href":"https:\/\/politicosaldesnudo.com.mx\/index.php\/wp-json\/wp\/v2\/tags?post=61888"}],"curies":[{"name":"wp","href":"https:\/\/api.w.org\/{rel}","templated":true}]}}