{"id":61891,"date":"2025-04-29T00:18:22","date_gmt":"2025-04-29T06:18:22","guid":{"rendered":"https:\/\/politicosaldesnudo.com.mx\/?p=61891"},"modified":"2025-04-28T21:44:35","modified_gmt":"2025-04-29T03:44:35","slug":"casi-nueve-horas-despues-del-apagon-espana-empieza-a-recuperar-la-luz","status":"publish","type":"post","link":"https:\/\/politicosaldesnudo.com.mx\/index.php\/2025\/04\/29\/casi-nueve-horas-despues-del-apagon-espana-empieza-a-recuperar-la-luz\/","title":{"rendered":"Casi nueve horas despu\u00e9s del apag\u00f3n, Espa\u00f1a empieza a recuperar la luz"},"content":{"rendered":"<p class=\"nota-justify\">Un apag\u00f3n masivo del sistema el\u00e9ctrico dej\u00f3 durante m\u00e1s de nueve horas sin luz ni servicios de telefon\u00eda a m\u00e1s de 45 millones de personas en Espa\u00f1a, Portugal y el sur de Francia, convirti\u00e9ndose en el m\u00e1s grave de la historia reciente y que provoc\u00f3 escenas de caos, miedo y desesperaci\u00f3n.<\/p>\n<p class=\"nota-justify\">Las causas de un hecho tan inusual como grave se desconocen todav\u00eda con certeza, pero la hip\u00f3tesis que cobra m\u00e1s fuerza es que se produjo un grave desequilibrio entre la generaci\u00f3n y la demanda y esto provoc\u00f3 el colapso del sistema, que adem\u00e1s est\u00e1 interconectado con Portugal y con el sur de Francia, de ah\u00ed que tambi\u00e9n se vieron afectados esos pa\u00edses.<\/p>\n<p class=\"nota-justify\">En varias regiones de Espa\u00f1a, como Madrid, Andaluc\u00eda, Murcia, Extremadura y La Rioja se decidi\u00f3 decretar la emergencia nacional para garantizar la seguridad de los ciudadanos, ya que el restablecimiento de la luz no es total.<\/p>\n<p class=\"nota-justify\">El presidente del gobierno espa\u00f1ol, el socialista Pedro S\u00e1nchez, en su segunda comparecencia del d\u00eda, al borde de las 11 de la noche, reconoci\u00f3 que la situaci\u00f3n de la recuperaci\u00f3n de la energ\u00eda el\u00e9ctrica \u201ces asim\u00e9trica\u201d y que \u201chay comunidades aut\u00f3nomas que ya han recuperado la capacidad de suministro el\u00e9ctrico al 85 por ciento, pero hay otras que s\u00f3lo lo han hecho al 15 por ciento\u201d.<\/p>\n<p class=\"nota-justify\">Y en cuanto a las posibles causas advirti\u00f3 que es \u201calgo que no hab\u00eda ocurrido jam\u00e1s\u201d y que en una franja de tiempo de cinco segundos \u201cse perdieron 15 gigavatios s\u00fabitamente del sistema, algo que no hab\u00eda pasado jam\u00e1s.<\/p>\n<p class=\"nota-justify\">Es el 60 por ciento de la demanda. Los especialistas no han podido averiguar de momento el motivo\u201d, asegur\u00f3 el mandatario espa\u00f1ol despu\u00e9s de reunirse con el Consejo de Seguridad Nacional, donde tambi\u00e9n se decidi\u00f3 reforzar la seguridad en las calles, sobre todo en todas las ciudades, barrios y localidades en las que todav\u00eda sigue sin haber luz.<\/p>\n<p class=\"nota-justify\">A las 12:33 horas de la ma\u00f1ana Espa\u00f1a se apag\u00f3 por completo: la red el\u00e9ctrica dej\u00f3 de funcionar, los sistemas de telefon\u00eda no respond\u00edan y s\u00f3lo algunos lo hac\u00edan de forma irregular, y hasta el agua empez\u00f3 a escasear por la perdida de potencia de las bombas que permiten trasladar el l\u00edquido a los hogares.<\/p>\n<p class=\"nota-justify\">Lo que parec\u00eda que ser\u00eda una cosa de minutos se convirti\u00f3 en el apag\u00f3n masivo m\u00e1s largo de la historia y que dej\u00f3 a su paso escenas de una serie apocal\u00edptica: largas colas en los supermercados a pesar que muchos de ellos no pod\u00edan vender sus productor por la falta de electricidad, la gente buscando desesperadamente agua, linternas de pila y sobre todo una radio de transmisi\u00f3n anal\u00f3gica con la que pudiera estar informada, ya que no funcionaba internet ni en las casas ni en los tel\u00e9fonos al dejar de suministrar el servicio los repetidores de las compa\u00f1\u00edas de telefon\u00eda.<\/p>\n<p class=\"nota-justify\">Otras escenas que imprimieron a\u00fan m\u00e1s caos y miedo durante el apag\u00f3n se registraron en los trenes de corta, media y larga distancia que en ese momento estaban circulando por la ampl\u00eda red del pa\u00eds y que en cuesti\u00f3n de segundos se pararon en mitad del trayecto al dejar de recibir la energ\u00eda que les permite moverse.<\/p>\n<p class=\"nota-justify\">Hasta 11 trenes, con todos sus pasajeros a bordo, no hab\u00edan sido rescatados alrededor de las 12 de la noche, es decir casi 12 horas despu\u00e9s del apag\u00f3n masivo.<\/p>\n<p class=\"nota-justify\">Y tambi\u00e9n se registraron numerosas urgencias que tuvieron que atender tanto los cuerpos de bomberos, que rescataron a decenas de personas atrapadas en elevadores o en gr\u00faas que se utilizan para construcci\u00f3n.<\/p>\n<p class=\"nota-justify\">As\u00ed como los servicios de emergencia sanitaria, que recibieron numerosas peticiones para auxiliar a personas que, por ejemplo, necesitan un respirador artificial para vivir o que, como ocurre con los enfermos de ELA, tiene que estar conectados a una serie de aparatos m\u00e9dicos para seguir viviendo.<\/p>\n<p class=\"nota-justify\">La explicaci\u00f3n que ofreci\u00f3 el presidente S\u00e1nchez sobre el apag\u00f3n masivo coincidi\u00f3 con la versi\u00f3n que hab\u00eda ofrecido unas horas antes el director de servicios de operaci\u00f3n de Red El\u00e9ctrica Espa\u00f1ola (REE), Eduardo Prieto, quien asegur\u00f3 que el posible origen del fallo masivo fue \u201cuna fuerte oscilaci\u00f3n de los flujos de potencia acompa\u00f1ados de una p\u00e9rdida de generaci\u00f3n muy importante.<\/p>\n<p class=\"nota-justify\">Es decir un grave desequilibrio entre generaci\u00f3n y demanda\u201d que provoc\u00f3 que el sistema \u201ccolapsara\u201d. Adem\u00e1s explic\u00f3 que un grupo de centrales hidroel\u00e9ctricas con capacidad de arrancar de forma aut\u00f3noma se activaron para acoplarse a la red general y as\u00ed empezar a recuperar la energ\u00eda en algunas zonas.<\/p>\n<p class=\"nota-justify\">Adem\u00e1s se confirm\u00f3 desde la REE que el fallo masivo afect\u00f3 a todo el pa\u00eds, con la excepci\u00f3n de las islas Canarias y Baleares y a las ciudades aut\u00f3nomas de Ceuta y Melilla, adem\u00e1s de a Portugal y el sur de Francia. De hecho Redes Energ\u00e9ticas Nacionais (REN, en sus siglas en portugu\u00e9s) explic\u00f3 en un comunicado que la interrupci\u00f3n se origin\u00f3 por \u201coscilaciones an\u00f3malas en las l\u00edneas de muy alta tensi\u00f3n (400 kV)\u201d, adem\u00e1s de que los servicios de inteligencia lusos descartaron la hip\u00f3tesis del \u201cciberataque\u201d.<\/p>\n<p class=\"nota-justify\">De hecho el presidente del Consejo Europeo, Ant\u00f3nio Costa, expres\u00f3 a trav\u00e9s de su cuenta oficial de X que \u201cpor el momento, no hay indicios de ning\u00fan ciberataque\u201d y recalc\u00f3 que los operadores de red de ambos pa\u00edses contin\u00faan investigando para encontrar la causa exacta del fallo.<\/p>\n<p class=\"nota-justify\">Por su parte, el primer ministro portugu\u00e9s, Lu\u00eds Montenegro, inform\u00f3 que \u201csabemos que el origen no fue en Portugal; todo apunta a que fue en Espa\u00f1a\u201d, aunque pidi\u00f3 prudencia hasta tener una versi\u00f3n oficial sobre lo ocurrido.<\/p>\n<p class=\"nota-justify\">Despu\u00e9s de un d\u00eda en el que millones de personas tuvieron que volver a sus hogares a pie desde sus centros de trabajo o escuelas, al estar suspendidos los servicios de transporte p\u00fablico o por el colapso de tr\u00e1fico en las calles de las grandes ciudades, todas las autoridades p\u00fablicas, tanto las municipales, auton\u00f3micas como centrales, les instan a mantener la calma ante la situaci\u00f3n y en caso de que se registren nuevas alteraciones de la red el\u00e9ctrica a lo largo de la madrugada o de ma\u00f1ana, martes.<\/p>\n<p class=\"nota-justify\">De hecho en varias comunidades aut\u00f3nomas se suspendieron las clases y se inform\u00f3 a los trabajadores que tienen derecho a no acudir a su centro de trabajo si esto pone en riesgo su integridad o si se encuentran atrapados en alg\u00fan lugar lejano a su vivienda.<\/p>\n<p class=\"nota-justify\">Los t\u00e9cnicos del sistema el\u00e9ctrico espa\u00f1ol insisten en que est\u00e1n trabajando para recuperar cuanto antes la normalidad en todo el pa\u00eds, pero las \u201casimetr\u00edas\u201d son patentes y en muchas ciudades, como Madrid y Barcelona, donde hay barrios que siguen a oscuras m\u00e1s de doce horas despu\u00e9s del apag\u00f3n.<\/p>\n","protected":false},"excerpt":{"rendered":"<p>Un apag\u00f3n masivo del sistema el\u00e9ctrico dej\u00f3 durante m\u00e1s de nueve horas sin luz ni servicios de telefon\u00eda a m\u00e1s<\/p>\n","protected":false},"author":4,"featured_media":61892,"comment_status":"closed","ping_status":"closed","sticky":false,"template":"","format":"standard","meta":{"colormag_page_container_layout":"default_layout","colormag_page_sidebar_layout":"default_layout","_jetpack_memberships_contains_paid_content":false,"footnotes":"","jetpack_publicize_message":"","jetpack_publicize_feature_enabled":true,"jetpack_social_post_already_shared":false,"jetpack_social_options":{"image_generator_settings":{"template":"highway","default_image_id":0,"font":"","enabled":false},"version":2}},"categories":[28],"tags":[],"class_list":["post-61891","post","type-post","status-publish","format-standard","has-post-thumbnail","hentry","category-internacional"],"jetpack_publicize_connections":[],"jetpack_featured_media_url":"https:\/\/i0.wp.com\/politicosaldesnudo.com.mx\/wp-content\/uploads\/2025\/04\/image-117.png?fit=1024%2C683&ssl=1","jetpack-related-posts":[],"jetpack_sharing_enabled":true,"_links":{"self":[{"href":"https:\/\/politicosaldesnudo.com.mx\/index.php\/wp-json\/wp\/v2\/posts\/61891","targetHints":{"allow":["GET"]}}],"collection":[{"href":"https:\/\/politicosaldesnudo.com.mx\/index.php\/wp-json\/wp\/v2\/posts"}],"about":[{"href":"https:\/\/politicosaldesnudo.com.mx\/index.php\/wp-json\/wp\/v2\/types\/post"}],"author":[{"embeddable":true,"href":"https:\/\/politicosaldesnudo.com.mx\/index.php\/wp-json\/wp\/v2\/users\/4"}],"replies":[{"embeddable":true,"href":"https:\/\/politicosaldesnudo.com.mx\/index.php\/wp-json\/wp\/v2\/comments?post=61891"}],"version-history":[{"count":0,"href":"https:\/\/politicosaldesnudo.com.mx\/index.php\/wp-json\/wp\/v2\/posts\/61891\/revisions"}],"wp:featuredmedia":[{"embeddable":true,"href":"https:\/\/politicosaldesnudo.com.mx\/index.php\/wp-json\/wp\/v2\/media\/61892"}],"wp:attachment":[{"href":"https:\/\/politicosaldesnudo.com.mx\/index.php\/wp-json\/wp\/v2\/media?parent=61891"}],"wp:term":[{"taxonomy":"category","embeddable":true,"href":"https:\/\/politicosaldesnudo.com.mx\/index.php\/wp-json\/wp\/v2\/categories?post=61891"},{"taxonomy":"post_tag","embeddable":true,"href":"https:\/\/politicosaldesnudo.com.mx\/index.php\/wp-json\/wp\/v2\/tags?post=61891"}],"curies":[{"name":"wp","href":"https:\/\/api.w.org\/{rel}","templated":true}]}}