{"id":61894,"date":"2025-04-29T00:19:08","date_gmt":"2025-04-29T06:19:08","guid":{"rendered":"https:\/\/politicosaldesnudo.com.mx\/?p=61894"},"modified":"2025-04-28T21:46:27","modified_gmt":"2025-04-29T03:46:27","slug":"zar-fronterizo-de-eu-afirma-que-cruces-de-migrantes-bajaron-con-trump","status":"publish","type":"post","link":"https:\/\/politicosaldesnudo.com.mx\/index.php\/2025\/04\/29\/zar-fronterizo-de-eu-afirma-que-cruces-de-migrantes-bajaron-con-trump\/","title":{"rendered":"&#8216;Zar fronterizo&#8217; de EU afirma que cruces de migrantes bajaron con Trump"},"content":{"rendered":"<p class=\"nota-justify\">El \u201czar de la frontera\u201d, Tom Homan, asegur\u00f3 durante una rueda de prensa en la Casa Blanca este lunes, que han bajado los cruces en la frontera desde el inicio de la segunda administraci\u00f3n de Trump y afirm\u00f3 que ahora es \u201cla frontera m\u00e1s segura en la historia de la naci\u00f3n\u201d.<\/p>\n<p class=\"nota-justify\">A la pregunta de \u00bfCu\u00e1ntos kil\u00f3metros se est\u00e1n construyendo hoy y si M\u00e9xico est\u00e1 pagando por ello? Tom Homan respondi\u00f3:<\/p>\n<p class=\"nota-justify\">\u00a0\u201cPerm\u00edtanme abordar eso. Trump dijo que M\u00e9xico pagar\u00e1 el muro. Desplegaron 10 mil militares en la frontera sur. Y s\u00ed, tomaron medidas. Han reducido la inmigraci\u00f3n ilegal a un m\u00ednimo hist\u00f3rico. Estamos ahorrando millones de d\u00f3lares cada d\u00eda en detenciones y procedimientos de deportaci\u00f3n\u00bb.<\/p>\n<p class=\"nota-justify\">Insisti\u00f3 que se ha compensado con creces el costo de ese muro.<\/p>\n<p class=\"nota-justify\">La Casa Blanca dio inicio el lunes a una celebraci\u00f3n de una semana por los primeros 100 d\u00edas de Donald Trump en el cargo, centr\u00e1ndose en su represi\u00f3n fronteriza, un \u00e1rea de relativa fortaleza para el presidente en un momento en que hay se\u00f1ales de alerta para \u00e9l en la \u00faltima ronda de encuestas.<\/p>\n<p class=\"nota-justify\">Se colocaron carteles con fotos de inmigrantes acusados de delitos como violaci\u00f3n y asesinato en el c\u00e9sped de la Casa Blanca, posicionados de manera que aparecieran en el fondo de las transmisiones televisivas fuera del Ala Oeste. Tom Homan, el principal asesor fronterizo de Trump dijo a los periodistas que ha habido un \u00ab\u00e9xito sin precedentes\u00bb en el esfuerzo fronterizo y \u00abvamos a seguir haci\u00e9ndolo, a toda velocidad\u00bb.<\/p>\n<p class=\"nota-justify\">La inmigraci\u00f3n es el tema principal de Trump en las encuestas de opini\u00f3n p\u00fablica, y la secretaria de prensa de la Casa Blanca, Karoline Leavitt, dijo en una conferencia matutina que el gobierno est\u00e1 en \u00ablas etapas iniciales de llevar a cabo la campa\u00f1a de deportaci\u00f3n m\u00e1s grande en la historia de Estados Unidos\u00bb.<\/p>\n<p class=\"nota-justify\">Seg\u00fan la Casa Blanca, aproximadamente 139 mil personas han sido deportadas hasta ahora. Las deportaciones ocasionalmente han quedado rezagadas respecto a los n\u00fameros del presidente dem\u00f3crata Joe Biden, pero los funcionarios de Trump rechazan la comparaci\u00f3n como no \u00abequivalente\u00bb porque ahora cruzan muchas menos personas la frontera.<\/p>\n<p class=\"nota-justify\">M\u00e1s tarde el lunes, Leavitt realiz\u00f3 una segunda conferencia exclusivamente para \u00abnuevos medios\u00bb de comunicaci\u00f3n, donde influencers de redes sociales alineados con Trump hicieron preguntas amistosas y aplaudieron al final.<\/p>\n<p class=\"nota-justify\">El martes ser\u00e1 el d\u00eda 100 de Trump en el cargo, y el presidente republicano planea celebrar el acontecimiento en Michigan, donde realizar\u00e1 un mitin en el condado de Macomb, un centro automotriz al norte de Detroit. Despu\u00e9s de relativamente poco viaje hasta ahora en su mandato, Trump tambi\u00e9n pronunciar\u00e1 un discurso de graduaci\u00f3n el jueves en la Universidad de Alabama.<\/p>\n","protected":false},"excerpt":{"rendered":"<p>El \u201czar de la frontera\u201d, Tom Homan, asegur\u00f3 durante una rueda de prensa en la Casa Blanca este lunes, que<\/p>\n","protected":false},"author":4,"featured_media":61895,"comment_status":"closed","ping_status":"closed","sticky":false,"template":"","format":"standard","meta":{"colormag_page_container_layout":"default_layout","colormag_page_sidebar_layout":"default_layout","_jetpack_memberships_contains_paid_content":false,"footnotes":"","jetpack_publicize_message":"","jetpack_publicize_feature_enabled":true,"jetpack_social_post_already_shared":false,"jetpack_social_options":{"image_generator_settings":{"template":"highway","default_image_id":0,"font":"","enabled":false},"version":2}},"categories":[28],"tags":[],"class_list":["post-61894","post","type-post","status-publish","format-standard","has-post-thumbnail","hentry","category-internacional"],"jetpack_publicize_connections":[],"jetpack_featured_media_url":"https:\/\/i0.wp.com\/politicosaldesnudo.com.mx\/wp-content\/uploads\/2025\/04\/ELPE.jpg?fit=770%2C517&ssl=1","jetpack-related-posts":[],"jetpack_sharing_enabled":true,"_links":{"self":[{"href":"https:\/\/politicosaldesnudo.com.mx\/index.php\/wp-json\/wp\/v2\/posts\/61894","targetHints":{"allow":["GET"]}}],"collection":[{"href":"https:\/\/politicosaldesnudo.com.mx\/index.php\/wp-json\/wp\/v2\/posts"}],"about":[{"href":"https:\/\/politicosaldesnudo.com.mx\/index.php\/wp-json\/wp\/v2\/types\/post"}],"author":[{"embeddable":true,"href":"https:\/\/politicosaldesnudo.com.mx\/index.php\/wp-json\/wp\/v2\/users\/4"}],"replies":[{"embeddable":true,"href":"https:\/\/politicosaldesnudo.com.mx\/index.php\/wp-json\/wp\/v2\/comments?post=61894"}],"version-history":[{"count":0,"href":"https:\/\/politicosaldesnudo.com.mx\/index.php\/wp-json\/wp\/v2\/posts\/61894\/revisions"}],"wp:featuredmedia":[{"embeddable":true,"href":"https:\/\/politicosaldesnudo.com.mx\/index.php\/wp-json\/wp\/v2\/media\/61895"}],"wp:attachment":[{"href":"https:\/\/politicosaldesnudo.com.mx\/index.php\/wp-json\/wp\/v2\/media?parent=61894"}],"wp:term":[{"taxonomy":"category","embeddable":true,"href":"https:\/\/politicosaldesnudo.com.mx\/index.php\/wp-json\/wp\/v2\/categories?post=61894"},{"taxonomy":"post_tag","embeddable":true,"href":"https:\/\/politicosaldesnudo.com.mx\/index.php\/wp-json\/wp\/v2\/tags?post=61894"}],"curies":[{"name":"wp","href":"https:\/\/api.w.org\/{rel}","templated":true}]}}