{"id":6191,"date":"2022-06-06T00:56:07","date_gmt":"2022-06-06T05:56:07","guid":{"rendered":"https:\/\/politicosaldesnudo.com.mx\/?p=6191"},"modified":"2022-06-06T00:58:29","modified_gmt":"2022-06-06T05:58:29","slug":"se-desintegra-la-alianza","status":"publish","type":"post","link":"https:\/\/politicosaldesnudo.com.mx\/index.php\/2022\/06\/06\/se-desintegra-la-alianza\/","title":{"rendered":"Se desintegra la alianza"},"content":{"rendered":"<p>&nbsp;<\/p>\n<p class=\"p1\"><span style=\"font-size: 18pt;\"><b>Por Jos\u00e9 P\u00e1ramo Castro<\/b><\/span><\/p>\n<p class=\"p1\"><span style=\"font-size: 14pt;\">La alianza mucho se habla de las elecciones de 2024, entre dos fuerzas principales, muy al estilo de Estados Unidos. Es Morena, con sus dos sat\u00e9lites PT y PVEM, contra la alianza opositora, bajo el nombre de <strong>Va por M\u00e9xico<\/strong>, integrada por el PAN, el PRI y el PRD, o lo que queda de este grupito de corruptos.<strong> \u00bfPero en realidad existe esa alianza?<\/strong><\/span><\/p>\n<p>&nbsp;<\/p>\n<p><img data-recalc-dims=\"1\" loading=\"lazy\" decoding=\"async\" class=\"aligncenter wp-image-6192 size-large\" src=\"https:\/\/i0.wp.com\/politicosaldesnudo.com.mx\/wp-content\/uploads\/2022\/06\/P-ALIANZA-1024x573.png?resize=800%2C448&#038;ssl=1\" alt=\"\" width=\"800\" height=\"448\" srcset=\"https:\/\/i0.wp.com\/politicosaldesnudo.com.mx\/wp-content\/uploads\/2022\/06\/P-ALIANZA.png?resize=1024%2C573&amp;ssl=1 1024w, https:\/\/i0.wp.com\/politicosaldesnudo.com.mx\/wp-content\/uploads\/2022\/06\/P-ALIANZA.png?resize=300%2C168&amp;ssl=1 300w, https:\/\/i0.wp.com\/politicosaldesnudo.com.mx\/wp-content\/uploads\/2022\/06\/P-ALIANZA.png?resize=768%2C430&amp;ssl=1 768w, https:\/\/i0.wp.com\/politicosaldesnudo.com.mx\/wp-content\/uploads\/2022\/06\/P-ALIANZA.png?resize=1536%2C859&amp;ssl=1 1536w, https:\/\/i0.wp.com\/politicosaldesnudo.com.mx\/wp-content\/uploads\/2022\/06\/P-ALIANZA.png?w=1816&amp;ssl=1 1816w, https:\/\/i0.wp.com\/politicosaldesnudo.com.mx\/wp-content\/uploads\/2022\/06\/P-ALIANZA.png?w=1600&amp;ssl=1 1600w\" sizes=\"auto, (max-width: 800px) 100vw, 800px\" \/><\/p>\n<p>&nbsp;<\/p>\n<p class=\"p1\"><span style=\"font-size: 18pt;\"><strong>La p\u00e9rdida gradual, pero constante de militantes del PAN y del PRI, principalmente forz\u00f3 a Claudio X. Gonz\u00e1lez \u2014mecenas de la alianza opositora\u2014 a convocar a Movimiento Ciudadano a unirse a esa alianza que se le escapa de las manos como agua, porque sus integrantes tienen m\u00e1s pasado que futuro.<\/strong><\/span><\/p>\n<p class=\"p1\"><span style=\"font-size: 18pt;\"><strong>Sin embargo, los l\u00edderes de Movimiento Ciudadano, como el gobernador de Jalisco, Enrique Alfaro; la senadora Patricia Mercado; la coordinador de la bancada de MC en el Senado, Clemente Casta\u00f1eda Hoeflich, se\u00f1alaron que la suma de colores no representa el triunfo electoral, menos amenazas como la que profiri\u00f3 el empresario que ya act\u00faa m\u00e1s por venganza que por convicci\u00f3n, por lo que rechazaron de inmediato dicha propuesta.<\/strong><\/span><\/p>\n<p class=\"p1\"><span style=\"font-size: 14pt;\">Movimiento Ciudadano fue solo en los seis estados donde se renovar\u00e1n gubernaturas, incluso bajo el riesgo de perder su registro en alguno de esos estados.<\/span><\/p>\n<p class=\"p1\"><span style=\"font-size: 18pt;\"><strong>Patricia Mercado se\u00f1al\u00f3 ante la invitaci\u00f3n del esquirol de la pol\u00edtica: \u201cSe equivoca Claudio X. Gonz\u00e1lez al amenazar a Movimiento Ciudadano con \u2018pagar consecuencias\u2019 si no hace coalici\u00f3n con el PRI, el PAN y el PRD. Reproduce precisamente el juego de polarizaci\u00f3n que millones de personas no aceptamos. En M\u00e9xico hay pluralidad pol\u00edtica y diversidad.<\/strong><\/span><\/p>\n<blockquote>\n<p class=\"p1\"><span style=\"font-size: 14pt;\">Que quede claro, nuestro movimiento es una realidad en el pa\u00eds porque ha conservado su identidad y tomado distancia del partido en el Gobierno\u201d, agreg\u00f3.<\/span><\/p>\n<\/blockquote>\n<p class=\"p1\"><span style=\"font-size: 18pt;\"><strong>\u201cLo que debe haber es disposici\u00f3n al di\u00e1logo entre las fuerzas pol\u00edticas, pero tambi\u00e9n he dicho que no estar\u00e9 jam\u00e1s de acuerdo en una alianza simplona construida desde la l\u00f3gica de los partidos. Mientras lo que se plantee sea un reparto de huesos y de posiciones, nosotros a eso no le entramos\u201d, indic\u00f3.<\/strong><\/span><\/p>\n<p class=\"p1\"><span style=\"font-size: 14pt;\">Por su parte el PAN est\u00e1 dividido desde sus entra\u00f1as, condici\u00f3n de la que no puede darse el lujo porque apenas ajusta el n\u00famero de militantes que la ley le exige para mantener el registro.<\/span><\/p>\n<p class=\"p1\"><span style=\"font-size: 14pt;\">El primer d\u00eda de junio circul\u00f3 un documento en el cual miembros del PAN\u00a0de Aguascalientes invitaron a militantes del partido a no votar por su candidata,\u00a0Tere Jim\u00e9nez, por estar ligada directamente a\u00a0Alejandro Moreno, l\u00edder nacional del PRI.<\/span><\/p>\n<p class=\"p1\"><span style=\"font-size: 14pt;\">Dicha carta se asegura que el PAN Aguascalientes est\u00e1 en riesgo: \u201cCon orgullo hemos llevado los ideales de libertad, crecimiento y trabajo, ideales que nos representan como panistas y han hecho de Aguascalientes un basti\u00f3n fuerte. No obstante, hoy el\u00a0PAN en Aguascalientes vive una encrucijada que significa un peligro para todo lo que hemos construido. No somos pocos los panistas que nos sentimos profundamente ofendidos por la alianza con los que han sido los principales enemigos de los que representamos; el PRI\u201d.<\/span><\/p>\n<p class=\"p1\"><span style=\"font-size: 18pt;\"><strong>C\u00f3mo conciliar los intereses del PAN con Movimientos Ciudadano, si \u00e9ste le compra presidentes municipales y diputados al otro y le pega donde m\u00e1s le duele, es decir en sus militantes. A pesar de los esfuerzos del novato de Claudio X. Gonz\u00e1lez, las diferencias est\u00e1n marcadas y son irreversibles las agresiones.<\/strong><\/span><\/p>\n<p class=\"p1\"><span style=\"font-size: 18pt;\"><strong>En Nuevo Le\u00f3n, el\u00a0PAN\u00a0en la C\u00e1mara de Diputados,\u00a0Carlos de la Fuente, l\u00edder de la bancada panista en el Congreso local,\u00a0denunci\u00f3 que varios diputados locales fueron comprados o amenazados por parte de gobierno de Samuel Garc\u00eda para afiliarse a\u00a0Movimiento Ciudadano\u00a0ante la falta de bancada por parte del partido.<\/strong><\/span><\/p>\n<p class=\"p1\"><span style=\"font-size: 14pt;\">Denunci\u00f3 que estas acciones de\u00a0Samuel Garc\u00eda\u00a0ser\u00e1n denunciadas ante Fiscal\u00eda Anticorrupci\u00f3n y la Fiscal\u00eda Especializada en Delitos Electorales;<\/span><\/p>\n<blockquote>\n<p class=\"p1\"><span style=\"font-size: 14pt;\">Vamos a poner una denuncia los diputados de Acci\u00f3n Nacional porque queremos que se investigue c\u00f3mo es que de buenas a primera tantos alcaldes y algunos diputados se movieron de un partido a otro\u201d.<\/span><\/p>\n<\/blockquote>\n<p class=\"p1\"><span style=\"font-size: 14pt;\">El panista asegur\u00f3 que la supuesta \u201ccompra\u201d de diputados se hizo por medio de\u00a0\u201cbilletazos\u00a0y amenazas\u201d y pidi\u00f3 a los legisladores afectados \u201cque hablen\u201d ya que a \u00e9l ni siquiera le dirigen la palabra\u201d.<\/span><\/p>\n<p class=\"p1\"><span style=\"font-size: 14pt;\">Por su parte, el PRI recibe un duro rev\u00e9s en Campeche donde m\u00e1s de 250 militantes renuncian a ese partido, entre l\u00edderes empresariales, ganaderos, campesinos, hoteleros, etc. Ante el desencanto que produce la conducta de su l\u00edder nacional, quien no ha podido sacudirse las denuncias penales que de diferentes partes e instancias ciudadanas y pol\u00edticas lo acusan desde enriquecimiento il\u00edcito hasta de amenazas y maltratos.<\/span><\/p>\n<p class=\"p1\"><span style=\"font-size: 18pt;\"><strong>Omar Arjona Ceballos,\u00a0delegado de la Confederaci\u00f3n Nacional Ganadera, inform\u00f3 que\u00a0renunciaron a su militancia en el PRI, pues recriminaron que han sido despreciados por sus dirigentes estatales.\u00a0Tras reunirse con el secretario de Organizaci\u00f3n, Luis Hern\u00e1ndez Zapata, y entregarle las renuncias por escrito, el l\u00edder ganadero acus\u00f3 que el tricolor ha hecho a un lado a este importante sector, el cual contin\u00faa sin tener representaci\u00f3n, por lo que \u201csi no le servimos, no tiene caso que sigamos engrosando sus filas\u201d.<\/strong><\/span><\/p>\n<p class=\"p1\"><span style=\"font-size: 14pt;\">Asimismo el l\u00edder nacional del PAN; Marko Cort\u00e9s advirti\u00f3 que su partido no se integrar\u00e1 a la alianza opositora si el candidato no es panista.<\/span><\/p>\n<p class=\"p1\"><span style=\"font-size: 14pt;\">Del PRD ni hablar solito se deshace en el camino.<\/span><\/p>\n<p class=\"p1\"><span style=\"font-size: 18pt;\"><strong>Algunos l\u00edderes est\u00e1n preocupados por encontrar un candidato para la alianza, pero otros nos preguntamos \u00bfCu\u00e1l alianza?<\/strong><\/span><\/p>\n<p>&nbsp;<\/p>\n<p>&nbsp;<\/p>\n<p>&nbsp;<\/p>\n<p>&nbsp;<\/p>\n<p>&nbsp;<\/p>\n<p>&nbsp;<\/p>\n","protected":false},"excerpt":{"rendered":"<p>&nbsp; Por Jos\u00e9 P\u00e1ramo Castro La alianza mucho se habla de las elecciones de 2024, entre dos fuerzas principales, muy<\/p>\n","protected":false},"author":4,"featured_media":4387,"comment_status":"closed","ping_status":"closed","sticky":false,"template":"","format":"standard","meta":{"colormag_page_container_layout":"default_layout","colormag_page_sidebar_layout":"default_layout","_jetpack_memberships_contains_paid_content":false,"footnotes":"","jetpack_publicize_message":"","jetpack_publicize_feature_enabled":true,"jetpack_social_post_already_shared":true,"jetpack_social_options":{"image_generator_settings":{"template":"highway","default_image_id":0,"font":"","enabled":false},"version":2}},"categories":[26],"tags":[911,314,103,910,244],"class_list":["post-6191","post","type-post","status-publish","format-standard","has-post-thumbnail","hentry","category-columnistas","tag-claudio-x-gonzalez","tag-movimiento-ciudadano","tag-pan","tag-patricia-mercado","tag-va-por-mexico"],"jetpack_publicize_connections":[],"jetpack_featured_media_url":"https:\/\/i0.wp.com\/politicosaldesnudo.com.mx\/wp-content\/uploads\/2022\/04\/JOSE%CC%81-PA%CC%81RAMO-CASTRO.png?fit=1816%2C1016&ssl=1","jetpack-related-posts":[],"jetpack_sharing_enabled":true,"_links":{"self":[{"href":"https:\/\/politicosaldesnudo.com.mx\/index.php\/wp-json\/wp\/v2\/posts\/6191","targetHints":{"allow":["GET"]}}],"collection":[{"href":"https:\/\/politicosaldesnudo.com.mx\/index.php\/wp-json\/wp\/v2\/posts"}],"about":[{"href":"https:\/\/politicosaldesnudo.com.mx\/index.php\/wp-json\/wp\/v2\/types\/post"}],"author":[{"embeddable":true,"href":"https:\/\/politicosaldesnudo.com.mx\/index.php\/wp-json\/wp\/v2\/users\/4"}],"replies":[{"embeddable":true,"href":"https:\/\/politicosaldesnudo.com.mx\/index.php\/wp-json\/wp\/v2\/comments?post=6191"}],"version-history":[{"count":0,"href":"https:\/\/politicosaldesnudo.com.mx\/index.php\/wp-json\/wp\/v2\/posts\/6191\/revisions"}],"wp:featuredmedia":[{"embeddable":true,"href":"https:\/\/politicosaldesnudo.com.mx\/index.php\/wp-json\/wp\/v2\/media\/4387"}],"wp:attachment":[{"href":"https:\/\/politicosaldesnudo.com.mx\/index.php\/wp-json\/wp\/v2\/media?parent=6191"}],"wp:term":[{"taxonomy":"category","embeddable":true,"href":"https:\/\/politicosaldesnudo.com.mx\/index.php\/wp-json\/wp\/v2\/categories?post=6191"},{"taxonomy":"post_tag","embeddable":true,"href":"https:\/\/politicosaldesnudo.com.mx\/index.php\/wp-json\/wp\/v2\/tags?post=6191"}],"curies":[{"name":"wp","href":"https:\/\/api.w.org\/{rel}","templated":true}]}}