{"id":61910,"date":"2025-04-29T21:00:29","date_gmt":"2025-04-30T03:00:29","guid":{"rendered":"https:\/\/politicosaldesnudo.com.mx\/?p=61910"},"modified":"2025-04-29T21:00:29","modified_gmt":"2025-04-30T03:00:29","slug":"elecciones-violencia-y-crimen","status":"publish","type":"post","link":"https:\/\/politicosaldesnudo.com.mx\/index.php\/2025\/04\/29\/elecciones-violencia-y-crimen\/","title":{"rendered":"Elecciones, violencia y crimen"},"content":{"rendered":"<p>En un clima de incertidumbre y en medio de una violencia que el gobierno del estado de Veracruz prefiere no voltear a ver y en cambio minimizar, comenzaron formalmente las campa\u00f1as del proceso electoral municipal por el que se renovar\u00e1n los 212 ayuntamientos de la entidad.<\/p>\n<p>Una veintena de aspirantes a cargos edilicios han denunciado haber sido v\u00edctimas de amenazas y varios han incluso renunciado, mientras que el gobierno y la propia titular del Ejecutivo estatal, Roc\u00edo Nahle Garc\u00eda, lo menos que han hecho es tirarlos a locos. Incluso, los han ridiculizado, acus\u00e1ndoles de hacerse las \u201cv\u00edctimas\u201d.<\/p>\n<p>Pero la realidad que no se quiere asumir \u2013por omisi\u00f3n o complicidad- es que el crimen organizado tambi\u00e9n participa en la elecci\u00f3n y su manera de hacerlo es a trav\u00e9s de la violencia.<\/p>\n<p>Desde el a\u00f1o pasado algunos aspirantes a presidencias municipales fueron agredidos y otros asesinados. Incluidos simpatizantes y\/o militantes de Morena, el partido oficial, cuyos dirigentes, para no \u201cincomodar\u201d a las autoridades estatales emanadas de ese mismo instituto pol\u00edtico, hicieron mutis y prefirieron \u201cdescartar\u201d que los ataques se debiesen al tema pol\u00edtico-electoral.<\/p>\n<p>A eso hay que a\u00f1adir la violencia que, sin tener que ver directamente con las elecciones, azota a todo el territorio veracruzano, donde todas las semanas hay ataques directos para cometer homicidios, algunos por cobros de \u201cpiso\u201d que las v\u00edctimas se negaron a pagar, otros por causas diversas, pero que al final tienen el mismo efecto: miedo, inestabilidad y zozobra.<\/p>\n<p>No es nuevo que el crimen organizado busque influir en temas electorales colocando candidatos y haciendo a un lado a aquellos que no respondan a sus intereses. Pero que las autoridades de plano se laven las manos y a pesar de los hechos sangrientos que ocurren en todos lados, se atrevan a decir que Veracruz est\u00e1 \u201ctranquilo\u201d, va m\u00e1s all\u00e1 de cualquier adjetivo.<\/p>\n<p>El inter\u00e9s de los criminales por controlar los gobiernos municipales tiene que ver fundamentalmente con intervenir los cuerpos de seguridad locales para que no interfieran en sus actividades delictivas, e incluso \u201ctrabajen\u201d para estos mismos grupos. Pues bien, a eso ahora hay que sumar que a la par de la elecci\u00f3n de ayuntamientos, tambi\u00e9n iniciaron formalmente las campa\u00f1as para la elecci\u00f3n de jueces y magistrados del Poder Judicial del Estado de Veracruz, \u00e1rea en la que los delincuentes tienen especial inter\u00e9s. Quiz\u00e1s hasta mayor.<\/p>\n<p>Colocar como juzgadores ya no solo a personas afines, sino abiertamente a representantes de los intereses de los criminales, con todo lo que eso implica, es ahora una posibilidad real ante la pifia hist\u00f3rica del r\u00e9gimen de la mal llamada \u201ccuarta transformaci\u00f3n\u201d de someter a una elecci\u00f3n a poblaci\u00f3n abierta cargos a los que se llegaba por competencias, por conocimientos y trayectoria, por lo sensible de sus encomiendas.<\/p>\n<p>Y esto no se reduce a una mera especulaci\u00f3n. En el proceso de elecci\u00f3n de juzgadores para el Poder Judicial de la Federaci\u00f3n fue reconocido por el propio Senado que se les \u201ccolaron\u201d \u2013si les queremos creer que fue un \u201cerror\u201d- perfiles que no cumplen con el requisito de \u201cprobidad\u201d, por la simple y sencilla raz\u00f3n de que han sido \u2013o siguen siendo- defensores de narcotraficantes y hasta de violadores sanguinarios de derechos humanos.<\/p>\n<p>Si eso pas\u00f3 a nivel federal, imag\u00ednese a nivel local, donde la pandilla que gobierna Veracruz \u2013y que extra\u00f1amente dice que aqu\u00ed no pasa nada- se despach\u00f3 con todas las candidaturas de juzgadores.<\/p>\n<p>Pues a partir de hoy, comenzaron las campa\u00f1as de ambos procesos a nivel local. S\u00e1lvese quien pueda.<\/p>\n<p>&nbsp;<\/p>\n<p><strong>Trece a\u00f1os de impunidad<\/strong><\/p>\n<p>&nbsp;<\/p>\n<p>Si Regina Mart\u00ednez viera c\u00f3mo la usan para sus agendas pol\u00edticas, les escup\u00eda en la cara. Que la justicia llegue para ella alg\u00fan d\u00eda.<\/p>\n<p><img data-recalc-dims=\"1\" loading=\"lazy\" decoding=\"async\" class=\"aligncenter size-full wp-image-61805\" src=\"https:\/\/i0.wp.com\/politicosaldesnudo.com.mx\/wp-content\/uploads\/2025\/04\/FIRMA-EDITORIAL-PD-6.jpg?resize=800%2C98&#038;ssl=1\" alt=\"\" width=\"800\" height=\"98\" srcset=\"https:\/\/i0.wp.com\/politicosaldesnudo.com.mx\/wp-content\/uploads\/2025\/04\/FIRMA-EDITORIAL-PD-6.jpg?w=1024&amp;ssl=1 1024w, https:\/\/i0.wp.com\/politicosaldesnudo.com.mx\/wp-content\/uploads\/2025\/04\/FIRMA-EDITORIAL-PD-6.jpg?resize=300%2C37&amp;ssl=1 300w, https:\/\/i0.wp.com\/politicosaldesnudo.com.mx\/wp-content\/uploads\/2025\/04\/FIRMA-EDITORIAL-PD-6.jpg?resize=768%2C94&amp;ssl=1 768w\" sizes=\"auto, (max-width: 800px) 100vw, 800px\" \/><\/p>\n","protected":false},"excerpt":{"rendered":"<p>En un clima de incertidumbre y en medio de una violencia que el gobierno del estado de Veracruz prefiere no<\/p>\n","protected":false},"author":4,"featured_media":46001,"comment_status":"closed","ping_status":"closed","sticky":false,"template":"","format":"standard","meta":{"colormag_page_container_layout":"default_layout","colormag_page_sidebar_layout":"default_layout","_jetpack_memberships_contains_paid_content":false,"footnotes":"","jetpack_publicize_message":"","jetpack_publicize_feature_enabled":true,"jetpack_social_post_already_shared":false,"jetpack_social_options":{"image_generator_settings":{"template":"highway","default_image_id":0,"font":"","enabled":false},"version":2}},"categories":[26],"tags":[],"class_list":["post-61910","post","type-post","status-publish","format-standard","has-post-thumbnail","hentry","category-columnistas"],"jetpack_publicize_connections":[],"jetpack_featured_media_url":"https:\/\/i0.wp.com\/politicosaldesnudo.com.mx\/wp-content\/uploads\/2024\/09\/RUBICA-2.jpg?fit=800%2C445&ssl=1","jetpack-related-posts":[],"jetpack_sharing_enabled":true,"_links":{"self":[{"href":"https:\/\/politicosaldesnudo.com.mx\/index.php\/wp-json\/wp\/v2\/posts\/61910","targetHints":{"allow":["GET"]}}],"collection":[{"href":"https:\/\/politicosaldesnudo.com.mx\/index.php\/wp-json\/wp\/v2\/posts"}],"about":[{"href":"https:\/\/politicosaldesnudo.com.mx\/index.php\/wp-json\/wp\/v2\/types\/post"}],"author":[{"embeddable":true,"href":"https:\/\/politicosaldesnudo.com.mx\/index.php\/wp-json\/wp\/v2\/users\/4"}],"replies":[{"embeddable":true,"href":"https:\/\/politicosaldesnudo.com.mx\/index.php\/wp-json\/wp\/v2\/comments?post=61910"}],"version-history":[{"count":0,"href":"https:\/\/politicosaldesnudo.com.mx\/index.php\/wp-json\/wp\/v2\/posts\/61910\/revisions"}],"wp:featuredmedia":[{"embeddable":true,"href":"https:\/\/politicosaldesnudo.com.mx\/index.php\/wp-json\/wp\/v2\/media\/46001"}],"wp:attachment":[{"href":"https:\/\/politicosaldesnudo.com.mx\/index.php\/wp-json\/wp\/v2\/media?parent=61910"}],"wp:term":[{"taxonomy":"category","embeddable":true,"href":"https:\/\/politicosaldesnudo.com.mx\/index.php\/wp-json\/wp\/v2\/categories?post=61910"},{"taxonomy":"post_tag","embeddable":true,"href":"https:\/\/politicosaldesnudo.com.mx\/index.php\/wp-json\/wp\/v2\/tags?post=61910"}],"curies":[{"name":"wp","href":"https:\/\/api.w.org\/{rel}","templated":true}]}}