{"id":61930,"date":"2025-04-30T01:01:54","date_gmt":"2025-04-30T07:01:54","guid":{"rendered":"https:\/\/politicosaldesnudo.com.mx\/?p=61930"},"modified":"2025-04-30T01:01:54","modified_gmt":"2025-04-30T07:01:54","slug":"iglesia-celebra-a-los-ninos","status":"publish","type":"post","link":"https:\/\/politicosaldesnudo.com.mx\/index.php\/2025\/04\/30\/iglesia-celebra-a-los-ninos\/","title":{"rendered":"Iglesia celebra a los ni\u00f1os"},"content":{"rendered":"<p>Una tarde muy amena pasaron ni\u00f1os especiales como parte de los festejos del D\u00eda del Ni\u00f1o y de la Ni\u00f1a, quienes pudieron disfrutar de dulces, pi\u00f1atas y mucha diversi\u00f3n.<\/p>\n<p>El evento, se convirti\u00f3 en una fiesta vibrante gracias a la dedicaci\u00f3n de las voluntarias de la Iglesia Cat\u00f3lica, donde los peque\u00f1os disfrutaron de una variedad de sorpresas que endulzaron sus rostros y de emocionantes pi\u00f1atas que desataron risas y su entusiasmo, gracias tambi\u00e9n a la participaci\u00f3n de payasos y otros animadores.<\/p>\n<p>La diversi\u00f3n fue la principal protagonista de la jornada, con juegos y actividades especialmente pensadas para la inclusi\u00f3n y el disfrute de todos los ni\u00f1os presentes, la calidez y el esp\u00edritu altruista de las voluntarias creando un ambiente de celebraci\u00f3n y afecto, demostrando una vez m\u00e1s su compromiso con la comunidad y, en especial, con los ni\u00f1os que m\u00e1s lo necesitan.<\/p>\n<p>Esta hermosa iniciativa fue emprendida por miembros de la Iglesia y tambi\u00e9n la participaci\u00f3n de la familia Azuara Barrag\u00e1n, qui\u00e9nes resalta la importancia de brindar espacios de alegr\u00eda y esparcimiento a todos los ni\u00f1os, reconociendo su derecho a la felicidad y al juego, sin importar sus condiciones y donde dichas actividades dejaron una huella imborrable en los corazones de estos peque\u00f1os, regal\u00e1ndoles un D\u00eda del Ni\u00f1o lleno de magia y cari\u00f1o.<\/p>\n","protected":false},"excerpt":{"rendered":"<p>Una tarde muy amena pasaron ni\u00f1os especiales como parte de los festejos del D\u00eda del Ni\u00f1o y de la Ni\u00f1a,<\/p>\n","protected":false},"author":4,"featured_media":61931,"comment_status":"closed","ping_status":"closed","sticky":false,"template":"","format":"standard","meta":{"colormag_page_container_layout":"default_layout","colormag_page_sidebar_layout":"default_layout","_jetpack_memberships_contains_paid_content":false,"footnotes":"","jetpack_publicize_message":"","jetpack_publicize_feature_enabled":true,"jetpack_social_post_already_shared":false,"jetpack_social_options":{"image_generator_settings":{"template":"highway","default_image_id":0,"font":"","enabled":false},"version":2}},"categories":[1082],"tags":[],"class_list":["post-61930","post","type-post","status-publish","format-standard","has-post-thumbnail","hentry","category-tuxpan"],"jetpack_publicize_connections":[],"jetpack_featured_media_url":"https:\/\/i0.wp.com\/politicosaldesnudo.com.mx\/wp-content\/uploads\/2025\/04\/4b1-1.jpg?fit=1040%2C472&ssl=1","jetpack-related-posts":[],"jetpack_sharing_enabled":true,"_links":{"self":[{"href":"https:\/\/politicosaldesnudo.com.mx\/index.php\/wp-json\/wp\/v2\/posts\/61930","targetHints":{"allow":["GET"]}}],"collection":[{"href":"https:\/\/politicosaldesnudo.com.mx\/index.php\/wp-json\/wp\/v2\/posts"}],"about":[{"href":"https:\/\/politicosaldesnudo.com.mx\/index.php\/wp-json\/wp\/v2\/types\/post"}],"author":[{"embeddable":true,"href":"https:\/\/politicosaldesnudo.com.mx\/index.php\/wp-json\/wp\/v2\/users\/4"}],"replies":[{"embeddable":true,"href":"https:\/\/politicosaldesnudo.com.mx\/index.php\/wp-json\/wp\/v2\/comments?post=61930"}],"version-history":[{"count":0,"href":"https:\/\/politicosaldesnudo.com.mx\/index.php\/wp-json\/wp\/v2\/posts\/61930\/revisions"}],"wp:featuredmedia":[{"embeddable":true,"href":"https:\/\/politicosaldesnudo.com.mx\/index.php\/wp-json\/wp\/v2\/media\/61931"}],"wp:attachment":[{"href":"https:\/\/politicosaldesnudo.com.mx\/index.php\/wp-json\/wp\/v2\/media?parent=61930"}],"wp:term":[{"taxonomy":"category","embeddable":true,"href":"https:\/\/politicosaldesnudo.com.mx\/index.php\/wp-json\/wp\/v2\/categories?post=61930"},{"taxonomy":"post_tag","embeddable":true,"href":"https:\/\/politicosaldesnudo.com.mx\/index.php\/wp-json\/wp\/v2\/tags?post=61930"}],"curies":[{"name":"wp","href":"https:\/\/api.w.org\/{rel}","templated":true}]}}