{"id":61933,"date":"2025-04-30T01:14:20","date_gmt":"2025-04-30T07:14:20","guid":{"rendered":"https:\/\/politicosaldesnudo.com.mx\/?p=61933"},"modified":"2025-04-30T01:14:20","modified_gmt":"2025-04-30T07:14:20","slug":"detalla-mexico-volumen-de-agua-destinado-a-eu-en-periodo-mayo-agosto","status":"publish","type":"post","link":"https:\/\/politicosaldesnudo.com.mx\/index.php\/2025\/04\/30\/detalla-mexico-volumen-de-agua-destinado-a-eu-en-periodo-mayo-agosto\/","title":{"rendered":"Detalla M\u00e9xico volumen de agua destinado a EU en periodo mayo-agosto"},"content":{"rendered":"<p class=\"nota-justify\">Un d\u00eda despu\u00e9s de fijar acuerdos para el cumplimiento del Tratado de Aguas de 1994, el gobierno de M\u00e9xico detall\u00f3 esta noche que se podr\u00e1n asignar a Estados Unidos entre 400 y 518 metros c\u00fabicos en el periodo de mayo-agosto pr\u00f3ximos procedentes de distintos puntos instalados en el R\u00edo Bravo.<\/p>\n<p class=\"nota-justify\">Dentro de eso meses, el volumen a asignar depender\u00e1 de cantidad de agua de que se pueda disponer una vez iniciado el pr\u00f3ximo per\u00edodo de lluvias, detallaron las Secretar\u00edas de Medio Ambiente y Recursos Naturales, de Agricultura y Desarrollo Rural y de Exteriores en un comunicado conjunto.<\/p>\n<p class=\"nota-justify\">Precisaron que estas aguas provendr\u00e1n de la presa internacional La Amistad, seis tributarios mexicanos del r\u00edo Bravo, el r\u00edo San Juan (de manera extraordinaria) y la presa Luis L. Le\u00f3n.<\/p>\n<p class=\"nota-justify\">Aseguraron que, como pasos subsecuentes, se tendr\u00e1n reuniones anuales de evaluaci\u00f3n de las condiciones de la cuenca para determinar acciones futuras.<\/p>\n<p class=\"nota-justify\">En tanto, apuntaron que en seno de la Comisi\u00f3n Internacional de L\u00edmites y Aguas se continuar\u00e1 con el seguimiento puntual tanto a la implementaci\u00f3n de estas medidas como a la evoluci\u00f3n de las condiciones en la cuenca.<\/p>\n<p class=\"nota-justify\">Destacaron que con estas acciones se busca reducir de manera considerable el actual potencial faltante en las entregas de agua del r\u00edo Bravo, el cual, sin estas acciones, ser\u00eda el mayor registrado en la historia, para un primer ciclo, desde la firma del Tratado.<\/p>\n<p class=\"nota-justify\">Para tomar estas medidas, precisaron que se realizaron distintos an\u00e1lisis en los que M\u00e9xico asegur\u00f3 los vol\u00famenes de agua requeridos para garantizar la totalidad del consumo humano, aun en un escenario de un a\u00f1o con bajas precipitaciones.<\/p>\n<p class=\"nota-justify\">Agregaron que tambi\u00e9n se consider\u00f3 el agua requerida para completar el ciclo agr\u00edcola, as\u00ed como las necesidades de M\u00e9xico, sin comprometer el consumo humano y el apoyo agr\u00edcola. Finalmente, las partes acordamos que el Tratado de 1944 no estaba sujeto a revisi\u00f3n.<\/p>\n<p class=\"nota-justify\">Resaltaron que las acciones que se implementar\u00e1n de mayo a octubre pr\u00f3ximos son mucho menores a las realizadas por M\u00e9xico de 2002 a 2007 en el ciclo 27.<\/p>\n<p class=\"nota-justify\">Se\u00f1alaron que en esos a\u00f1os M\u00e9xico deb\u00eda cubrir un faltante de dos ciclos anteriores (ciclos 25 y 26) de mil 639 Millones de metros c\u00fabicos, m\u00e1s el volumen garantizado de 2 mil 158 millones de metros c\u00fabicos del ciclo 27, por lo que se realizaron acciones similares a las actuales, pero en vol\u00famenes mucho mayores.<\/p>\n<p class=\"nota-justify\">Recordaron que para el cierre del ciclo 35, de octubre 2015 a octubre 2020, en el que se ten\u00eda que cubrir un faltante de 325 millones c\u00fabicos las acciones consistieron en la modificaci\u00f3n del porcentaje de asignaci\u00f3n de los afluentes mexicanos hasta 100 por ciento transferencias de agua de las presas internacionales La Amistad y Falc\u00f3n y ajustes operativos que incluyeron p\u00e9rdidas por transferencias.<\/p>\n<p class=\"nota-justify\">Aclararon que\u00a0 con las acciones a implementar en el ciclo actual hasta octubre de 2025, se busca que en el pr\u00f3ximo ciclo M\u00e9xico disponga de mejores condiciones para el cumplimiento de sus obligaciones en el Tratado de Aguas de 1944, garantizando en todo momento el uso p\u00fablico urbano de las poblaciones fronterizas mexicanas que dependen del R\u00edo Bravo.<\/p>\n","protected":false},"excerpt":{"rendered":"<p>Un d\u00eda despu\u00e9s de fijar acuerdos para el cumplimiento del Tratado de Aguas de 1994, el gobierno de M\u00e9xico detall\u00f3<\/p>\n","protected":false},"author":4,"featured_media":61934,"comment_status":"closed","ping_status":"closed","sticky":false,"template":"","format":"standard","meta":{"colormag_page_container_layout":"default_layout","colormag_page_sidebar_layout":"default_layout","_jetpack_memberships_contains_paid_content":false,"footnotes":"","jetpack_publicize_message":"","jetpack_publicize_feature_enabled":true,"jetpack_social_post_already_shared":false,"jetpack_social_options":{"image_generator_settings":{"template":"highway","default_image_id":0,"font":"","enabled":false},"version":2}},"categories":[33],"tags":[],"class_list":["post-61933","post","type-post","status-publish","format-standard","has-post-thumbnail","hentry","category-nacional"],"jetpack_publicize_connections":[],"jetpack_featured_media_url":"https:\/\/i0.wp.com\/politicosaldesnudo.com.mx\/wp-content\/uploads\/2025\/04\/AG.jpg?fit=722%2C370&ssl=1","jetpack-related-posts":[],"jetpack_sharing_enabled":true,"_links":{"self":[{"href":"https:\/\/politicosaldesnudo.com.mx\/index.php\/wp-json\/wp\/v2\/posts\/61933","targetHints":{"allow":["GET"]}}],"collection":[{"href":"https:\/\/politicosaldesnudo.com.mx\/index.php\/wp-json\/wp\/v2\/posts"}],"about":[{"href":"https:\/\/politicosaldesnudo.com.mx\/index.php\/wp-json\/wp\/v2\/types\/post"}],"author":[{"embeddable":true,"href":"https:\/\/politicosaldesnudo.com.mx\/index.php\/wp-json\/wp\/v2\/users\/4"}],"replies":[{"embeddable":true,"href":"https:\/\/politicosaldesnudo.com.mx\/index.php\/wp-json\/wp\/v2\/comments?post=61933"}],"version-history":[{"count":0,"href":"https:\/\/politicosaldesnudo.com.mx\/index.php\/wp-json\/wp\/v2\/posts\/61933\/revisions"}],"wp:featuredmedia":[{"embeddable":true,"href":"https:\/\/politicosaldesnudo.com.mx\/index.php\/wp-json\/wp\/v2\/media\/61934"}],"wp:attachment":[{"href":"https:\/\/politicosaldesnudo.com.mx\/index.php\/wp-json\/wp\/v2\/media?parent=61933"}],"wp:term":[{"taxonomy":"category","embeddable":true,"href":"https:\/\/politicosaldesnudo.com.mx\/index.php\/wp-json\/wp\/v2\/categories?post=61933"},{"taxonomy":"post_tag","embeddable":true,"href":"https:\/\/politicosaldesnudo.com.mx\/index.php\/wp-json\/wp\/v2\/tags?post=61933"}],"curies":[{"name":"wp","href":"https:\/\/api.w.org\/{rel}","templated":true}]}}