{"id":62000,"date":"2025-05-01T00:06:55","date_gmt":"2025-05-01T06:06:55","guid":{"rendered":"https:\/\/politicosaldesnudo.com.mx\/?p=62000"},"modified":"2025-04-30T22:47:12","modified_gmt":"2025-05-01T04:47:12","slug":"cndh-nombra-jose-menendez-fernandez-a-sala-de-usos-multiples-en-su-sede","status":"publish","type":"post","link":"https:\/\/politicosaldesnudo.com.mx\/index.php\/2025\/05\/01\/cndh-nombra-jose-menendez-fernandez-a-sala-de-usos-multiples-en-su-sede\/","title":{"rendered":"CNDH nombra \u00abJos\u00e9 Men\u00e9ndez Fern\u00e1ndez\u00bb a sala de usos m\u00faltiples en su sede"},"content":{"rendered":"<p class=\"nota-justify\">La Comisi\u00f3n Nacional de los Derechos Humanos (CNDH) nombr\u00f3 \u201cJos\u00e9 Men\u00e9ndez Fern\u00e1ndez\u201d a la sala de usos m\u00faltiples de la sede H\u00e9ctor Fix Zamudio, ubicada en Los Alpes, por su contribuci\u00f3n \u201ca la defensa legal de las personas marginadas y del pueblo mexicano en general\u201d.<\/p>\n<p class=\"nota-justify\">Durante la develaci\u00f3n de la placa correspondiente, la presidenta de la CNDH, Rosario Piedra Ibarra, rememor\u00f3 que la vida y obra de Men\u00e9ndez Fern\u00e1ndez lo convirtieron en un referente \u00e9tico y humanista del ejercicio del derecho en M\u00e9xico, al dedicarse a defender gratuitamente a las personas encarceladas en Palacio Negro de Lecumberri y en la c\u00e1rcel de Bel\u00e9n, a principios del siglo pasado, aun cuando no pose\u00eda t\u00edtulo profesional para ejercer la abogac\u00eda.<\/p>\n<p class=\"nota-justify\">En compa\u00f1\u00eda de Aline Calleja Calder\u00f3n, representante de la Universidad para el Bienestar \u201cBenito Ju\u00e1rez\u201d, entre otros, Piedra ibarra devel\u00f3 una placa que da nombre a la sala de usos m\u00faltiples y una fotograf\u00eda del defensor, al tiempo que dijo que es necesario retomar su esp\u00edritu de servicio para darlo a conocer a las nuevas generaciones de abogados, sobre todo en el marco de la reforma al Poder Judicial que se lleva a cabo en el pa\u00eds.<\/p>\n<p class=\"nota-justify\">Detall\u00f3 que Men\u00e9ndez Fern\u00e1ndez lleg\u00f3 a atender 200 casos al a\u00f1o, a pesar de lo cual muri\u00f3 en la pobreza y llam\u00f3 a reescribir la historia en todos los sentidos y homenajear a la gente que, aun con pocos recursos, dio su vida por causas justas.<\/p>\n<p class=\"nota-justify\">Calleja Calder\u00f3n dijo que el ejemplo de Men\u00e9ndez Fern\u00e1ndez debe ser valorado y retomado por las nuevas generaciones de abogados pues \u00e9l defendi\u00f3 causas justas con recursos muy escasos, de ah\u00ed que los estudiantes de dicha profesi\u00f3n deben cargar con el peso de hacer renombre y generar confianza.<\/p>\n<p class=\"nota-justify\">Originario de Asturias, Espa\u00f1a, Men\u00e9ndez Fern\u00e1ndez naci\u00f3 en 1876 y durante su juventud emigr\u00f3 a Cuba y posteriormente a M\u00e9xico, durante el periodo del porfiriato. Tras una breve estancia en Veracruz y Tabasco, se estableci\u00f3 en la capital del pa\u00eds donde vivi\u00f3 en condiciones precarias para posteriormente trabajar como auxiliar en un despacho jur\u00eddico, encargado de llevar documentos a la oficial\u00eda de partes.<\/p>\n","protected":false},"excerpt":{"rendered":"<p>La Comisi\u00f3n Nacional de los Derechos Humanos (CNDH) nombr\u00f3 \u201cJos\u00e9 Men\u00e9ndez Fern\u00e1ndez\u201d a la sala de usos m\u00faltiples de la<\/p>\n","protected":false},"author":4,"featured_media":62001,"comment_status":"closed","ping_status":"closed","sticky":false,"template":"","format":"standard","meta":{"colormag_page_container_layout":"default_layout","colormag_page_sidebar_layout":"default_layout","_jetpack_memberships_contains_paid_content":false,"footnotes":"","jetpack_publicize_message":"","jetpack_publicize_feature_enabled":true,"jetpack_social_post_already_shared":false,"jetpack_social_options":{"image_generator_settings":{"template":"highway","default_image_id":0,"font":"","enabled":false},"version":2}},"categories":[33],"tags":[],"class_list":["post-62000","post","type-post","status-publish","format-standard","has-post-thumbnail","hentry","category-nacional"],"jetpack_publicize_connections":[],"jetpack_featured_media_url":"https:\/\/i0.wp.com\/politicosaldesnudo.com.mx\/wp-content\/uploads\/2025\/04\/CNDH.jpg?fit=767%2C506&ssl=1","jetpack-related-posts":[],"jetpack_sharing_enabled":true,"_links":{"self":[{"href":"https:\/\/politicosaldesnudo.com.mx\/index.php\/wp-json\/wp\/v2\/posts\/62000","targetHints":{"allow":["GET"]}}],"collection":[{"href":"https:\/\/politicosaldesnudo.com.mx\/index.php\/wp-json\/wp\/v2\/posts"}],"about":[{"href":"https:\/\/politicosaldesnudo.com.mx\/index.php\/wp-json\/wp\/v2\/types\/post"}],"author":[{"embeddable":true,"href":"https:\/\/politicosaldesnudo.com.mx\/index.php\/wp-json\/wp\/v2\/users\/4"}],"replies":[{"embeddable":true,"href":"https:\/\/politicosaldesnudo.com.mx\/index.php\/wp-json\/wp\/v2\/comments?post=62000"}],"version-history":[{"count":0,"href":"https:\/\/politicosaldesnudo.com.mx\/index.php\/wp-json\/wp\/v2\/posts\/62000\/revisions"}],"wp:featuredmedia":[{"embeddable":true,"href":"https:\/\/politicosaldesnudo.com.mx\/index.php\/wp-json\/wp\/v2\/media\/62001"}],"wp:attachment":[{"href":"https:\/\/politicosaldesnudo.com.mx\/index.php\/wp-json\/wp\/v2\/media?parent=62000"}],"wp:term":[{"taxonomy":"category","embeddable":true,"href":"https:\/\/politicosaldesnudo.com.mx\/index.php\/wp-json\/wp\/v2\/categories?post=62000"},{"taxonomy":"post_tag","embeddable":true,"href":"https:\/\/politicosaldesnudo.com.mx\/index.php\/wp-json\/wp\/v2\/tags?post=62000"}],"curies":[{"name":"wp","href":"https:\/\/api.w.org\/{rel}","templated":true}]}}