{"id":62003,"date":"2025-05-01T00:07:54","date_gmt":"2025-05-01T06:07:54","guid":{"rendered":"https:\/\/politicosaldesnudo.com.mx\/?p=62003"},"modified":"2025-04-30T22:49:06","modified_gmt":"2025-05-01T04:49:06","slug":"se-deslinda-ine-de-investigar-nexos-de-candidatos-a-eleccion-judicial-con-el-narco","status":"publish","type":"post","link":"https:\/\/politicosaldesnudo.com.mx\/index.php\/2025\/05\/01\/se-deslinda-ine-de-investigar-nexos-de-candidatos-a-eleccion-judicial-con-el-narco\/","title":{"rendered":"Se deslinda INE de investigar nexos de candidatos a elecci\u00f3n judicial con el &#8216;narco&#8217;"},"content":{"rendered":"<p class=\"nota-justify\">El an\u00e1lisis sobre candidatos de la elecci\u00f3n judicial, presuntos c\u00f3mplices del narcotr\u00e1fico, no le compete al Instituto Nacional Electoral (INE) sino al Tribunal Electoral del Poder Judicial de la Federaci\u00f3n (TEPJF) y a otras autoridades, dijo Guadalupe Taddei, presidenta del INE.<\/p>\n<p class=\"nota-justify\">\u201cEn ese tema lo hemos venido dejando muy en claro, efectivamente, no le compete al INE, creo que habr\u00e1 de hacer expedientes que se tendr\u00e1n que remitir en principio a las \u00e1reas competentes en esta materia (seguridad) y ante el TEPJF para tener una definici\u00f3n\u201d, se\u00f1al\u00f3, al tiempo de recalcar que al \u00f3rgano a su cargo no le toc\u00f3 en esta elecci\u00f3n hacer los registros.<\/p>\n<p class=\"nota-justify\">\u201cCuando te apegas a lo que marca la ley no cometes errores, al INE le compete iniciar a partir de la recepci\u00f3n de los listados (por parte del Senado de la Rep\u00fablica)\u201d, agreg\u00f3.<\/p>\n<p class=\"nota-justify\">Dijo que en ese proceso los candidatos entregaron una carta, firmada bajo protesta de decir verdad, que no se encontraban en ninguno de los supuestos (delitos) y hoy de manera adicional deber\u00e1n agregar documentos relativos a esa manifestaci\u00f3n.<\/p>\n<p class=\"nota-justify\">En cambio, al INE s\u00ed le toca evaluar, seg\u00fan el m\u00e1s reciente acuerdo tomado por el consejo general del Instituto, las pruebas recabadas sobre candidatos, aunque la posibilidad de cancelar una constancia de mayor\u00eda (triunfo) tendr\u00eda que tener como antecedente una sentencia firme por actos de violencia, morosidad en el pago de pensiones alimenticias y \u00f3rdenes de aprehensi\u00f3n.<\/p>\n<p class=\"nota-justify\">Este mi\u00e9rcoles, el INE recibi\u00f3 las primeras denuncias en contra de once candidatos aunque las acusaciones son por supuestos v\u00ednculos con el crimen o por su relaci\u00f3n con la iglesia Luz del Mundo, seg\u00fan la organizaci\u00f3n \u201cLaboratorio Electoral. Cl\u00ednica de Litigio Electoral\u201d.<\/p>\n<p class=\"nota-justify\">\u201cNo pude haber ning\u00fan candidato que represente un riesgo para la impartici\u00f3n de justicia; creemos que hubo una omisi\u00f3n tremenda en los comit\u00e9s de evaluaci\u00f3n al revisar los perfiles&#8230;Que la autoridad electoral investigue y haga el trabajo que no se hizo en su momento, todav\u00eda estamos a tiempo\u201d, se\u00f1al\u00f3 el director del grupo Arturo Espinosa.<\/p>\n<p class=\"nota-justify\">La eventual determinaci\u00f3n del consejo general del INE \u2013 tras revisar los documentos en su poder- deber\u00eda ser antes del 15 de junio, dos semanas despu\u00e9s de la elecci\u00f3n judicial, pues ese d\u00eda emitir\u00e1, en su caso, la declaratoria de validez de la elecci\u00f3n y las constancias de mayor\u00eda.<\/p>\n<p class=\"nota-justify\">Consultada al respecto, Taddei dijo que el INE abri\u00f3 un espacio para recibir este tipo de notificaciones, no le podemos llamar todav\u00eda denuncias, pero s\u00ed datos que se tienen que tomar en cuenta, habr\u00e1n de recibirse, el grupo de trabajo ya est\u00e1 instalado y en lo sucesivo habr\u00e1n de revisarlas y decidir lo procedente\u201d.<\/p>\n","protected":false},"excerpt":{"rendered":"<p>El an\u00e1lisis sobre candidatos de la elecci\u00f3n judicial, presuntos c\u00f3mplices del narcotr\u00e1fico, no le compete al Instituto Nacional Electoral (INE)<\/p>\n","protected":false},"author":4,"featured_media":62004,"comment_status":"closed","ping_status":"closed","sticky":false,"template":"","format":"standard","meta":{"colormag_page_container_layout":"default_layout","colormag_page_sidebar_layout":"default_layout","_jetpack_memberships_contains_paid_content":false,"footnotes":"","jetpack_publicize_message":"","jetpack_publicize_feature_enabled":true,"jetpack_social_post_already_shared":false,"jetpack_social_options":{"image_generator_settings":{"template":"highway","default_image_id":0,"font":"","enabled":false},"version":2}},"categories":[33],"tags":[],"class_list":["post-62003","post","type-post","status-publish","format-standard","has-post-thumbnail","hentry","category-nacional"],"jetpack_publicize_connections":[],"jetpack_featured_media_url":"https:\/\/i0.wp.com\/politicosaldesnudo.com.mx\/wp-content\/uploads\/2025\/04\/INEEE.jpg?fit=758%2C498&ssl=1","jetpack-related-posts":[],"jetpack_sharing_enabled":true,"_links":{"self":[{"href":"https:\/\/politicosaldesnudo.com.mx\/index.php\/wp-json\/wp\/v2\/posts\/62003","targetHints":{"allow":["GET"]}}],"collection":[{"href":"https:\/\/politicosaldesnudo.com.mx\/index.php\/wp-json\/wp\/v2\/posts"}],"about":[{"href":"https:\/\/politicosaldesnudo.com.mx\/index.php\/wp-json\/wp\/v2\/types\/post"}],"author":[{"embeddable":true,"href":"https:\/\/politicosaldesnudo.com.mx\/index.php\/wp-json\/wp\/v2\/users\/4"}],"replies":[{"embeddable":true,"href":"https:\/\/politicosaldesnudo.com.mx\/index.php\/wp-json\/wp\/v2\/comments?post=62003"}],"version-history":[{"count":0,"href":"https:\/\/politicosaldesnudo.com.mx\/index.php\/wp-json\/wp\/v2\/posts\/62003\/revisions"}],"wp:featuredmedia":[{"embeddable":true,"href":"https:\/\/politicosaldesnudo.com.mx\/index.php\/wp-json\/wp\/v2\/media\/62004"}],"wp:attachment":[{"href":"https:\/\/politicosaldesnudo.com.mx\/index.php\/wp-json\/wp\/v2\/media?parent=62003"}],"wp:term":[{"taxonomy":"category","embeddable":true,"href":"https:\/\/politicosaldesnudo.com.mx\/index.php\/wp-json\/wp\/v2\/categories?post=62003"},{"taxonomy":"post_tag","embeddable":true,"href":"https:\/\/politicosaldesnudo.com.mx\/index.php\/wp-json\/wp\/v2\/tags?post=62003"}],"curies":[{"name":"wp","href":"https:\/\/api.w.org\/{rel}","templated":true}]}}