{"id":62006,"date":"2025-05-01T00:08:34","date_gmt":"2025-05-01T06:08:34","guid":{"rendered":"https:\/\/politicosaldesnudo.com.mx\/?p=62006"},"modified":"2025-04-30T22:51:44","modified_gmt":"2025-05-01T04:51:44","slug":"no-apena-a-zedillo-pension-del-bdem-responde-otra-vez-a-sheinbaum","status":"publish","type":"post","link":"https:\/\/politicosaldesnudo.com.mx\/index.php\/2025\/05\/01\/no-apena-a-zedillo-pension-del-bdem-responde-otra-vez-a-sheinbaum\/","title":{"rendered":"No apena a Zedillo pensi\u00f3n del BdeM; responde otra vez a Sheinbaum"},"content":{"rendered":"<p class=\"nota-justify\">En una respuesta m\u00e1s a las cr\u00edticas que ha recibido de la presidenta Claudia Sheinbaum Pardo, el ex mandatario Ernesto Zedillo asegur\u00f3 que no le apena contar con una pensi\u00f3n del Banco de M\u00e9xico. \u201cFue una decisi\u00f3n acertada\u201d porque fue un acuerdo que \u201creconoci\u00f3 lo servicios que prest\u00e9\u201d a la instituci\u00f3n por varios a\u00f1os.<\/p>\n<p class=\"nota-justify\">Asimismo, asegur\u00f3 que la presidenta est\u00e1 en su derecho de insistir en el tema del rescate bancario que \u00e9l asumi\u00f3, \u201ccomo parte de la respuesta a la crisis financiera que tuvo que enfrentar mi gobierno\u201d, pero le pidi\u00f3 que lo haga \u201csin incurrir en falsedades ni calumnias\u201d.<\/p>\n<p class=\"nota-justify\">Tambi\u00e9n, \u201cpudiera ocuparse en pensar qu\u00e9 har\u00eda ella de enfrentar el riesgo de quiebra del sistema bancario y con ello de la econom\u00eda del pa\u00eds.<\/p>\n<p class=\"nota-justify\">\u201cConf\u00edo que a\u00fan a costa de su popularidad personal, tomar\u00eda graves decisiones para evitar esa quiebra y asimismo cumplir con la ley que protege los dep\u00f3sitos bancarios, sin reparar en el oportunismo de quienes gustan de lucrar pol\u00edticamente de cualquier circunstancia\u201d, dijo en un comunicado difundido en redes sociales.<\/p>\n<p class=\"nota-justify\">El ex presidente se\u00f1al\u00f3 que el \u201cbeneficio\u201d de la pensi\u00f3n vitalicia por 143 mil 20 pesos mensuales que le otorga Banxico \u201cfue acordado con posterioridad a mi gobierno; al determinarlo, la instituci\u00f3n cumpli\u00f3 con lo dispuesto en la ley que la regula\u201d, afirm\u00f3.<\/p>\n<p class=\"nota-justify\">Zedillo asegur\u00f3 que, \u201centre otras responsabilidades, me correspondi\u00f3 encabezar la renegociaci\u00f3n de la deuda externa de multitud de empresas productivas generadoras de miles de empleos, cuya viabilidad para seguir funcionando estaba en duda al estallar la crisis financiera de 1982\u201d.<\/p>\n","protected":false},"excerpt":{"rendered":"<p>En una respuesta m\u00e1s a las cr\u00edticas que ha recibido de la presidenta Claudia Sheinbaum Pardo, el ex mandatario Ernesto<\/p>\n","protected":false},"author":4,"featured_media":62007,"comment_status":"closed","ping_status":"closed","sticky":false,"template":"","format":"standard","meta":{"colormag_page_container_layout":"default_layout","colormag_page_sidebar_layout":"default_layout","_jetpack_memberships_contains_paid_content":false,"footnotes":"","jetpack_publicize_message":"","jetpack_publicize_feature_enabled":true,"jetpack_social_post_already_shared":false,"jetpack_social_options":{"image_generator_settings":{"template":"highway","default_image_id":0,"font":"","enabled":false},"version":2}},"categories":[33],"tags":[],"class_list":["post-62006","post","type-post","status-publish","format-standard","has-post-thumbnail","hentry","category-nacional"],"jetpack_publicize_connections":[],"jetpack_featured_media_url":"https:\/\/i0.wp.com\/politicosaldesnudo.com.mx\/wp-content\/uploads\/2025\/04\/Sheinbaum-responde-a-Zedillo.jpeg?fit=992%2C558&ssl=1","jetpack-related-posts":[],"jetpack_sharing_enabled":true,"_links":{"self":[{"href":"https:\/\/politicosaldesnudo.com.mx\/index.php\/wp-json\/wp\/v2\/posts\/62006","targetHints":{"allow":["GET"]}}],"collection":[{"href":"https:\/\/politicosaldesnudo.com.mx\/index.php\/wp-json\/wp\/v2\/posts"}],"about":[{"href":"https:\/\/politicosaldesnudo.com.mx\/index.php\/wp-json\/wp\/v2\/types\/post"}],"author":[{"embeddable":true,"href":"https:\/\/politicosaldesnudo.com.mx\/index.php\/wp-json\/wp\/v2\/users\/4"}],"replies":[{"embeddable":true,"href":"https:\/\/politicosaldesnudo.com.mx\/index.php\/wp-json\/wp\/v2\/comments?post=62006"}],"version-history":[{"count":0,"href":"https:\/\/politicosaldesnudo.com.mx\/index.php\/wp-json\/wp\/v2\/posts\/62006\/revisions"}],"wp:featuredmedia":[{"embeddable":true,"href":"https:\/\/politicosaldesnudo.com.mx\/index.php\/wp-json\/wp\/v2\/media\/62007"}],"wp:attachment":[{"href":"https:\/\/politicosaldesnudo.com.mx\/index.php\/wp-json\/wp\/v2\/media?parent=62006"}],"wp:term":[{"taxonomy":"category","embeddable":true,"href":"https:\/\/politicosaldesnudo.com.mx\/index.php\/wp-json\/wp\/v2\/categories?post=62006"},{"taxonomy":"post_tag","embeddable":true,"href":"https:\/\/politicosaldesnudo.com.mx\/index.php\/wp-json\/wp\/v2\/tags?post=62006"}],"curies":[{"name":"wp","href":"https:\/\/api.w.org\/{rel}","templated":true}]}}