{"id":62032,"date":"2025-05-01T00:16:27","date_gmt":"2025-05-01T06:16:27","guid":{"rendered":"https:\/\/politicosaldesnudo.com.mx\/?p=62032"},"modified":"2025-04-30T23:08:33","modified_gmt":"2025-05-01T05:08:33","slug":"para-reducir-crisis-hidrica-reutilizaran-agua-tratada-en-nuevo-laredo","status":"publish","type":"post","link":"https:\/\/politicosaldesnudo.com.mx\/index.php\/2025\/05\/01\/para-reducir-crisis-hidrica-reutilizaran-agua-tratada-en-nuevo-laredo\/","title":{"rendered":"Para reducir crisis h\u00eddrica, reutilizar\u00e1n agua tratada en Nuevo Laredo"},"content":{"rendered":"<p class=\"nota-justify\">El cabildo de Nuevo Laredo aprob\u00f3 por unanimidad la asignaci\u00f3n de 12 millones de pesos para la expansi\u00f3n de la L\u00ednea Morada, un sistema de reutilizaci\u00f3n de agua tratada, como medida ante la crisis h\u00eddrica en el municipio.<\/p>\n<p class=\"nota-justify\">El proyecto busca reducir la presi\u00f3n sobre las fuentes de agua potable, destinando la tratada a usos industriales y urbanos no cr\u00edticos, como riego y compactaci\u00f3n de suelos. Esto se traduce en un ahorro significativo de agua dulce, vital para la poblaci\u00f3n, y representa un modelo de innovaci\u00f3n y sustentabilidad replicable en otras ciudades del pa\u00eds.<\/p>\n<p class=\"nota-justify\">La alcaldesa, Carmen Canturosas, explic\u00f3 que los recursos provienen del ahorro generado al liquidar anticipadamente una deuda p\u00fablica adquirida en 2008, lo que evit\u00f3 el pago de 12 millones de pesos en intereses. Gracias a esta decisi\u00f3n financiera, ser\u00e1 posible iniciar la ampliaci\u00f3n de la red que abastecer\u00e1 al Parque Industrial FINSA, donde se estima que el uso de agua tratada remplazar\u00e1 hasta el 30 por ciento del l\u00edquido potable utilizada actualmente en procesos industriales.<\/p>\n<p class=\"nota-justify\">\u201cEstamos enfrentando una sequ\u00eda sin precedentes. Nuevo Laredo necesita actuar con urgencia, responsabilidad y visi\u00f3n de futuro. La expansi\u00f3n de la L\u00ednea Morada no es s\u00f3lo una respuesta inmediata, sino un compromiso duradero con nuestras futuras generaciones\u201d, expres\u00f3 la edil.<\/p>\n<p class=\"nota-justify\">La L\u00ednea Morada, al separar f\u00edsicamente el agua tratada de la potable, mediante una red exclusiva de tuber\u00edas, garantiza el uso seguro del recurso en actividades no dom\u00e9sticas, lo que disminuye la extracci\u00f3n de acu\u00edferos, previene la contaminaci\u00f3n del R\u00edo Bravo y refuerza la resiliencia h\u00eddrica de la demarcaci\u00f3n.<\/p>\n<p class=\"nota-justify\">El proyecto est\u00e1 alineado con los Objetivos de Desarrollo Sostenible (ODS) de la Agenda 2030, particularmente con los objetivos 6 (agua limpia), 11 (ciudades sostenibles) y 13 (acci\u00f3n clim\u00e1tica), consolidando a Nuevo Laredo como l\u00edder nacional en soluciones circulares e infraestructura verde.<\/p>\n<p class=\"nota-justify\">El municipio ya cuenta con redes de L\u00ednea Morada en el Bulevar Colosio, Paseo Col\u00f3n, Parque Viveros, y el Zool\u00f3gico Municipal, as\u00ed como tres puntos estrat\u00e9gicos de distribuci\u00f3n y acceso a agua tratada proveniente de las plantas PITAR, P-TAR Norponiente y P-TAR ORADEL.<\/p>\n<p class=\"nota-justify\">En paralelo, la administraci\u00f3n 2021-2024 ha invertido en mejorar plantas tratadoras, redes de drenaje y colectores sanitarios, eliminando 17 puntos de descarga directa al R\u00edo Bravo, acci\u00f3n clave en la defensa de este servicio.<\/p>\n","protected":false},"excerpt":{"rendered":"<p>El cabildo de Nuevo Laredo aprob\u00f3 por unanimidad la asignaci\u00f3n de 12 millones de pesos para la expansi\u00f3n de la<\/p>\n","protected":false},"author":4,"featured_media":62033,"comment_status":"closed","ping_status":"closed","sticky":false,"template":"","format":"standard","meta":{"colormag_page_container_layout":"default_layout","colormag_page_sidebar_layout":"default_layout","_jetpack_memberships_contains_paid_content":false,"footnotes":"","jetpack_publicize_message":"","jetpack_publicize_feature_enabled":true,"jetpack_social_post_already_shared":false,"jetpack_social_options":{"image_generator_settings":{"template":"highway","default_image_id":0,"font":"","enabled":false},"version":2}},"categories":[30],"tags":[],"class_list":["post-62032","post","type-post","status-publish","format-standard","has-post-thumbnail","hentry","category-estados"],"jetpack_publicize_connections":[],"jetpack_featured_media_url":"https:\/\/i0.wp.com\/politicosaldesnudo.com.mx\/wp-content\/uploads\/2025\/04\/AGTRAT.jpg?fit=777%2C517&ssl=1","jetpack-related-posts":[],"jetpack_sharing_enabled":true,"_links":{"self":[{"href":"https:\/\/politicosaldesnudo.com.mx\/index.php\/wp-json\/wp\/v2\/posts\/62032","targetHints":{"allow":["GET"]}}],"collection":[{"href":"https:\/\/politicosaldesnudo.com.mx\/index.php\/wp-json\/wp\/v2\/posts"}],"about":[{"href":"https:\/\/politicosaldesnudo.com.mx\/index.php\/wp-json\/wp\/v2\/types\/post"}],"author":[{"embeddable":true,"href":"https:\/\/politicosaldesnudo.com.mx\/index.php\/wp-json\/wp\/v2\/users\/4"}],"replies":[{"embeddable":true,"href":"https:\/\/politicosaldesnudo.com.mx\/index.php\/wp-json\/wp\/v2\/comments?post=62032"}],"version-history":[{"count":0,"href":"https:\/\/politicosaldesnudo.com.mx\/index.php\/wp-json\/wp\/v2\/posts\/62032\/revisions"}],"wp:featuredmedia":[{"embeddable":true,"href":"https:\/\/politicosaldesnudo.com.mx\/index.php\/wp-json\/wp\/v2\/media\/62033"}],"wp:attachment":[{"href":"https:\/\/politicosaldesnudo.com.mx\/index.php\/wp-json\/wp\/v2\/media?parent=62032"}],"wp:term":[{"taxonomy":"category","embeddable":true,"href":"https:\/\/politicosaldesnudo.com.mx\/index.php\/wp-json\/wp\/v2\/categories?post=62032"},{"taxonomy":"post_tag","embeddable":true,"href":"https:\/\/politicosaldesnudo.com.mx\/index.php\/wp-json\/wp\/v2\/tags?post=62032"}],"curies":[{"name":"wp","href":"https:\/\/api.w.org\/{rel}","templated":true}]}}