{"id":62038,"date":"2025-05-01T00:18:00","date_gmt":"2025-05-01T06:18:00","guid":{"rendered":"https:\/\/politicosaldesnudo.com.mx\/?p=62038"},"modified":"2025-04-30T23:12:21","modified_gmt":"2025-05-01T05:12:21","slug":"apagon-en-ciudad-neerlandesa-deja-mas-de-20-mil-hogares-sin-luz","status":"publish","type":"post","link":"https:\/\/politicosaldesnudo.com.mx\/index.php\/2025\/05\/01\/apagon-en-ciudad-neerlandesa-deja-mas-de-20-mil-hogares-sin-luz\/","title":{"rendered":"Apag\u00f3n en ciudad neerlandesa deja m\u00e1s de 20 mil hogares sin luz"},"content":{"rendered":"<p class=\"nota-justify\">Un gran apag\u00f3n afect\u00f3 este mi\u00e9rcoles a la ciudad de Enschede, en el este de Pa\u00edses Bajos, y dej\u00f3 m\u00e1s de 20 mil hogares sin electricidad por alrededor de dos horas, indicaron las autoridades locales. De acuerdo con el operador de la red el\u00e9ctrica neerlandesa Enexis, el apag\u00f3n fue causado por un cortocircuito durante las labores de mantenimiento en una estaci\u00f3n de distribuci\u00f3n.<\/p>\n<p class=\"nota-justify\">La interrupci\u00f3n del servicio el\u00e9ctrico comenz\u00f3 alrededor de las 11 horas, que afect\u00f3 casas, negocios y varias tiendas que tuvieron que cerrar porque las cajas registradoras y los cajeros autom\u00e1ticos dejaron de funcionar. Adem\u00e1s, un t\u00e9cnico result\u00f3 herido en el cortocircuito y fue trasladado a un hospital, aun se desconoce la gravedad de sus heridas, inform\u00f3 la seguridad local.<\/p>\n<div class=\"teads-inread\">\n<div>\n<div class=\"teads-ui-components-adchoices\"><\/div>\n<div id=\"teads0\" class=\"teads-player\">Aunque el incidente fue resuelto r\u00e1pidamente, gener\u00f3 amplia preocupaci\u00f3n en torno a la preparaci\u00f3n del pa\u00eds ante apagones a gran escala, \u201clo ocurrido en Espa\u00f1a y Portugal deber\u00eda ser un llamado de atenci\u00f3n para el Gobierno\u2026 la probabilidad de que ocurra un evento similar es muy peque\u00f1a, pero existe. \u00bfQu\u00e9 pasar\u00eda si as\u00ed fuera?\u00bb, expres\u00f3 Hein van der Loo, presidente del consejo de seguridad nacional, en una entrevista con el programa de televisi\u00f3n Nieuwsuur.<\/div>\n<\/div>\n<\/div>\n<p>Van der Loo calcul\u00f3 que alrededor de la mitad de las mil estaciones de bomberos no est\u00e1n lo suficientemente preparadas y pidi\u00f3 a todas las estaciones equiparse con un generador de emergencia.<\/p>\n","protected":false},"excerpt":{"rendered":"<p>Un gran apag\u00f3n afect\u00f3 este mi\u00e9rcoles a la ciudad de Enschede, en el este de Pa\u00edses Bajos, y dej\u00f3 m\u00e1s<\/p>\n","protected":false},"author":4,"featured_media":62039,"comment_status":"closed","ping_status":"closed","sticky":false,"template":"","format":"standard","meta":{"colormag_page_container_layout":"default_layout","colormag_page_sidebar_layout":"default_layout","_jetpack_memberships_contains_paid_content":false,"footnotes":"","jetpack_publicize_message":"","jetpack_publicize_feature_enabled":true,"jetpack_social_post_already_shared":false,"jetpack_social_options":{"image_generator_settings":{"template":"highway","default_image_id":0,"font":"","enabled":false},"version":2}},"categories":[28],"tags":[],"class_list":["post-62038","post","type-post","status-publish","format-standard","has-post-thumbnail","hentry","category-internacional"],"jetpack_publicize_connections":[],"jetpack_featured_media_url":"https:\/\/i0.wp.com\/politicosaldesnudo.com.mx\/wp-content\/uploads\/2025\/04\/AP.jpg?fit=728%2C480&ssl=1","jetpack-related-posts":[],"jetpack_sharing_enabled":true,"_links":{"self":[{"href":"https:\/\/politicosaldesnudo.com.mx\/index.php\/wp-json\/wp\/v2\/posts\/62038","targetHints":{"allow":["GET"]}}],"collection":[{"href":"https:\/\/politicosaldesnudo.com.mx\/index.php\/wp-json\/wp\/v2\/posts"}],"about":[{"href":"https:\/\/politicosaldesnudo.com.mx\/index.php\/wp-json\/wp\/v2\/types\/post"}],"author":[{"embeddable":true,"href":"https:\/\/politicosaldesnudo.com.mx\/index.php\/wp-json\/wp\/v2\/users\/4"}],"replies":[{"embeddable":true,"href":"https:\/\/politicosaldesnudo.com.mx\/index.php\/wp-json\/wp\/v2\/comments?post=62038"}],"version-history":[{"count":0,"href":"https:\/\/politicosaldesnudo.com.mx\/index.php\/wp-json\/wp\/v2\/posts\/62038\/revisions"}],"wp:featuredmedia":[{"embeddable":true,"href":"https:\/\/politicosaldesnudo.com.mx\/index.php\/wp-json\/wp\/v2\/media\/62039"}],"wp:attachment":[{"href":"https:\/\/politicosaldesnudo.com.mx\/index.php\/wp-json\/wp\/v2\/media?parent=62038"}],"wp:term":[{"taxonomy":"category","embeddable":true,"href":"https:\/\/politicosaldesnudo.com.mx\/index.php\/wp-json\/wp\/v2\/categories?post=62038"},{"taxonomy":"post_tag","embeddable":true,"href":"https:\/\/politicosaldesnudo.com.mx\/index.php\/wp-json\/wp\/v2\/tags?post=62038"}],"curies":[{"name":"wp","href":"https:\/\/api.w.org\/{rel}","templated":true}]}}