{"id":62127,"date":"2025-05-02T00:44:13","date_gmt":"2025-05-02T06:44:13","guid":{"rendered":"https:\/\/politicosaldesnudo.com.mx\/?p=62127"},"modified":"2025-05-02T00:44:13","modified_gmt":"2025-05-02T06:44:13","slug":"ciudad-judicial-o-choza-en-poza-rica","status":"publish","type":"post","link":"https:\/\/politicosaldesnudo.com.mx\/index.php\/2025\/05\/02\/ciudad-judicial-o-choza-en-poza-rica\/","title":{"rendered":"Ciudad Judicial o choza, en Poza Rica"},"content":{"rendered":"<p><span style=\"font-size: 18pt; font-family: arial, helvetica, sans-serif;\"><strong>ALMA GRANDE<\/strong><\/span><\/p>\n<p><span style=\"font-size: 18pt; font-family: arial, helvetica, sans-serif;\"><strong>Por \u00c1ngel \u00c1lvaro Pe\u00f1a\u00a0<\/strong><\/span><\/p>\n<p><span style=\"font-size: 14pt; font-family: arial, helvetica, sans-serif;\">La Ciudad Judicial prometida por las autoridades del sexenio pasado en Poza Rica, result\u00f3 ser una choza inconclusa, con serias deficiencias para operar. Trabajadores y ciudadanos est\u00e1n hacinados, sin importar si son ni\u00f1os, adultos mayores, o mujeres embarazadas.<\/span><\/p>\n<p><span style=\"font-size: 14pt; font-family: arial, helvetica, sans-serif;\">Herencia de los tiempos del caos administrativo que dej\u00f3 Cuitl\u00e1huac Garc\u00eda Jim\u00e9nez, un poco por ignorancia de lo que es tener un cargo p\u00fablico y otro, por la libertad que dio a familiares y amigos, donde se permiti\u00f3 que metieran mano libremente en las finanzas del estado, la Ciudad Judicial es ahora un problema y no una soluci\u00f3n.<\/span><\/p>\n<p><span style=\"font-size: 14pt; font-family: arial, helvetica, sans-serif;\">Tras el trono Cuitl\u00e1huac ten\u00eda delincuentes que probablemente no lo hicieron c\u00f3mplice, pero s\u00ed tonto. Uno de ellos es su propio primo, Eleazar Guerrero P\u00e9rez, quien ahora est\u00e1 blindado con el fuero, al ser designado diputado federal plurinominal, por si acaso le descubren alguna de sus muchas triqui\u00f1uelas que hizo con la anuencia, complicidad o ignorancia del entonces gobernador.<\/span><\/p>\n<p><span style=\"font-size: 14pt; font-family: arial, helvetica, sans-serif;\">Eleazar Guerrero, adem\u00e1s de imponer a sus hijos en la estructura de gobierno del sexenio pasado en el gobierno estatal,\u00a0Eleazar y Nitzia Guerrero Barrera,\u00a0fue subsecretario de Finanzas y Planeaci\u00f3n, por lo que recaen en \u00e9l, los se\u00f1alamientos de desv\u00edos de fondos y mala administraci\u00f3n del dinero de los ciudadanos, dejando obras pendientes y una herencia maldita por los deficientes cimientos que deja como es el caso de la Ciudad Judicial de Poza Rica, donde los abogados que trabajan en ese lugar lanzaron la voz de alerta por las condiciones en las que tienen que trabajar todos los d\u00edas.<\/span><\/p>\n<p><span style=\"font-size: 14pt; font-family: arial, helvetica, sans-serif;\">En este panorama los trabajadores de estas oficinas enviaron una carta a la gobernadora de Veracruz, Roc\u00edo Nahle, para que haga algo al respecto, ya que se enumeran las fallas que este dise\u00f1o presenta.<\/span><\/p>\n<p><span style=\"font-size: 14pt; font-family: arial, helvetica, sans-serif;\">Se ha convocado a especialistas de la Universidad Veracruzana para que revisen esta obra inconclusa e ineficiente. Ya que en el oficio enviado a las altas autoridades del estado se se\u00f1ala que el Juzgado Cuarto de lo Familiar, est\u00e1 ubicado cerca de un espacio destinado a computadoras denominado SITE, donde el clima debe ser muy fr\u00edo para que el sistema pueda funcionar, por lo que la gente que llega a este lugar sufre un cambio de temperatura brusco, porque en el exterior hay un clima de m\u00e1s de 30 grados cent\u00edgrados, ocasionando enfermedades respiratorias. El personal de esta \u00e1rea, debe estar abrigado permanentemente para evitar ser afectado por las bajas temperaturas.<\/span><\/p>\n<p><span style=\"font-size: 14pt; font-family: arial, helvetica, sans-serif;\">Adem\u00e1s de esta incomodidad, los proyectistas del Juzgado Octavo de lo familiar, realizan su trabajo debajo de las escaleras. Personal de la Mesa de tr\u00e1mites carece de espacio para realizar sus actividades; el Juzgado Segundo de Primera Instancia cuenta con 5 mesas de tr\u00e1mite en un espacio de 3 por 4 metros; el \u00e1rea de archivo no cuenta con espacio suficiente, de tal manera que hay que guardar los documentos hasta en los ba\u00f1os, y cuando se busca un expediente, no se encuentra con facilidad, lo que retrasa considerablemente la din\u00e1mica de trabajo que debe ser m\u00e1s \u00e1gil, que fue una de las necesidades que impulsaron la construcci\u00f3n de esta Ciudad Judicial.<\/span><\/p>\n<p><span style=\"font-size: 14pt; font-family: arial, helvetica, sans-serif;\">Lo afectados, trabajadores del Poder Judicial se\u00f1alan:\u00a0\u201cLa presidenta del Tribunal Superior de Justicia del Estado de Veracruz, la Magistrada Lizbeth Aurelia Jim\u00e9nez Aguirre, no nos otorga audiencia para que nos explique el por qu\u00e9 realizaron entrega de un edificio que no funciona\u201d.<\/span><\/p>\n<p><span style=\"font-size: 14pt; font-family: arial, helvetica, sans-serif;\">Adem\u00e1s, enumeraron las\u00a0carencias\u00a0que existen en las\u00a0oficinas\u00a0que deben ofrecer un\u00a0servicio, por lo menos\u00a0humano, a quienes\u00a0tienen problemas\u00a0legales.<\/span><\/p>\n<p><span style=\"font-size: 14pt; font-family: arial, helvetica, sans-serif;\">Las carencias son m\u00faltiples entre las que puede nombrarse: mobiliario adecuado para la sala de convivencia, lo que afecta a ni\u00f1os, ni\u00f1as, adolescentes, etc.; salidas de emergencia, estacionamiento para el p\u00fablico, mobiliario para la sala de espera, red hidr\u00e1ulica para uso de drenaje, sanitarios para discapacitados, rezago en el mobiliario tecnol\u00f3gico, entre otros problemas graves.<\/span><\/p>\n<p><span style=\"font-size: 14pt; font-family: arial, helvetica, sans-serif;\">As\u00ed, el personal concluye que el edificio no es funcional, espacioso, ni eficiente ya que fue dise\u00f1ado para otros fines, como es el caso de salas de juicios orales, cuyos requerimientos son notoriamente diferentes a los de un Juzgado Civil o Familiar, por lo que no cuenta con el espacio necesario, resultando como consecuencia disfuncional.<\/span><\/p>\n<p><span style=\"font-size: 14pt; font-family: arial, helvetica, sans-serif;\">La falta de transparencia en la construcci\u00f3n de estas oficinas es evidente por lo que es urgentemente necesaria una auditor\u00eda profunda desde el inicio de las operaciones y, sobre todo, que lo que hay, funcione correctamente.<\/span><\/p>\n<p><span style=\"font-size: 14pt; font-family: arial, helvetica, sans-serif;\">Las oficinas del gobierno del estado de Veracruz todav\u00eda tienen en sus escritorios r\u00e9moras del pasado que impiden y hasta sabotean la transformaci\u00f3n, ya que pertenecen a administraciones con vicios que no pueden corregirse.<\/span><\/p>\n<p><span style=\"font-size: 14pt; font-family: arial, helvetica, sans-serif;\">La petici\u00f3n la firman 145 abogados, apoyados por el resto del personal que pens\u00f3 que con la creaci\u00f3n de la Ciudad Judicial tendr\u00edan mayor comodidad que en los viejos y h\u00famedos edificios y encontraron un espacio peor.<\/span><\/p>\n<p><span style=\"font-size: 14pt; font-family: arial, helvetica, sans-serif;\">Los trabajadores argumentan:\u00a0\u201csolicitamos que se haga uso eficiente del recurso p\u00fablico destinado a esta obra. Dado que el presupuesto para el siguiente edificio es considerablemente menor, existe un riesgo fundado que, por la falta de recursos econ\u00f3micos, el edificio no sea completamente funcional y quede en condiciones deficientes\u201d.<\/span><\/p>\n<p><span style=\"font-size: 14pt; font-family: arial, helvetica, sans-serif;\">La urgente reubicaci\u00f3n de oficinas y revisi\u00f3n profunda de los gastos, as\u00ed como la transformaci\u00f3n de condiciones laborales para los empleados y del servicio al p\u00fablico en general, deben ser mejoradas.<\/span><\/p>\n<p><span style=\"font-size: 14pt; font-family: arial, helvetica, sans-serif;\">La administraci\u00f3n de justicia es uno de los grandes rezagos del pa\u00eds, su deshonestidad, su par\u00e1lisis, no pueden erradicarse mientras no existan condiciones laborales adecuadas para liberar del atraso al Poder Judicial, que puede tener mil reformas, pero sin oficinas dignas, nada puede hacerse.<\/span><\/p>\n<p><span style=\"font-size: 14pt; font-family: arial, helvetica, sans-serif;\"><strong>PEGA Y CORRE.-<\/strong>\u00a0La Presidenta Claudia Sheinbaum Pardo destac\u00f3 que M\u00e9xico se encuentra en primer lugar entre los pa\u00edses del Grupo de los Veinte, G20, en la evaluaci\u00f3n de la vida o bienestar, de acuerdo con datos de la encuesta State of the Global Workplace de Gallup&#8230;Esta columna se publica los lunes, mi\u00e9rcoles y viernes.<\/span><\/p>\n<p><img data-recalc-dims=\"1\" loading=\"lazy\" decoding=\"async\" class=\"aligncenter size-full wp-image-62053\" src=\"https:\/\/i0.wp.com\/politicosaldesnudo.com.mx\/wp-content\/uploads\/2025\/05\/FIRMA-EDITORIAL-PD.jpg?resize=800%2C98&#038;ssl=1\" alt=\"\" width=\"800\" height=\"98\" srcset=\"https:\/\/i0.wp.com\/politicosaldesnudo.com.mx\/wp-content\/uploads\/2025\/05\/FIRMA-EDITORIAL-PD.jpg?w=1024&amp;ssl=1 1024w, https:\/\/i0.wp.com\/politicosaldesnudo.com.mx\/wp-content\/uploads\/2025\/05\/FIRMA-EDITORIAL-PD.jpg?resize=300%2C37&amp;ssl=1 300w, https:\/\/i0.wp.com\/politicosaldesnudo.com.mx\/wp-content\/uploads\/2025\/05\/FIRMA-EDITORIAL-PD.jpg?resize=768%2C94&amp;ssl=1 768w\" sizes=\"auto, (max-width: 800px) 100vw, 800px\" \/><\/p>\n","protected":false},"excerpt":{"rendered":"<p>ALMA GRANDE Por \u00c1ngel \u00c1lvaro Pe\u00f1a\u00a0 La Ciudad Judicial prometida por las autoridades del sexenio pasado en Poza Rica, result\u00f3<\/p>\n","protected":false},"author":4,"featured_media":61831,"comment_status":"closed","ping_status":"closed","sticky":false,"template":"","format":"standard","meta":{"colormag_page_container_layout":"default_layout","colormag_page_sidebar_layout":"default_layout","_jetpack_memberships_contains_paid_content":false,"footnotes":"","jetpack_publicize_message":"","jetpack_publicize_feature_enabled":true,"jetpack_social_post_already_shared":false,"jetpack_social_options":{"image_generator_settings":{"template":"highway","default_image_id":0,"font":"","enabled":false},"version":2}},"categories":[26],"tags":[],"class_list":["post-62127","post","type-post","status-publish","format-standard","has-post-thumbnail","hentry","category-columnistas"],"jetpack_publicize_connections":[],"jetpack_featured_media_url":"https:\/\/i0.wp.com\/politicosaldesnudo.com.mx\/wp-content\/uploads\/2025\/04\/BANNER-LOPEZ-DORIGA-DIGITAL-4.jpg?fit=800%2C445&ssl=1","jetpack-related-posts":[],"jetpack_sharing_enabled":true,"_links":{"self":[{"href":"https:\/\/politicosaldesnudo.com.mx\/index.php\/wp-json\/wp\/v2\/posts\/62127","targetHints":{"allow":["GET"]}}],"collection":[{"href":"https:\/\/politicosaldesnudo.com.mx\/index.php\/wp-json\/wp\/v2\/posts"}],"about":[{"href":"https:\/\/politicosaldesnudo.com.mx\/index.php\/wp-json\/wp\/v2\/types\/post"}],"author":[{"embeddable":true,"href":"https:\/\/politicosaldesnudo.com.mx\/index.php\/wp-json\/wp\/v2\/users\/4"}],"replies":[{"embeddable":true,"href":"https:\/\/politicosaldesnudo.com.mx\/index.php\/wp-json\/wp\/v2\/comments?post=62127"}],"version-history":[{"count":0,"href":"https:\/\/politicosaldesnudo.com.mx\/index.php\/wp-json\/wp\/v2\/posts\/62127\/revisions"}],"wp:featuredmedia":[{"embeddable":true,"href":"https:\/\/politicosaldesnudo.com.mx\/index.php\/wp-json\/wp\/v2\/media\/61831"}],"wp:attachment":[{"href":"https:\/\/politicosaldesnudo.com.mx\/index.php\/wp-json\/wp\/v2\/media?parent=62127"}],"wp:term":[{"taxonomy":"category","embeddable":true,"href":"https:\/\/politicosaldesnudo.com.mx\/index.php\/wp-json\/wp\/v2\/categories?post=62127"},{"taxonomy":"post_tag","embeddable":true,"href":"https:\/\/politicosaldesnudo.com.mx\/index.php\/wp-json\/wp\/v2\/tags?post=62127"}],"curies":[{"name":"wp","href":"https:\/\/api.w.org\/{rel}","templated":true}]}}