{"id":62131,"date":"2025-05-02T01:13:53","date_gmt":"2025-05-02T07:13:53","guid":{"rendered":"https:\/\/politicosaldesnudo.com.mx\/?p=62131"},"modified":"2025-05-02T01:13:53","modified_gmt":"2025-05-02T07:13:53","slug":"inolvidable-inicio-del-carnaval-tuxpan-2025-con-el-espectacular-concierto-de-maria-jose-la-coronacion-de-la-corte-real-y-la-quema-del-mal-humor","status":"publish","type":"post","link":"https:\/\/politicosaldesnudo.com.mx\/index.php\/2025\/05\/02\/inolvidable-inicio-del-carnaval-tuxpan-2025-con-el-espectacular-concierto-de-maria-jose-la-coronacion-de-la-corte-real-y-la-quema-del-mal-humor\/","title":{"rendered":"Inolvidable inicio del Carnaval Tuxpan 2025 con el espectacular concierto de Mar\u00eda Jos\u00e9, la coronaci\u00f3n de la Corte Real y la Quema del Mal Humor"},"content":{"rendered":"<p>Tuxpan, Ver.- Una m\u00e1gica noche se vivi\u00f3 en el inicio del Carnaval Tuxpan 2025, \u201cLa alegr\u00eda eres t\u00fa\u201d.<\/p>\n<p>Miles de personas se reunieron en el estadio municipal \u00c1lvaro Lorenzo Fern\u00e1ndez, de la Unidad Deportiva, para presenciar la Quema del Mal Humor, la coronaci\u00f3n de la Corte Real y el espectacular concierto de la cantante de talla internacional Mar\u00eda Jos\u00e9 \u201cLa Josa\u201d.<\/p>\n<p><img data-recalc-dims=\"1\" loading=\"lazy\" decoding=\"async\" class=\"aligncenter size-large wp-image-62136\" src=\"https:\/\/i0.wp.com\/politicosaldesnudo.com.mx\/wp-content\/uploads\/2025\/05\/WhatsApp-Image-2025-05-02-at-00.57.18-3-1024x637.jpeg?resize=800%2C498&#038;ssl=1\" alt=\"\" width=\"800\" height=\"498\" srcset=\"https:\/\/i0.wp.com\/politicosaldesnudo.com.mx\/wp-content\/uploads\/2025\/05\/WhatsApp-Image-2025-05-02-at-00.57.18-3.jpeg?resize=1024%2C637&amp;ssl=1 1024w, https:\/\/i0.wp.com\/politicosaldesnudo.com.mx\/wp-content\/uploads\/2025\/05\/WhatsApp-Image-2025-05-02-at-00.57.18-3.jpeg?resize=300%2C186&amp;ssl=1 300w, https:\/\/i0.wp.com\/politicosaldesnudo.com.mx\/wp-content\/uploads\/2025\/05\/WhatsApp-Image-2025-05-02-at-00.57.18-3.jpeg?resize=768%2C477&amp;ssl=1 768w, https:\/\/i0.wp.com\/politicosaldesnudo.com.mx\/wp-content\/uploads\/2025\/05\/WhatsApp-Image-2025-05-02-at-00.57.18-3.jpeg?resize=1536%2C955&amp;ssl=1 1536w, https:\/\/i0.wp.com\/politicosaldesnudo.com.mx\/wp-content\/uploads\/2025\/05\/WhatsApp-Image-2025-05-02-at-00.57.18-3.jpeg?w=1599&amp;ssl=1 1599w\" sizes=\"auto, (max-width: 800px) 100vw, 800px\" \/> <img data-recalc-dims=\"1\" loading=\"lazy\" decoding=\"async\" class=\"aligncenter size-large wp-image-62132\" src=\"https:\/\/i0.wp.com\/politicosaldesnudo.com.mx\/wp-content\/uploads\/2025\/05\/WhatsApp-Image-2025-05-02-at-00.57.17-1-1024x573.jpeg?resize=800%2C448&#038;ssl=1\" alt=\"\" width=\"800\" height=\"448\" srcset=\"https:\/\/i0.wp.com\/politicosaldesnudo.com.mx\/wp-content\/uploads\/2025\/05\/WhatsApp-Image-2025-05-02-at-00.57.17-1.jpeg?resize=1024%2C573&amp;ssl=1 1024w, https:\/\/i0.wp.com\/politicosaldesnudo.com.mx\/wp-content\/uploads\/2025\/05\/WhatsApp-Image-2025-05-02-at-00.57.17-1.jpeg?resize=300%2C168&amp;ssl=1 300w, https:\/\/i0.wp.com\/politicosaldesnudo.com.mx\/wp-content\/uploads\/2025\/05\/WhatsApp-Image-2025-05-02-at-00.57.17-1.jpeg?resize=768%2C430&amp;ssl=1 768w, https:\/\/i0.wp.com\/politicosaldesnudo.com.mx\/wp-content\/uploads\/2025\/05\/WhatsApp-Image-2025-05-02-at-00.57.17-1.jpeg?resize=1536%2C859&amp;ssl=1 1536w, https:\/\/i0.wp.com\/politicosaldesnudo.com.mx\/wp-content\/uploads\/2025\/05\/WhatsApp-Image-2025-05-02-at-00.57.17-1.jpeg?w=1600&amp;ssl=1 1600w\" sizes=\"auto, (max-width: 800px) 100vw, 800px\" \/><\/p>\n<p>Estuvieron presentes el alcalde Dr. Jes\u00fas Fomperoza Torres y la Q.I. Melba L\u00f3pez Guti\u00e9rrez, presidenta del DIF Tuxpan.<\/p>\n<p>La s\u00edndica Lidia de Jes\u00fas Santiago Hern\u00e1ndez; las regidoras y los regidores Amado Guti\u00e9rrez Lima, Mar\u00eda del Pilar Mart\u00ednez Matesanz, Maryanela Monroy Flores, Anah\u00ed Aguilar L\u00f3pez, Juan G\u00f3mez Garc\u00eda, Lucero Res\u00e9ndis Ambrocio, Luis Demetrio L\u00f3pez Mar\u00edn; y Heriberto Cruz del \u00c1ngel, en representaci\u00f3n de la regidur\u00eda octava.<\/p>\n<p><img data-recalc-dims=\"1\" loading=\"lazy\" decoding=\"async\" class=\"aligncenter size-large wp-image-62133\" src=\"https:\/\/i0.wp.com\/politicosaldesnudo.com.mx\/wp-content\/uploads\/2025\/05\/WhatsApp-Image-2025-05-02-at-00.57.17-3-1024x540.jpeg?resize=800%2C422&#038;ssl=1\" alt=\"\" width=\"800\" height=\"422\" srcset=\"https:\/\/i0.wp.com\/politicosaldesnudo.com.mx\/wp-content\/uploads\/2025\/05\/WhatsApp-Image-2025-05-02-at-00.57.17-3.jpeg?resize=1024%2C540&amp;ssl=1 1024w, https:\/\/i0.wp.com\/politicosaldesnudo.com.mx\/wp-content\/uploads\/2025\/05\/WhatsApp-Image-2025-05-02-at-00.57.17-3.jpeg?resize=300%2C158&amp;ssl=1 300w, https:\/\/i0.wp.com\/politicosaldesnudo.com.mx\/wp-content\/uploads\/2025\/05\/WhatsApp-Image-2025-05-02-at-00.57.17-3.jpeg?resize=768%2C405&amp;ssl=1 768w, https:\/\/i0.wp.com\/politicosaldesnudo.com.mx\/wp-content\/uploads\/2025\/05\/WhatsApp-Image-2025-05-02-at-00.57.17-3.jpeg?resize=1536%2C810&amp;ssl=1 1536w, https:\/\/i0.wp.com\/politicosaldesnudo.com.mx\/wp-content\/uploads\/2025\/05\/WhatsApp-Image-2025-05-02-at-00.57.17-3.jpeg?resize=390%2C205&amp;ssl=1 390w, https:\/\/i0.wp.com\/politicosaldesnudo.com.mx\/wp-content\/uploads\/2025\/05\/WhatsApp-Image-2025-05-02-at-00.57.17-3.jpeg?w=1600&amp;ssl=1 1600w\" sizes=\"auto, (max-width: 800px) 100vw, 800px\" \/> <img data-recalc-dims=\"1\" loading=\"lazy\" decoding=\"async\" class=\"aligncenter size-large wp-image-62134\" src=\"https:\/\/i0.wp.com\/politicosaldesnudo.com.mx\/wp-content\/uploads\/2025\/05\/WhatsApp-Image-2025-05-02-at-00.57.17-5-768x1024.jpeg?resize=768%2C1024&#038;ssl=1\" alt=\"\" width=\"768\" height=\"1024\" srcset=\"https:\/\/i0.wp.com\/politicosaldesnudo.com.mx\/wp-content\/uploads\/2025\/05\/WhatsApp-Image-2025-05-02-at-00.57.17-5.jpeg?resize=768%2C1024&amp;ssl=1 768w, https:\/\/i0.wp.com\/politicosaldesnudo.com.mx\/wp-content\/uploads\/2025\/05\/WhatsApp-Image-2025-05-02-at-00.57.17-5.jpeg?resize=225%2C300&amp;ssl=1 225w, https:\/\/i0.wp.com\/politicosaldesnudo.com.mx\/wp-content\/uploads\/2025\/05\/WhatsApp-Image-2025-05-02-at-00.57.17-5.jpeg?resize=1152%2C1536&amp;ssl=1 1152w, https:\/\/i0.wp.com\/politicosaldesnudo.com.mx\/wp-content\/uploads\/2025\/05\/WhatsApp-Image-2025-05-02-at-00.57.17-5.jpeg?w=1200&amp;ssl=1 1200w\" sizes=\"auto, (max-width: 768px) 100vw, 768px\" \/><\/p>\n<p>\u201cHoy damos la bienvenida a uno de los momentos m\u00e1s esperados del a\u00f1o. Sean todas y todos bienvenidos a esta gran fiesta que nos une, y que refleja el car\u00e1cter alegre de todos los tuxpe\u00f1os\u201d, expres\u00f3 el alcalde Jes\u00fas Fomperoza Torres.<\/p>\n<p><img data-recalc-dims=\"1\" loading=\"lazy\" decoding=\"async\" class=\"aligncenter size-large wp-image-62141\" src=\"https:\/\/i0.wp.com\/politicosaldesnudo.com.mx\/wp-content\/uploads\/2025\/05\/WhatsApp-Image-2025-05-02-at-00.57.19-5-1024x690.jpeg?resize=800%2C539&#038;ssl=1\" alt=\"\" width=\"800\" height=\"539\" srcset=\"https:\/\/i0.wp.com\/politicosaldesnudo.com.mx\/wp-content\/uploads\/2025\/05\/WhatsApp-Image-2025-05-02-at-00.57.19-5.jpeg?resize=1024%2C690&amp;ssl=1 1024w, https:\/\/i0.wp.com\/politicosaldesnudo.com.mx\/wp-content\/uploads\/2025\/05\/WhatsApp-Image-2025-05-02-at-00.57.19-5.jpeg?resize=300%2C202&amp;ssl=1 300w, https:\/\/i0.wp.com\/politicosaldesnudo.com.mx\/wp-content\/uploads\/2025\/05\/WhatsApp-Image-2025-05-02-at-00.57.19-5.jpeg?resize=768%2C518&amp;ssl=1 768w, https:\/\/i0.wp.com\/politicosaldesnudo.com.mx\/wp-content\/uploads\/2025\/05\/WhatsApp-Image-2025-05-02-at-00.57.19-5.jpeg?w=1280&amp;ssl=1 1280w\" sizes=\"auto, (max-width: 800px) 100vw, 800px\" \/><\/p>\n<p>Indic\u00f3 que partir de este d\u00eda en Tuxpan se vivir\u00e1 un ambiente festivo, lleno de color, de m\u00fasica, baile y tradici\u00f3n: \u201cEl Carnaval ha llegado y con \u00e9l la magia, la tradici\u00f3n y la alegr\u00eda de nuestro pueblo\u201d.<br \/>\nJes\u00fas Fomperoza agradeci\u00f3 a la gobernadora Roc\u00edo Nahle por su respaldo para llevar a cabo este evento que, sin duda, habr\u00e1 de proyectar a Tuxpan a nivel nacional.<\/p>\n<p>Tambi\u00e9n reconoci\u00f3 el trabajo del comit\u00e9 organizador y dio las gracias a todos los que participaron en los cert\u00e1menes para conformar la Corte Real.<\/p>\n<p><img data-recalc-dims=\"1\" loading=\"lazy\" decoding=\"async\" class=\"aligncenter size-large wp-image-62140\" src=\"https:\/\/i0.wp.com\/politicosaldesnudo.com.mx\/wp-content\/uploads\/2025\/05\/WhatsApp-Image-2025-05-02-at-00.57.19-4-1024x633.jpeg?resize=800%2C495&#038;ssl=1\" alt=\"\" width=\"800\" height=\"495\" srcset=\"https:\/\/i0.wp.com\/politicosaldesnudo.com.mx\/wp-content\/uploads\/2025\/05\/WhatsApp-Image-2025-05-02-at-00.57.19-4.jpeg?resize=1024%2C633&amp;ssl=1 1024w, https:\/\/i0.wp.com\/politicosaldesnudo.com.mx\/wp-content\/uploads\/2025\/05\/WhatsApp-Image-2025-05-02-at-00.57.19-4.jpeg?resize=300%2C185&amp;ssl=1 300w, https:\/\/i0.wp.com\/politicosaldesnudo.com.mx\/wp-content\/uploads\/2025\/05\/WhatsApp-Image-2025-05-02-at-00.57.19-4.jpeg?resize=768%2C475&amp;ssl=1 768w, https:\/\/i0.wp.com\/politicosaldesnudo.com.mx\/wp-content\/uploads\/2025\/05\/WhatsApp-Image-2025-05-02-at-00.57.19-4.jpeg?w=1280&amp;ssl=1 1280w\" sizes=\"auto, (max-width: 800px) 100vw, 800px\" \/> <img data-recalc-dims=\"1\" loading=\"lazy\" decoding=\"async\" class=\"aligncenter size-large wp-image-62139\" src=\"https:\/\/i0.wp.com\/politicosaldesnudo.com.mx\/wp-content\/uploads\/2025\/05\/WhatsApp-Image-2025-05-02-at-00.57.19-2-1024x681.jpeg?resize=800%2C532&#038;ssl=1\" alt=\"\" width=\"800\" height=\"532\" srcset=\"https:\/\/i0.wp.com\/politicosaldesnudo.com.mx\/wp-content\/uploads\/2025\/05\/WhatsApp-Image-2025-05-02-at-00.57.19-2.jpeg?resize=1024%2C681&amp;ssl=1 1024w, https:\/\/i0.wp.com\/politicosaldesnudo.com.mx\/wp-content\/uploads\/2025\/05\/WhatsApp-Image-2025-05-02-at-00.57.19-2.jpeg?resize=300%2C199&amp;ssl=1 300w, https:\/\/i0.wp.com\/politicosaldesnudo.com.mx\/wp-content\/uploads\/2025\/05\/WhatsApp-Image-2025-05-02-at-00.57.19-2.jpeg?resize=768%2C511&amp;ssl=1 768w, https:\/\/i0.wp.com\/politicosaldesnudo.com.mx\/wp-content\/uploads\/2025\/05\/WhatsApp-Image-2025-05-02-at-00.57.19-2.jpeg?w=1280&amp;ssl=1 1280w\" sizes=\"auto, (max-width: 800px) 100vw, 800px\" \/><\/p>\n<p>Luego de quemar el Mal Humor, se realiz\u00f3 la coronaci\u00f3n de la reina Kathy 1\u00aa, del rey de la alegr\u00eda Ricardo Sosa 1\u00ba y de las princesas Ana Leydi 1\u00aa y Mariana 2\u00aa. Tambi\u00e9n se coron\u00f3 a los reyes infantiles Alexa 1\u00aa y Gael 1\u00ba; as\u00ed como a Joely, princesa 1\u00aa.<\/p>\n<p>De la misma manera a la reina Krizsha 1\u00aa y al rey Jes\u00fas Daniel 1\u00ba, representantes de la comunidad LGBTQ+; a los reyes Adultos Mayores Margarita Gamundi y Roberto Santos, y a la princesa Lidia Loya.<\/p>\n<p>As\u00ed mismo, se coron\u00f3 a la Corte Real PCD (Personas con Discapacidad): la reina Diana Monserrat 1\u00aa, el rey Diego Armando 1\u00ba, la princesa Andrea Cobos y el pr\u00edncipe Alonso \u201cLoncho\u201d P\u00e9rez.<\/p>\n<p><img data-recalc-dims=\"1\" loading=\"lazy\" decoding=\"async\" class=\"aligncenter size-large wp-image-62135\" src=\"https:\/\/i0.wp.com\/politicosaldesnudo.com.mx\/wp-content\/uploads\/2025\/05\/WhatsApp-Image-2025-05-02-at-00.57.18-1-1024x652.jpeg?resize=800%2C509&#038;ssl=1\" alt=\"\" width=\"800\" height=\"509\" srcset=\"https:\/\/i0.wp.com\/politicosaldesnudo.com.mx\/wp-content\/uploads\/2025\/05\/WhatsApp-Image-2025-05-02-at-00.57.18-1.jpeg?resize=1024%2C652&amp;ssl=1 1024w, https:\/\/i0.wp.com\/politicosaldesnudo.com.mx\/wp-content\/uploads\/2025\/05\/WhatsApp-Image-2025-05-02-at-00.57.18-1.jpeg?resize=300%2C191&amp;ssl=1 300w, https:\/\/i0.wp.com\/politicosaldesnudo.com.mx\/wp-content\/uploads\/2025\/05\/WhatsApp-Image-2025-05-02-at-00.57.18-1.jpeg?resize=768%2C489&amp;ssl=1 768w, https:\/\/i0.wp.com\/politicosaldesnudo.com.mx\/wp-content\/uploads\/2025\/05\/WhatsApp-Image-2025-05-02-at-00.57.18-1.jpeg?resize=1536%2C978&amp;ssl=1 1536w, https:\/\/i0.wp.com\/politicosaldesnudo.com.mx\/wp-content\/uploads\/2025\/05\/WhatsApp-Image-2025-05-02-at-00.57.18-1.jpeg?w=1600&amp;ssl=1 1600w\" sizes=\"auto, (max-width: 800px) 100vw, 800px\" \/> <img data-recalc-dims=\"1\" loading=\"lazy\" decoding=\"async\" class=\"aligncenter size-large wp-image-62138\" src=\"https:\/\/i0.wp.com\/politicosaldesnudo.com.mx\/wp-content\/uploads\/2025\/05\/WhatsApp-Image-2025-05-02-at-00.57.18-768x1024.jpeg?resize=768%2C1024&#038;ssl=1\" alt=\"\" width=\"768\" height=\"1024\" srcset=\"https:\/\/i0.wp.com\/politicosaldesnudo.com.mx\/wp-content\/uploads\/2025\/05\/WhatsApp-Image-2025-05-02-at-00.57.18.jpeg?resize=768%2C1024&amp;ssl=1 768w, https:\/\/i0.wp.com\/politicosaldesnudo.com.mx\/wp-content\/uploads\/2025\/05\/WhatsApp-Image-2025-05-02-at-00.57.18.jpeg?resize=225%2C300&amp;ssl=1 225w, https:\/\/i0.wp.com\/politicosaldesnudo.com.mx\/wp-content\/uploads\/2025\/05\/WhatsApp-Image-2025-05-02-at-00.57.18.jpeg?resize=1152%2C1536&amp;ssl=1 1152w, https:\/\/i0.wp.com\/politicosaldesnudo.com.mx\/wp-content\/uploads\/2025\/05\/WhatsApp-Image-2025-05-02-at-00.57.18.jpeg?w=1200&amp;ssl=1 1200w\" sizes=\"auto, (max-width: 768px) 100vw, 768px\" \/><\/p>\n<p>Los asistentes corearon y bailaron junto a La Josa \u00e9xitos como Adelante coraz\u00f3n, Lo que ten\u00edas conmigo, Me equivoqu\u00e9, \u00c9l era perfecto y No soy una se\u00f1ora, en lo que fue el primer gran concierto de esta celebraci\u00f3n.<\/p>\n<p><img data-recalc-dims=\"1\" loading=\"lazy\" decoding=\"async\" class=\"aligncenter size-large wp-image-62142\" src=\"https:\/\/i0.wp.com\/politicosaldesnudo.com.mx\/wp-content\/uploads\/2025\/05\/WhatsApp-Image-2025-05-02-at-00.57.19-6-576x1024.jpeg?resize=576%2C1024&#038;ssl=1\" alt=\"\" width=\"576\" height=\"1024\" srcset=\"https:\/\/i0.wp.com\/politicosaldesnudo.com.mx\/wp-content\/uploads\/2025\/05\/WhatsApp-Image-2025-05-02-at-00.57.19-6.jpeg?resize=576%2C1024&amp;ssl=1 576w, https:\/\/i0.wp.com\/politicosaldesnudo.com.mx\/wp-content\/uploads\/2025\/05\/WhatsApp-Image-2025-05-02-at-00.57.19-6.jpeg?resize=169%2C300&amp;ssl=1 169w, https:\/\/i0.wp.com\/politicosaldesnudo.com.mx\/wp-content\/uploads\/2025\/05\/WhatsApp-Image-2025-05-02-at-00.57.19-6.jpeg?w=720&amp;ssl=1 720w\" sizes=\"auto, (max-width: 576px) 100vw, 576px\" \/><\/p>\n<p>Este viernes 2 de mayo, despu\u00e9s de las 18:00 horas se llevar\u00e1 a cabo el primer desfile del Carnaval Tuxpan 2025 en el bulevar, iniciando el recorrido en el Puente Tuxpan hasta llegar a la calle Francisco Murgu\u00eda (2 cuadras antes del Sector Naval).<\/p>\n<p>Al t\u00e9rmino del paseo, el Grupo Ca\u00f1averal llenar\u00e1 de ritmo el estadio municipal en el segundo concierto masivo.<\/p>\n","protected":false},"excerpt":{"rendered":"<p>Tuxpan, Ver.- Una m\u00e1gica noche se vivi\u00f3 en el inicio del Carnaval Tuxpan 2025, \u201cLa alegr\u00eda eres t\u00fa\u201d. Miles de<\/p>\n","protected":false},"author":4,"featured_media":62133,"comment_status":"closed","ping_status":"closed","sticky":false,"template":"","format":"standard","meta":{"colormag_page_container_layout":"default_layout","colormag_page_sidebar_layout":"default_layout","_jetpack_memberships_contains_paid_content":false,"footnotes":"","jetpack_publicize_message":"","jetpack_publicize_feature_enabled":true,"jetpack_social_post_already_shared":false,"jetpack_social_options":{"image_generator_settings":{"template":"highway","default_image_id":0,"font":"","enabled":false},"version":2}},"categories":[3205,1082],"tags":[],"class_list":["post-62131","post","type-post","status-publish","format-standard","has-post-thumbnail","hentry","category-gobierno-tuxpan","category-tuxpan"],"jetpack_publicize_connections":[],"jetpack_featured_media_url":"https:\/\/i0.wp.com\/politicosaldesnudo.com.mx\/wp-content\/uploads\/2025\/05\/WhatsApp-Image-2025-05-02-at-00.57.17-3.jpeg?fit=1600%2C844&ssl=1","jetpack-related-posts":[],"jetpack_sharing_enabled":true,"_links":{"self":[{"href":"https:\/\/politicosaldesnudo.com.mx\/index.php\/wp-json\/wp\/v2\/posts\/62131","targetHints":{"allow":["GET"]}}],"collection":[{"href":"https:\/\/politicosaldesnudo.com.mx\/index.php\/wp-json\/wp\/v2\/posts"}],"about":[{"href":"https:\/\/politicosaldesnudo.com.mx\/index.php\/wp-json\/wp\/v2\/types\/post"}],"author":[{"embeddable":true,"href":"https:\/\/politicosaldesnudo.com.mx\/index.php\/wp-json\/wp\/v2\/users\/4"}],"replies":[{"embeddable":true,"href":"https:\/\/politicosaldesnudo.com.mx\/index.php\/wp-json\/wp\/v2\/comments?post=62131"}],"version-history":[{"count":0,"href":"https:\/\/politicosaldesnudo.com.mx\/index.php\/wp-json\/wp\/v2\/posts\/62131\/revisions"}],"wp:featuredmedia":[{"embeddable":true,"href":"https:\/\/politicosaldesnudo.com.mx\/index.php\/wp-json\/wp\/v2\/media\/62133"}],"wp:attachment":[{"href":"https:\/\/politicosaldesnudo.com.mx\/index.php\/wp-json\/wp\/v2\/media?parent=62131"}],"wp:term":[{"taxonomy":"category","embeddable":true,"href":"https:\/\/politicosaldesnudo.com.mx\/index.php\/wp-json\/wp\/v2\/categories?post=62131"},{"taxonomy":"post_tag","embeddable":true,"href":"https:\/\/politicosaldesnudo.com.mx\/index.php\/wp-json\/wp\/v2\/tags?post=62131"}],"curies":[{"name":"wp","href":"https:\/\/api.w.org\/{rel}","templated":true}]}}