{"id":62195,"date":"2025-05-03T00:18:17","date_gmt":"2025-05-03T06:18:17","guid":{"rendered":"https:\/\/politicosaldesnudo.com.mx\/?p=62195"},"modified":"2025-05-02T21:53:30","modified_gmt":"2025-05-03T03:53:30","slug":"justicia-de-bolivia-restituye-orden-de-captura-contra-evo-morales","status":"publish","type":"post","link":"https:\/\/politicosaldesnudo.com.mx\/index.php\/2025\/05\/03\/justicia-de-bolivia-restituye-orden-de-captura-contra-evo-morales\/","title":{"rendered":"Justicia de Bolivia restituye orden de captura contra Evo Morales"},"content":{"rendered":"<p class=\"nota-justify\">La justicia de Bolivia restituy\u00f3 este viernes la orden de captura contra el exmandatario, Evo Morales (2006-2019), por el caso de presunta trata de una menor, que hab\u00eda sido anulada por una jueza el pasado mi\u00e9rcoles 30 de abril, inform\u00f3 el Ministerio de Justicia.<\/p>\n<p class=\"nota-justify\">\u00abNo solamente (se mantiene la vigencia) de la orden, sino (que) queda vigente el proceso, la imputaci\u00f3n, la jurisdicci\u00f3n, donde se lleva el caso y el juez\u201d, inform\u00f3 C\u00e9sar Siles, titular de la cartera, al canal oficial Bolivia TV. \u00abEs realmente un fallo aberrante el que dict\u00f3 la jueza (&#8230;), pero afortunadamente se restableci\u00f3 el estado de derecho\u00bb, opin\u00f3 Siles.<\/p>\n<p class=\"nota-justify\">El ministro adujo la decisi\u00f3n de un juez de La Paz, que decidi\u00f3 suspender temporalmente el fallo de la magistrada Lilian Moreno, de Santa Cruz (este), que hab\u00eda dejado sin efecto los cargos y el mandato de captura contra Morales. \u00abComo medida cautelar se ordena la suspensi\u00f3n temporal de la ejecuci\u00f3n de toda determinaci\u00f3n adoptada\u00bb, pues a\u00fan se debe resolver una queja pendiente, indica la resoluci\u00f3n judicial, citada por la estatal Agencia Boliviana de Informaci\u00f3n.<\/p>\n<p class=\"nota-justify\">Por su parte, Morales se refiri\u00f3 a la resoluci\u00f3n como una \u00abnoticia difundida por el gobierno\u00bb que responde a \u00absu desesperaci\u00f3n al haber sido derrotado pol\u00edtica y jur\u00eddicamente\u00bb. Acus\u00f3 al gobierno de Luis Arce de orquestar una persecuci\u00f3n judicial en su contra para proscribirlo de las elecciones del pr\u00f3ximo 17 de agosto, en la que buscar\u00e1 un cuarto mandato. Anunci\u00f3 que el 16 de mayo marchar\u00e1 en La Paz para inscribir su candidatura. \u00abAl pueblo boliviano le aseguro: mi libertad est\u00e1 garantizada\u00bb, agreg\u00f3.<\/p>\n","protected":false},"excerpt":{"rendered":"<p>La justicia de Bolivia restituy\u00f3 este viernes la orden de captura contra el exmandatario, Evo Morales (2006-2019), por el caso<\/p>\n","protected":false},"author":4,"featured_media":62196,"comment_status":"closed","ping_status":"closed","sticky":false,"template":"","format":"standard","meta":{"colormag_page_container_layout":"default_layout","colormag_page_sidebar_layout":"default_layout","_jetpack_memberships_contains_paid_content":false,"footnotes":"","jetpack_publicize_message":"","jetpack_publicize_feature_enabled":true,"jetpack_social_post_already_shared":false,"jetpack_social_options":{"image_generator_settings":{"template":"highway","default_image_id":0,"font":"","enabled":false},"version":2}},"categories":[28],"tags":[],"class_list":["post-62195","post","type-post","status-publish","format-standard","has-post-thumbnail","hentry","category-internacional"],"jetpack_publicize_connections":[],"jetpack_featured_media_url":"https:\/\/i0.wp.com\/politicosaldesnudo.com.mx\/wp-content\/uploads\/2025\/05\/EVO.jpg?fit=611%2C430&ssl=1","jetpack-related-posts":[],"jetpack_sharing_enabled":true,"_links":{"self":[{"href":"https:\/\/politicosaldesnudo.com.mx\/index.php\/wp-json\/wp\/v2\/posts\/62195","targetHints":{"allow":["GET"]}}],"collection":[{"href":"https:\/\/politicosaldesnudo.com.mx\/index.php\/wp-json\/wp\/v2\/posts"}],"about":[{"href":"https:\/\/politicosaldesnudo.com.mx\/index.php\/wp-json\/wp\/v2\/types\/post"}],"author":[{"embeddable":true,"href":"https:\/\/politicosaldesnudo.com.mx\/index.php\/wp-json\/wp\/v2\/users\/4"}],"replies":[{"embeddable":true,"href":"https:\/\/politicosaldesnudo.com.mx\/index.php\/wp-json\/wp\/v2\/comments?post=62195"}],"version-history":[{"count":0,"href":"https:\/\/politicosaldesnudo.com.mx\/index.php\/wp-json\/wp\/v2\/posts\/62195\/revisions"}],"wp:featuredmedia":[{"embeddable":true,"href":"https:\/\/politicosaldesnudo.com.mx\/index.php\/wp-json\/wp\/v2\/media\/62196"}],"wp:attachment":[{"href":"https:\/\/politicosaldesnudo.com.mx\/index.php\/wp-json\/wp\/v2\/media?parent=62195"}],"wp:term":[{"taxonomy":"category","embeddable":true,"href":"https:\/\/politicosaldesnudo.com.mx\/index.php\/wp-json\/wp\/v2\/categories?post=62195"},{"taxonomy":"post_tag","embeddable":true,"href":"https:\/\/politicosaldesnudo.com.mx\/index.php\/wp-json\/wp\/v2\/tags?post=62195"}],"curies":[{"name":"wp","href":"https:\/\/api.w.org\/{rel}","templated":true}]}}