{"id":62198,"date":"2025-05-03T00:19:02","date_gmt":"2025-05-03T06:19:02","guid":{"rendered":"https:\/\/politicosaldesnudo.com.mx\/?p=62198"},"modified":"2025-05-02T21:56:54","modified_gmt":"2025-05-03T03:56:54","slug":"promete-carney-transformar-la-economia-canadiense-anuncia-reunion-con-trump","status":"publish","type":"post","link":"https:\/\/politicosaldesnudo.com.mx\/index.php\/2025\/05\/03\/promete-carney-transformar-la-economia-canadiense-anuncia-reunion-con-trump\/","title":{"rendered":"Promete Carney transformar la econom\u00eda canadiense; anuncia reuni\u00f3n con Trump"},"content":{"rendered":"<p class=\"nota-justify\">El primer ministro de Canad\u00e1, Mark Carney, prometi\u00f3 el viernes lanzar la \u00abmayor transformaci\u00f3n de la econom\u00eda canadiense\u00bb desde la Segunda Guerra Mundial, en su primera rueda de prensa tras su victoria electoral a inicios de semana.<\/p>\n<p class=\"nota-justify\">Carney tambi\u00e9n anunci\u00f3 que el martes se reunir\u00e1 con Donald Trump en Washington, un encuentro que se realizar\u00e1 en el marco de las tensiones causadas por los aranceles que impuso el mandatario estadounidense a sus socios comerciales.<\/p>\n<p class=\"nota-justify\">\u00abVamos a vivir un periodo incre\u00edblemente emocionante, en el que tomaremos en nuestras manos nuestro destino econ\u00f3mico para crear una nueva econom\u00eda canadiense\u00bb, afirm\u00f3 Carney a periodistas en Ottawa.<\/p>\n<p class=\"nota-justify\">El primer ministro y su Partido Liberal, ganaron el lunes las elecciones generales anticipadas en las que enfoc\u00f3 su campa\u00f1a en las amenazas comerciales y de anexi\u00f3n de Canad\u00e1 realizadas por Trump.<\/p>\n<p class=\"nota-justify\">\u00abLos canadienses eligieron un nuevo gobierno para hacer frente al presidente Trump y construir una econom\u00eda fuerte\u00bb, declar\u00f3 Carney.<\/p>\n<p class=\"nota-justify\">\u00abComo primer ministro escuch\u00e9 estos mensajes alto y claro, actuar\u00e9 en consecuencia con esmero y determinaci\u00f3n\u00bb, agreg\u00f3.<\/p>\n<p class=\"nota-justify\">Durante su encuentro con Trump prev\u00e9 abordar los temas comerciales y de seguridad.<\/p>\n<p class=\"nota-justify\">\u00abNos concentraremos tanto en las presiones comerciales inmediatas como en la futura relaci\u00f3n econ\u00f3mica y de seguridad\u00bb, afirm\u00f3 Carney.<\/p>\n<p class=\"nota-justify\">El primer ministro anticip\u00f3 que su gobierno se pondr\u00e1 en marcha la semana del 12 de mayo.<\/p>\n<p class=\"nota-justify\">El Parlamento, con funciones suspendidas desde enero, volver\u00e1 a sus actividades el 26 de mayo y el rey Carlos III en persona pronunciar\u00e1 el Discurso del Trono durante la ceremonia.<\/p>\n<p class=\"nota-justify\">\u00abSe trata de un honor hist\u00f3rico\u00bb, subray\u00f3 Carney. \u00abEso muestra claramente la soberan\u00eda de nuestro pa\u00eds\u00bb, a\u00f1adi\u00f3 en referencia a las amenazas de anexi\u00f3n de Trump.<\/p>\n<p class=\"nota-justify\">Ese discurso, que marca la apertura de sesiones del Parlamento de Canad\u00e1, suele ser pronunciado por el gobernador general, que es el representante del rey en el pa\u00eds.<\/p>\n","protected":false},"excerpt":{"rendered":"<p>El primer ministro de Canad\u00e1, Mark Carney, prometi\u00f3 el viernes lanzar la \u00abmayor transformaci\u00f3n de la econom\u00eda canadiense\u00bb desde la<\/p>\n","protected":false},"author":4,"featured_media":62199,"comment_status":"closed","ping_status":"closed","sticky":false,"template":"","format":"standard","meta":{"colormag_page_container_layout":"default_layout","colormag_page_sidebar_layout":"default_layout","_jetpack_memberships_contains_paid_content":false,"footnotes":"","jetpack_publicize_message":"","jetpack_publicize_feature_enabled":true,"jetpack_social_post_already_shared":false,"jetpack_social_options":{"image_generator_settings":{"template":"highway","default_image_id":0,"font":"","enabled":false},"version":2}},"categories":[28],"tags":[],"class_list":["post-62198","post","type-post","status-publish","format-standard","has-post-thumbnail","hentry","category-internacional"],"jetpack_publicize_connections":[],"jetpack_featured_media_url":"https:\/\/i0.wp.com\/politicosaldesnudo.com.mx\/wp-content\/uploads\/2025\/05\/MARK.jpg?fit=698%2C545&ssl=1","jetpack-related-posts":[],"jetpack_sharing_enabled":true,"_links":{"self":[{"href":"https:\/\/politicosaldesnudo.com.mx\/index.php\/wp-json\/wp\/v2\/posts\/62198","targetHints":{"allow":["GET"]}}],"collection":[{"href":"https:\/\/politicosaldesnudo.com.mx\/index.php\/wp-json\/wp\/v2\/posts"}],"about":[{"href":"https:\/\/politicosaldesnudo.com.mx\/index.php\/wp-json\/wp\/v2\/types\/post"}],"author":[{"embeddable":true,"href":"https:\/\/politicosaldesnudo.com.mx\/index.php\/wp-json\/wp\/v2\/users\/4"}],"replies":[{"embeddable":true,"href":"https:\/\/politicosaldesnudo.com.mx\/index.php\/wp-json\/wp\/v2\/comments?post=62198"}],"version-history":[{"count":0,"href":"https:\/\/politicosaldesnudo.com.mx\/index.php\/wp-json\/wp\/v2\/posts\/62198\/revisions"}],"wp:featuredmedia":[{"embeddable":true,"href":"https:\/\/politicosaldesnudo.com.mx\/index.php\/wp-json\/wp\/v2\/media\/62199"}],"wp:attachment":[{"href":"https:\/\/politicosaldesnudo.com.mx\/index.php\/wp-json\/wp\/v2\/media?parent=62198"}],"wp:term":[{"taxonomy":"category","embeddable":true,"href":"https:\/\/politicosaldesnudo.com.mx\/index.php\/wp-json\/wp\/v2\/categories?post=62198"},{"taxonomy":"post_tag","embeddable":true,"href":"https:\/\/politicosaldesnudo.com.mx\/index.php\/wp-json\/wp\/v2\/tags?post=62198"}],"curies":[{"name":"wp","href":"https:\/\/api.w.org\/{rel}","templated":true}]}}