{"id":62201,"date":"2025-05-03T00:20:59","date_gmt":"2025-05-03T06:20:59","guid":{"rendered":"https:\/\/politicosaldesnudo.com.mx\/?p=62201"},"modified":"2025-05-02T21:59:25","modified_gmt":"2025-05-03T03:59:25","slug":"ordena-eln-confinamiento-de-la-poblacion-civil-al-noroeste-de-colombia","status":"publish","type":"post","link":"https:\/\/politicosaldesnudo.com.mx\/index.php\/2025\/05\/03\/ordena-eln-confinamiento-de-la-poblacion-civil-al-noroeste-de-colombia\/","title":{"rendered":"Ordena ELN confinamiento de la poblaci\u00f3n civil al noroeste de Colombia"},"content":{"rendered":"<p class=\"nota-justify\">El Ej\u00e9rcito de Liberaci\u00f3n Nacional (ELN) orden\u00f3 el confinamiento de la poblaci\u00f3n civil en el noroeste de Colombia a partir del viernes y durante tres d\u00edas, en medio de una reciente ola de asesinatos contra militares y polic\u00edas.<\/p>\n<p class=\"nota-justify\">El pa\u00eds atraviesa su peor pico de violencia de la \u00faltima d\u00e9cada, con negociaciones frustradas entre el gobierno y las organizaciones ilegales m\u00e1s poderosas.<\/p>\n<p class=\"nota-justify\">La gobernadora del departamento del Choc\u00f3 (noroeste), Nubia C\u00f3rdoba, denunci\u00f3 el viernes en la red social X una \u00abnueva escalda de violencia\u00bb en la regi\u00f3n por los combates entre esa guerrilla y el Clan del Golfo, el principal grupo narcotraficante de Colombia.<\/p>\n<p class=\"nota-justify\">El Frente de Guerra Occidental del ELN anunci\u00f3 la prohibici\u00f3n de \u00abcualquier tipo de movilidad\u00bb sobre el r\u00edo Baud\u00f3 y sus afluentes, en un comunicado difundido el jueves, una zona sin carreteras donde la poblaci\u00f3n se mueve exclusivamente por v\u00eda fluvial.<\/p>\n<p class=\"nota-justify\">Seg\u00fan la guerrilla, el confinamiento fue ordenado para \u00abevitar afectaciones a la poblaci\u00f3n civil\u00bb durante los enfrentamientos con el Clan del Golfo, de origen paramilitar.<\/p>\n<p class=\"nota-justify\">Ambos grupos se disputan el control de esa zona clave para el tr\u00e1fico de coca\u00edna.<\/p>\n<p class=\"nota-justify\">Conocidas como \u00abparos armados\u00bb, las restricciones a la movilidad de la poblaci\u00f3n civil son comunes en regiones dominadas por el ELN.<\/p>\n<p class=\"nota-justify\">El anuncio se da d\u00edas despu\u00e9s de que el presidente izquierdista, Gustavo Petro, denunciara el \u00abasesinato sistem\u00e1tico\u00bb de al menos 27 polic\u00edas y militares en las \u00faltimas semanas bajo un \u00abplan pistola\u00bb, al estilo del difunto bar\u00f3n de la coca\u00edna Pablo Escobar.<\/p>\n<p class=\"nota-justify\">El mandatario responsabiliz\u00f3 de algunas de las muertes a disidencias de la extinta guerrilla de las FARC y al Clan del Golfo.<\/p>\n<p class=\"nota-justify\">El gobierno tambi\u00e9n lidera, desde mediados de enero, una ofensiva contra el ELN en una regi\u00f3n fronteriza con Venezuela conocida como el Catatumbo, tras una sangrienta arremetida de esa guerrilla contra una disidencia de las FARC que dej\u00f3 m\u00e1s de 70 muertos y 55.000 desplazados.<\/p>\n<p class=\"nota-justify\">Bajo la bandera de una pol\u00edtica de \u00abpaz total\u00bb, Petro lleg\u00f3 al poder en 2022 con el prop\u00f3sito de extinguir el conflicto armado interno, que continu\u00f3 tras la firma de la paz con las FARC en 2016.<\/p>\n<p class=\"nota-justify\">Pero en su mandato los grupos armados, financiados por el narcotr\u00e1fico, se han fortalecido. Unos 22.000 combatientes avivan la guerra de medio siglo, seg\u00fan cifras oficiales, en pleno r\u00e9cord de producci\u00f3n de coca\u00edna registrado por la ONU.<\/p>\n","protected":false},"excerpt":{"rendered":"<p>El Ej\u00e9rcito de Liberaci\u00f3n Nacional (ELN) orden\u00f3 el confinamiento de la poblaci\u00f3n civil en el noroeste de Colombia a partir<\/p>\n","protected":false},"author":4,"featured_media":62202,"comment_status":"closed","ping_status":"closed","sticky":false,"template":"","format":"standard","meta":{"colormag_page_container_layout":"default_layout","colormag_page_sidebar_layout":"default_layout","_jetpack_memberships_contains_paid_content":false,"footnotes":"","jetpack_publicize_message":"","jetpack_publicize_feature_enabled":true,"jetpack_social_post_already_shared":false,"jetpack_social_options":{"image_generator_settings":{"template":"highway","default_image_id":0,"font":"","enabled":false},"version":2}},"categories":[28],"tags":[],"class_list":["post-62201","post","type-post","status-publish","format-standard","has-post-thumbnail","hentry","category-internacional"],"jetpack_publicize_connections":[],"jetpack_featured_media_url":"https:\/\/i0.wp.com\/politicosaldesnudo.com.mx\/wp-content\/uploads\/2025\/05\/ELN.jpg?fit=722%2C491&ssl=1","jetpack-related-posts":[],"jetpack_sharing_enabled":true,"_links":{"self":[{"href":"https:\/\/politicosaldesnudo.com.mx\/index.php\/wp-json\/wp\/v2\/posts\/62201","targetHints":{"allow":["GET"]}}],"collection":[{"href":"https:\/\/politicosaldesnudo.com.mx\/index.php\/wp-json\/wp\/v2\/posts"}],"about":[{"href":"https:\/\/politicosaldesnudo.com.mx\/index.php\/wp-json\/wp\/v2\/types\/post"}],"author":[{"embeddable":true,"href":"https:\/\/politicosaldesnudo.com.mx\/index.php\/wp-json\/wp\/v2\/users\/4"}],"replies":[{"embeddable":true,"href":"https:\/\/politicosaldesnudo.com.mx\/index.php\/wp-json\/wp\/v2\/comments?post=62201"}],"version-history":[{"count":0,"href":"https:\/\/politicosaldesnudo.com.mx\/index.php\/wp-json\/wp\/v2\/posts\/62201\/revisions"}],"wp:featuredmedia":[{"embeddable":true,"href":"https:\/\/politicosaldesnudo.com.mx\/index.php\/wp-json\/wp\/v2\/media\/62202"}],"wp:attachment":[{"href":"https:\/\/politicosaldesnudo.com.mx\/index.php\/wp-json\/wp\/v2\/media?parent=62201"}],"wp:term":[{"taxonomy":"category","embeddable":true,"href":"https:\/\/politicosaldesnudo.com.mx\/index.php\/wp-json\/wp\/v2\/categories?post=62201"},{"taxonomy":"post_tag","embeddable":true,"href":"https:\/\/politicosaldesnudo.com.mx\/index.php\/wp-json\/wp\/v2\/tags?post=62201"}],"curies":[{"name":"wp","href":"https:\/\/api.w.org\/{rel}","templated":true}]}}