{"id":62241,"date":"2025-05-03T16:22:33","date_gmt":"2025-05-03T22:22:33","guid":{"rendered":"https:\/\/politicosaldesnudo.com.mx\/?p=62241"},"modified":"2025-05-03T16:29:01","modified_gmt":"2025-05-03T22:29:01","slug":"lopez-doriga-mas-de-tres-decenios-en-la-radio","status":"publish","type":"post","link":"https:\/\/politicosaldesnudo.com.mx\/index.php\/2025\/05\/03\/lopez-doriga-mas-de-tres-decenios-en-la-radio\/","title":{"rendered":"L\u00f3pez D\u00f3riga, m\u00e1s de tres decenios en la radio"},"content":{"rendered":"<p><strong><span style=\"font-size: 14pt; font-family: arial, helvetica, sans-serif;\">Por \u00c1ngel \u00c1lvaro Pe\u00f1a<\/span><\/strong><br \/>\n<span style=\"font-size: 14pt; font-family: arial, helvetica, sans-serif;\">El periodista Joaqu\u00edn L\u00f3pez D\u00f3riga a lo largo de 31 a\u00f1os ha llevado a cabo una tarea constante de periodismo profesional, transparente, valiente. Cumple un a\u00f1o m\u00e1s de ser el despertar de mediod\u00eda a trav\u00e9s de Radio F\u00f3rmula, desde donde millones de mexicanos lo escuchan.<\/span><br \/>\n<span style=\"font-size: 14pt; font-family: arial, helvetica, sans-serif;\">Felicidades por las batallas diarias que lleva a delante, reflejando la realidad de un pa\u00eds que cambia todos los d\u00edas.<\/span><br \/>\n<span style=\"font-size: 14pt; font-family: arial, helvetica, sans-serif;\">Desde m\u00e1s de medio siglo a la fecha L\u00f3pez D\u00f3riga da prioridad a los detalles, nacionales e internacionales, que la agitada marcha de la noticia no permite ver, y tambi\u00e9n exhibe el lado oscuro de los poderosos que no cumplen con el rol que la historia les encomend\u00f3.<\/span><br \/>\n<span style=\"font-size: 14pt; font-family: arial, helvetica, sans-serif;\">Muchos a\u00f1os m\u00e1s a este gran comunicador que da cuenta del pasado, porque fue testigo de esa parte de nuestro destino, del presente porque cuenta con las herramientas para desmenuzar cada acci\u00f3n y del devenir de un pueblo consciente y alerta del acontecer nacional.<\/span><\/p>\n","protected":false},"excerpt":{"rendered":"<p>Por \u00c1ngel \u00c1lvaro Pe\u00f1a El periodista Joaqu\u00edn L\u00f3pez D\u00f3riga a lo largo de 31 a\u00f1os ha llevado a cabo una<\/p>\n","protected":false},"author":4,"featured_media":62242,"comment_status":"closed","ping_status":"closed","sticky":false,"template":"","format":"standard","meta":{"colormag_page_container_layout":"default_layout","colormag_page_sidebar_layout":"default_layout","_jetpack_memberships_contains_paid_content":false,"footnotes":"","jetpack_publicize_message":"","jetpack_publicize_feature_enabled":true,"jetpack_social_post_already_shared":false,"jetpack_social_options":{"image_generator_settings":{"template":"highway","default_image_id":0,"font":"","enabled":false},"version":2}},"categories":[26],"tags":[],"class_list":["post-62241","post","type-post","status-publish","format-standard","has-post-thumbnail","hentry","category-columnistas"],"jetpack_publicize_connections":[],"jetpack_featured_media_url":"https:\/\/i0.wp.com\/politicosaldesnudo.com.mx\/wp-content\/uploads\/2025\/05\/Lopez-Doriga-expresa-temor-por-su-familia-tras-declaracion-de-AMLO.png?fit=1175%2C662&ssl=1","jetpack-related-posts":[],"jetpack_sharing_enabled":true,"_links":{"self":[{"href":"https:\/\/politicosaldesnudo.com.mx\/index.php\/wp-json\/wp\/v2\/posts\/62241","targetHints":{"allow":["GET"]}}],"collection":[{"href":"https:\/\/politicosaldesnudo.com.mx\/index.php\/wp-json\/wp\/v2\/posts"}],"about":[{"href":"https:\/\/politicosaldesnudo.com.mx\/index.php\/wp-json\/wp\/v2\/types\/post"}],"author":[{"embeddable":true,"href":"https:\/\/politicosaldesnudo.com.mx\/index.php\/wp-json\/wp\/v2\/users\/4"}],"replies":[{"embeddable":true,"href":"https:\/\/politicosaldesnudo.com.mx\/index.php\/wp-json\/wp\/v2\/comments?post=62241"}],"version-history":[{"count":0,"href":"https:\/\/politicosaldesnudo.com.mx\/index.php\/wp-json\/wp\/v2\/posts\/62241\/revisions"}],"wp:featuredmedia":[{"embeddable":true,"href":"https:\/\/politicosaldesnudo.com.mx\/index.php\/wp-json\/wp\/v2\/media\/62242"}],"wp:attachment":[{"href":"https:\/\/politicosaldesnudo.com.mx\/index.php\/wp-json\/wp\/v2\/media?parent=62241"}],"wp:term":[{"taxonomy":"category","embeddable":true,"href":"https:\/\/politicosaldesnudo.com.mx\/index.php\/wp-json\/wp\/v2\/categories?post=62241"},{"taxonomy":"post_tag","embeddable":true,"href":"https:\/\/politicosaldesnudo.com.mx\/index.php\/wp-json\/wp\/v2\/tags?post=62241"}],"curies":[{"name":"wp","href":"https:\/\/api.w.org\/{rel}","templated":true}]}}