{"id":62246,"date":"2025-05-03T14:01:28","date_gmt":"2025-05-03T20:01:28","guid":{"rendered":"https:\/\/politicosaldesnudo.com.mx\/?p=62246"},"modified":"2025-05-04T14:09:03","modified_gmt":"2025-05-04T20:09:03","slug":"totalmente-abarrotado-el-bulevar-en-el-segundo-paseo-de-carnaval-tuxpan-2025","status":"publish","type":"post","link":"https:\/\/politicosaldesnudo.com.mx\/index.php\/2025\/05\/03\/totalmente-abarrotado-el-bulevar-en-el-segundo-paseo-de-carnaval-tuxpan-2025\/","title":{"rendered":"Totalmente abarrotado el bulevar en el segundo paseo de Carnaval Tuxpan 2025"},"content":{"rendered":"<p>Tuxpan, Ver., 3 de mayo de 2025.- El bulevar de la ciudad luci\u00f3 totalmente abarrotado por miles de familias locales y for\u00e1neas que asistieron a disfrutar del segundo paseo del Carnaval Tuxpan 2025.<\/p>\n<p><img data-recalc-dims=\"1\" loading=\"lazy\" decoding=\"async\" class=\"aligncenter size-large wp-image-62247\" src=\"https:\/\/i0.wp.com\/politicosaldesnudo.com.mx\/wp-content\/uploads\/2025\/05\/WhatsApp-Image-2025-05-03-at-23.01.19-1024x622.jpeg?resize=800%2C486&#038;ssl=1\" alt=\"\" width=\"800\" height=\"486\" srcset=\"https:\/\/i0.wp.com\/politicosaldesnudo.com.mx\/wp-content\/uploads\/2025\/05\/WhatsApp-Image-2025-05-03-at-23.01.19.jpeg?resize=1024%2C622&amp;ssl=1 1024w, https:\/\/i0.wp.com\/politicosaldesnudo.com.mx\/wp-content\/uploads\/2025\/05\/WhatsApp-Image-2025-05-03-at-23.01.19.jpeg?resize=300%2C182&amp;ssl=1 300w, https:\/\/i0.wp.com\/politicosaldesnudo.com.mx\/wp-content\/uploads\/2025\/05\/WhatsApp-Image-2025-05-03-at-23.01.19.jpeg?resize=768%2C467&amp;ssl=1 768w, https:\/\/i0.wp.com\/politicosaldesnudo.com.mx\/wp-content\/uploads\/2025\/05\/WhatsApp-Image-2025-05-03-at-23.01.19.jpeg?resize=1536%2C933&amp;ssl=1 1536w, https:\/\/i0.wp.com\/politicosaldesnudo.com.mx\/wp-content\/uploads\/2025\/05\/WhatsApp-Image-2025-05-03-at-23.01.19.jpeg?w=1600&amp;ssl=1 1600w\" sizes=\"auto, (max-width: 800px) 100vw, 800px\" \/> <img data-recalc-dims=\"1\" loading=\"lazy\" decoding=\"async\" class=\"aligncenter size-large wp-image-62248\" src=\"https:\/\/i0.wp.com\/politicosaldesnudo.com.mx\/wp-content\/uploads\/2025\/05\/WhatsApp-Image-2025-05-03-at-23.01.20-1-1024x666.jpeg?resize=800%2C520&#038;ssl=1\" alt=\"\" width=\"800\" height=\"520\" srcset=\"https:\/\/i0.wp.com\/politicosaldesnudo.com.mx\/wp-content\/uploads\/2025\/05\/WhatsApp-Image-2025-05-03-at-23.01.20-1.jpeg?resize=1024%2C666&amp;ssl=1 1024w, https:\/\/i0.wp.com\/politicosaldesnudo.com.mx\/wp-content\/uploads\/2025\/05\/WhatsApp-Image-2025-05-03-at-23.01.20-1.jpeg?resize=300%2C195&amp;ssl=1 300w, https:\/\/i0.wp.com\/politicosaldesnudo.com.mx\/wp-content\/uploads\/2025\/05\/WhatsApp-Image-2025-05-03-at-23.01.20-1.jpeg?resize=768%2C499&amp;ssl=1 768w, https:\/\/i0.wp.com\/politicosaldesnudo.com.mx\/wp-content\/uploads\/2025\/05\/WhatsApp-Image-2025-05-03-at-23.01.20-1.jpeg?resize=1536%2C998&amp;ssl=1 1536w, https:\/\/i0.wp.com\/politicosaldesnudo.com.mx\/wp-content\/uploads\/2025\/05\/WhatsApp-Image-2025-05-03-at-23.01.20-1.jpeg?w=1600&amp;ssl=1 1600w\" sizes=\"auto, (max-width: 800px) 100vw, 800px\" \/> <img data-recalc-dims=\"1\" loading=\"lazy\" decoding=\"async\" class=\"aligncenter size-large wp-image-62249\" src=\"https:\/\/i0.wp.com\/politicosaldesnudo.com.mx\/wp-content\/uploads\/2025\/05\/WhatsApp-Image-2025-05-03-at-23.01.20-2-1024x576.jpeg?resize=800%2C450&#038;ssl=1\" alt=\"\" width=\"800\" height=\"450\" srcset=\"https:\/\/i0.wp.com\/politicosaldesnudo.com.mx\/wp-content\/uploads\/2025\/05\/WhatsApp-Image-2025-05-03-at-23.01.20-2.jpeg?resize=1024%2C576&amp;ssl=1 1024w, https:\/\/i0.wp.com\/politicosaldesnudo.com.mx\/wp-content\/uploads\/2025\/05\/WhatsApp-Image-2025-05-03-at-23.01.20-2.jpeg?resize=300%2C169&amp;ssl=1 300w, https:\/\/i0.wp.com\/politicosaldesnudo.com.mx\/wp-content\/uploads\/2025\/05\/WhatsApp-Image-2025-05-03-at-23.01.20-2.jpeg?resize=768%2C432&amp;ssl=1 768w, https:\/\/i0.wp.com\/politicosaldesnudo.com.mx\/wp-content\/uploads\/2025\/05\/WhatsApp-Image-2025-05-03-at-23.01.20-2.jpeg?resize=1536%2C864&amp;ssl=1 1536w, https:\/\/i0.wp.com\/politicosaldesnudo.com.mx\/wp-content\/uploads\/2025\/05\/WhatsApp-Image-2025-05-03-at-23.01.20-2.jpeg?w=1600&amp;ssl=1 1600w\" sizes=\"auto, (max-width: 800px) 100vw, 800px\" \/><\/p>\n<p>Comparsas, batucadas y agrupaciones de m\u00fasica y danza, animaron esta celebraci\u00f3n, una de las m\u00e1s grandes de la zona norte del estado.<\/p>\n<p><img data-recalc-dims=\"1\" loading=\"lazy\" decoding=\"async\" class=\"aligncenter size-large wp-image-62250\" src=\"https:\/\/i0.wp.com\/politicosaldesnudo.com.mx\/wp-content\/uploads\/2025\/05\/WhatsApp-Image-2025-05-03-at-23.01.21-1024x768.jpeg?resize=800%2C600&#038;ssl=1\" alt=\"\" width=\"800\" height=\"600\" srcset=\"https:\/\/i0.wp.com\/politicosaldesnudo.com.mx\/wp-content\/uploads\/2025\/05\/WhatsApp-Image-2025-05-03-at-23.01.21.jpeg?resize=1024%2C768&amp;ssl=1 1024w, https:\/\/i0.wp.com\/politicosaldesnudo.com.mx\/wp-content\/uploads\/2025\/05\/WhatsApp-Image-2025-05-03-at-23.01.21.jpeg?resize=300%2C225&amp;ssl=1 300w, https:\/\/i0.wp.com\/politicosaldesnudo.com.mx\/wp-content\/uploads\/2025\/05\/WhatsApp-Image-2025-05-03-at-23.01.21.jpeg?resize=768%2C576&amp;ssl=1 768w, https:\/\/i0.wp.com\/politicosaldesnudo.com.mx\/wp-content\/uploads\/2025\/05\/WhatsApp-Image-2025-05-03-at-23.01.21.jpeg?resize=1536%2C1152&amp;ssl=1 1536w, https:\/\/i0.wp.com\/politicosaldesnudo.com.mx\/wp-content\/uploads\/2025\/05\/WhatsApp-Image-2025-05-03-at-23.01.21.jpeg?w=1600&amp;ssl=1 1600w\" sizes=\"auto, (max-width: 800px) 100vw, 800px\" \/> <img data-recalc-dims=\"1\" loading=\"lazy\" decoding=\"async\" class=\"aligncenter size-large wp-image-62251\" src=\"https:\/\/i0.wp.com\/politicosaldesnudo.com.mx\/wp-content\/uploads\/2025\/05\/WhatsApp-Image-2025-05-03-at-23.28.25-1024x719.jpeg?resize=800%2C562&#038;ssl=1\" alt=\"\" width=\"800\" height=\"562\" srcset=\"https:\/\/i0.wp.com\/politicosaldesnudo.com.mx\/wp-content\/uploads\/2025\/05\/WhatsApp-Image-2025-05-03-at-23.28.25.jpeg?resize=1024%2C719&amp;ssl=1 1024w, https:\/\/i0.wp.com\/politicosaldesnudo.com.mx\/wp-content\/uploads\/2025\/05\/WhatsApp-Image-2025-05-03-at-23.28.25.jpeg?resize=300%2C211&amp;ssl=1 300w, https:\/\/i0.wp.com\/politicosaldesnudo.com.mx\/wp-content\/uploads\/2025\/05\/WhatsApp-Image-2025-05-03-at-23.28.25.jpeg?resize=768%2C540&amp;ssl=1 768w, https:\/\/i0.wp.com\/politicosaldesnudo.com.mx\/wp-content\/uploads\/2025\/05\/WhatsApp-Image-2025-05-03-at-23.28.25.jpeg?resize=1536%2C1079&amp;ssl=1 1536w, https:\/\/i0.wp.com\/politicosaldesnudo.com.mx\/wp-content\/uploads\/2025\/05\/WhatsApp-Image-2025-05-03-at-23.28.25.jpeg?resize=130%2C90&amp;ssl=1 130w, https:\/\/i0.wp.com\/politicosaldesnudo.com.mx\/wp-content\/uploads\/2025\/05\/WhatsApp-Image-2025-05-03-at-23.28.25.jpeg?w=1600&amp;ssl=1 1600w\" sizes=\"auto, (max-width: 800px) 100vw, 800px\" \/> <img data-recalc-dims=\"1\" loading=\"lazy\" decoding=\"async\" class=\"aligncenter size-large wp-image-62252\" src=\"https:\/\/i0.wp.com\/politicosaldesnudo.com.mx\/wp-content\/uploads\/2025\/05\/WhatsApp-Image-2025-05-03-at-23.28.26-1-1024x691.jpeg?resize=800%2C540&#038;ssl=1\" alt=\"\" width=\"800\" height=\"540\" srcset=\"https:\/\/i0.wp.com\/politicosaldesnudo.com.mx\/wp-content\/uploads\/2025\/05\/WhatsApp-Image-2025-05-03-at-23.28.26-1.jpeg?resize=1024%2C691&amp;ssl=1 1024w, https:\/\/i0.wp.com\/politicosaldesnudo.com.mx\/wp-content\/uploads\/2025\/05\/WhatsApp-Image-2025-05-03-at-23.28.26-1.jpeg?resize=300%2C203&amp;ssl=1 300w, https:\/\/i0.wp.com\/politicosaldesnudo.com.mx\/wp-content\/uploads\/2025\/05\/WhatsApp-Image-2025-05-03-at-23.28.26-1.jpeg?resize=768%2C518&amp;ssl=1 768w, https:\/\/i0.wp.com\/politicosaldesnudo.com.mx\/wp-content\/uploads\/2025\/05\/WhatsApp-Image-2025-05-03-at-23.28.26-1.jpeg?resize=1536%2C1037&amp;ssl=1 1536w, https:\/\/i0.wp.com\/politicosaldesnudo.com.mx\/wp-content\/uploads\/2025\/05\/WhatsApp-Image-2025-05-03-at-23.28.26-1.jpeg?w=1600&amp;ssl=1 1600w\" sizes=\"auto, (max-width: 800px) 100vw, 800px\" \/><\/p>\n<p>El desfile cont\u00f3 con la presencia de la famosa creadora de contenido Wendy Guevara, quien contagi\u00f3 la publico con su carisma y entusiasmo.<\/p>\n<p><img data-recalc-dims=\"1\" loading=\"lazy\" decoding=\"async\" class=\"aligncenter size-large wp-image-62253\" src=\"https:\/\/i0.wp.com\/politicosaldesnudo.com.mx\/wp-content\/uploads\/2025\/05\/WhatsApp-Image-2025-05-03-at-23.28.27-2-1024x681.jpeg?resize=800%2C532&#038;ssl=1\" alt=\"\" width=\"800\" height=\"532\" srcset=\"https:\/\/i0.wp.com\/politicosaldesnudo.com.mx\/wp-content\/uploads\/2025\/05\/WhatsApp-Image-2025-05-03-at-23.28.27-2.jpeg?resize=1024%2C681&amp;ssl=1 1024w, https:\/\/i0.wp.com\/politicosaldesnudo.com.mx\/wp-content\/uploads\/2025\/05\/WhatsApp-Image-2025-05-03-at-23.28.27-2.jpeg?resize=300%2C200&amp;ssl=1 300w, https:\/\/i0.wp.com\/politicosaldesnudo.com.mx\/wp-content\/uploads\/2025\/05\/WhatsApp-Image-2025-05-03-at-23.28.27-2.jpeg?resize=768%2C511&amp;ssl=1 768w, https:\/\/i0.wp.com\/politicosaldesnudo.com.mx\/wp-content\/uploads\/2025\/05\/WhatsApp-Image-2025-05-03-at-23.28.27-2.jpeg?resize=1536%2C1021&amp;ssl=1 1536w, https:\/\/i0.wp.com\/politicosaldesnudo.com.mx\/wp-content\/uploads\/2025\/05\/WhatsApp-Image-2025-05-03-at-23.28.27-2.jpeg?w=1600&amp;ssl=1 1600w\" sizes=\"auto, (max-width: 800px) 100vw, 800px\" \/> <img data-recalc-dims=\"1\" loading=\"lazy\" decoding=\"async\" class=\"aligncenter size-large wp-image-62254\" src=\"https:\/\/i0.wp.com\/politicosaldesnudo.com.mx\/wp-content\/uploads\/2025\/05\/WhatsApp-Image-2025-05-03-at-23.28.27-3-1024x654.jpeg?resize=800%2C511&#038;ssl=1\" alt=\"\" width=\"800\" height=\"511\" srcset=\"https:\/\/i0.wp.com\/politicosaldesnudo.com.mx\/wp-content\/uploads\/2025\/05\/WhatsApp-Image-2025-05-03-at-23.28.27-3.jpeg?resize=1024%2C654&amp;ssl=1 1024w, https:\/\/i0.wp.com\/politicosaldesnudo.com.mx\/wp-content\/uploads\/2025\/05\/WhatsApp-Image-2025-05-03-at-23.28.27-3.jpeg?resize=300%2C192&amp;ssl=1 300w, https:\/\/i0.wp.com\/politicosaldesnudo.com.mx\/wp-content\/uploads\/2025\/05\/WhatsApp-Image-2025-05-03-at-23.28.27-3.jpeg?resize=768%2C491&amp;ssl=1 768w, https:\/\/i0.wp.com\/politicosaldesnudo.com.mx\/wp-content\/uploads\/2025\/05\/WhatsApp-Image-2025-05-03-at-23.28.27-3.jpeg?resize=1536%2C981&amp;ssl=1 1536w, https:\/\/i0.wp.com\/politicosaldesnudo.com.mx\/wp-content\/uploads\/2025\/05\/WhatsApp-Image-2025-05-03-at-23.28.27-3.jpeg?w=1600&amp;ssl=1 1600w\" sizes=\"auto, (max-width: 800px) 100vw, 800px\" \/> <img data-recalc-dims=\"1\" loading=\"lazy\" decoding=\"async\" class=\"aligncenter size-large wp-image-62255\" src=\"https:\/\/i0.wp.com\/politicosaldesnudo.com.mx\/wp-content\/uploads\/2025\/05\/WhatsApp-Image-2025-05-03-at-23.28.27-4-1024x672.jpeg?resize=800%2C525&#038;ssl=1\" alt=\"\" width=\"800\" height=\"525\" srcset=\"https:\/\/i0.wp.com\/politicosaldesnudo.com.mx\/wp-content\/uploads\/2025\/05\/WhatsApp-Image-2025-05-03-at-23.28.27-4.jpeg?resize=1024%2C672&amp;ssl=1 1024w, https:\/\/i0.wp.com\/politicosaldesnudo.com.mx\/wp-content\/uploads\/2025\/05\/WhatsApp-Image-2025-05-03-at-23.28.27-4.jpeg?resize=300%2C197&amp;ssl=1 300w, https:\/\/i0.wp.com\/politicosaldesnudo.com.mx\/wp-content\/uploads\/2025\/05\/WhatsApp-Image-2025-05-03-at-23.28.27-4.jpeg?resize=768%2C504&amp;ssl=1 768w, https:\/\/i0.wp.com\/politicosaldesnudo.com.mx\/wp-content\/uploads\/2025\/05\/WhatsApp-Image-2025-05-03-at-23.28.27-4.jpeg?resize=1536%2C1008&amp;ssl=1 1536w, https:\/\/i0.wp.com\/politicosaldesnudo.com.mx\/wp-content\/uploads\/2025\/05\/WhatsApp-Image-2025-05-03-at-23.28.27-4.jpeg?w=1600&amp;ssl=1 1600w\" sizes=\"auto, (max-width: 800px) 100vw, 800px\" \/><\/p>\n<p>Ma\u00f1ana se realizar\u00e1 el tercer y \u00faltimo desfile de las fiestas carnestolendas de este a\u00f1o, en el que estar\u00e1 presente el actor y conductor Nicola Porcella.<\/p>\n<p><img data-recalc-dims=\"1\" loading=\"lazy\" decoding=\"async\" class=\"aligncenter size-large wp-image-62256\" src=\"https:\/\/i0.wp.com\/politicosaldesnudo.com.mx\/wp-content\/uploads\/2025\/05\/WhatsApp-Image-2025-05-03-at-23.28.28-1-1024x671.jpeg?resize=800%2C524&#038;ssl=1\" alt=\"\" width=\"800\" height=\"524\" srcset=\"https:\/\/i0.wp.com\/politicosaldesnudo.com.mx\/wp-content\/uploads\/2025\/05\/WhatsApp-Image-2025-05-03-at-23.28.28-1.jpeg?resize=1024%2C671&amp;ssl=1 1024w, https:\/\/i0.wp.com\/politicosaldesnudo.com.mx\/wp-content\/uploads\/2025\/05\/WhatsApp-Image-2025-05-03-at-23.28.28-1.jpeg?resize=300%2C197&amp;ssl=1 300w, https:\/\/i0.wp.com\/politicosaldesnudo.com.mx\/wp-content\/uploads\/2025\/05\/WhatsApp-Image-2025-05-03-at-23.28.28-1.jpeg?resize=768%2C503&amp;ssl=1 768w, https:\/\/i0.wp.com\/politicosaldesnudo.com.mx\/wp-content\/uploads\/2025\/05\/WhatsApp-Image-2025-05-03-at-23.28.28-1.jpeg?resize=1536%2C1006&amp;ssl=1 1536w, https:\/\/i0.wp.com\/politicosaldesnudo.com.mx\/wp-content\/uploads\/2025\/05\/WhatsApp-Image-2025-05-03-at-23.28.28-1.jpeg?w=1600&amp;ssl=1 1600w\" sizes=\"auto, (max-width: 800px) 100vw, 800px\" \/> <img data-recalc-dims=\"1\" loading=\"lazy\" decoding=\"async\" class=\"aligncenter size-large wp-image-62257\" src=\"https:\/\/i0.wp.com\/politicosaldesnudo.com.mx\/wp-content\/uploads\/2025\/05\/WhatsApp-Image-2025-05-03-at-23.28.28-2-1024x727.jpeg?resize=800%2C568&#038;ssl=1\" alt=\"\" width=\"800\" height=\"568\" srcset=\"https:\/\/i0.wp.com\/politicosaldesnudo.com.mx\/wp-content\/uploads\/2025\/05\/WhatsApp-Image-2025-05-03-at-23.28.28-2.jpeg?resize=1024%2C727&amp;ssl=1 1024w, https:\/\/i0.wp.com\/politicosaldesnudo.com.mx\/wp-content\/uploads\/2025\/05\/WhatsApp-Image-2025-05-03-at-23.28.28-2.jpeg?resize=300%2C213&amp;ssl=1 300w, https:\/\/i0.wp.com\/politicosaldesnudo.com.mx\/wp-content\/uploads\/2025\/05\/WhatsApp-Image-2025-05-03-at-23.28.28-2.jpeg?resize=768%2C545&amp;ssl=1 768w, https:\/\/i0.wp.com\/politicosaldesnudo.com.mx\/wp-content\/uploads\/2025\/05\/WhatsApp-Image-2025-05-03-at-23.28.28-2.jpeg?resize=1536%2C1091&amp;ssl=1 1536w, https:\/\/i0.wp.com\/politicosaldesnudo.com.mx\/wp-content\/uploads\/2025\/05\/WhatsApp-Image-2025-05-03-at-23.28.28-2.jpeg?w=1600&amp;ssl=1 1600w\" sizes=\"auto, (max-width: 800px) 100vw, 800px\" \/> <img data-recalc-dims=\"1\" loading=\"lazy\" decoding=\"async\" class=\"aligncenter size-large wp-image-62258\" src=\"https:\/\/i0.wp.com\/politicosaldesnudo.com.mx\/wp-content\/uploads\/2025\/05\/WhatsApp-Image-2025-05-03-at-23.28.28-3-1024x687.jpeg?resize=800%2C537&#038;ssl=1\" alt=\"\" width=\"800\" height=\"537\" srcset=\"https:\/\/i0.wp.com\/politicosaldesnudo.com.mx\/wp-content\/uploads\/2025\/05\/WhatsApp-Image-2025-05-03-at-23.28.28-3.jpeg?resize=1024%2C687&amp;ssl=1 1024w, https:\/\/i0.wp.com\/politicosaldesnudo.com.mx\/wp-content\/uploads\/2025\/05\/WhatsApp-Image-2025-05-03-at-23.28.28-3.jpeg?resize=300%2C201&amp;ssl=1 300w, https:\/\/i0.wp.com\/politicosaldesnudo.com.mx\/wp-content\/uploads\/2025\/05\/WhatsApp-Image-2025-05-03-at-23.28.28-3.jpeg?resize=768%2C516&amp;ssl=1 768w, https:\/\/i0.wp.com\/politicosaldesnudo.com.mx\/wp-content\/uploads\/2025\/05\/WhatsApp-Image-2025-05-03-at-23.28.28-3.jpeg?resize=1536%2C1031&amp;ssl=1 1536w, https:\/\/i0.wp.com\/politicosaldesnudo.com.mx\/wp-content\/uploads\/2025\/05\/WhatsApp-Image-2025-05-03-at-23.28.28-3.jpeg?w=1600&amp;ssl=1 1600w\" sizes=\"auto, (max-width: 800px) 100vw, 800px\" \/><\/p>\n<p>En esta ocasi\u00f3n la ruta ser\u00e1 del Puente Tuxpan a la calle Francisco Murgu\u00eda (2 cuadras antes del Sector Naval).<\/p>\n<p>Asiste con tu familia y recuerda que en esta fiesta la alegr\u00eda eres t\u00fa.<\/p>\n","protected":false},"excerpt":{"rendered":"<p>Tuxpan, Ver., 3 de mayo de 2025.- El bulevar de la ciudad luci\u00f3 totalmente abarrotado por miles de familias locales<\/p>\n","protected":false},"author":4,"featured_media":62247,"comment_status":"closed","ping_status":"closed","sticky":false,"template":"","format":"standard","meta":{"colormag_page_container_layout":"default_layout","colormag_page_sidebar_layout":"default_layout","_jetpack_memberships_contains_paid_content":false,"footnotes":"","jetpack_publicize_message":"","jetpack_publicize_feature_enabled":true,"jetpack_social_post_already_shared":false,"jetpack_social_options":{"image_generator_settings":{"template":"highway","default_image_id":0,"font":"","enabled":false},"version":2}},"categories":[3205,1082],"tags":[],"class_list":["post-62246","post","type-post","status-publish","format-standard","has-post-thumbnail","hentry","category-gobierno-tuxpan","category-tuxpan"],"jetpack_publicize_connections":[],"jetpack_featured_media_url":"https:\/\/i0.wp.com\/politicosaldesnudo.com.mx\/wp-content\/uploads\/2025\/05\/WhatsApp-Image-2025-05-03-at-23.01.19.jpeg?fit=1600%2C972&ssl=1","jetpack-related-posts":[],"jetpack_sharing_enabled":true,"_links":{"self":[{"href":"https:\/\/politicosaldesnudo.com.mx\/index.php\/wp-json\/wp\/v2\/posts\/62246","targetHints":{"allow":["GET"]}}],"collection":[{"href":"https:\/\/politicosaldesnudo.com.mx\/index.php\/wp-json\/wp\/v2\/posts"}],"about":[{"href":"https:\/\/politicosaldesnudo.com.mx\/index.php\/wp-json\/wp\/v2\/types\/post"}],"author":[{"embeddable":true,"href":"https:\/\/politicosaldesnudo.com.mx\/index.php\/wp-json\/wp\/v2\/users\/4"}],"replies":[{"embeddable":true,"href":"https:\/\/politicosaldesnudo.com.mx\/index.php\/wp-json\/wp\/v2\/comments?post=62246"}],"version-history":[{"count":0,"href":"https:\/\/politicosaldesnudo.com.mx\/index.php\/wp-json\/wp\/v2\/posts\/62246\/revisions"}],"wp:featuredmedia":[{"embeddable":true,"href":"https:\/\/politicosaldesnudo.com.mx\/index.php\/wp-json\/wp\/v2\/media\/62247"}],"wp:attachment":[{"href":"https:\/\/politicosaldesnudo.com.mx\/index.php\/wp-json\/wp\/v2\/media?parent=62246"}],"wp:term":[{"taxonomy":"category","embeddable":true,"href":"https:\/\/politicosaldesnudo.com.mx\/index.php\/wp-json\/wp\/v2\/categories?post=62246"},{"taxonomy":"post_tag","embeddable":true,"href":"https:\/\/politicosaldesnudo.com.mx\/index.php\/wp-json\/wp\/v2\/tags?post=62246"}],"curies":[{"name":"wp","href":"https:\/\/api.w.org\/{rel}","templated":true}]}}