{"id":62260,"date":"2025-05-04T14:21:05","date_gmt":"2025-05-04T20:21:05","guid":{"rendered":"https:\/\/politicosaldesnudo.com.mx\/?p=62260"},"modified":"2025-05-04T14:21:05","modified_gmt":"2025-05-04T20:21:05","slug":"yahir-cautivo-al-publico-en-un-esplendido-concierto-dentro-del-carnaval-tuxpan-2025","status":"publish","type":"post","link":"https:\/\/politicosaldesnudo.com.mx\/index.php\/2025\/05\/04\/yahir-cautivo-al-publico-en-un-esplendido-concierto-dentro-del-carnaval-tuxpan-2025\/","title":{"rendered":"Yahir cautiv\u00f3 al p\u00fablico en un espl\u00e9ndido concierto dentro del Carnaval Tuxpan 2025"},"content":{"rendered":"<p>Tuxpan, Ver., 4 de mayo de 2025.- El tercer concierto del Carnaval Tuxpan 2025 hizo vibrar al p\u00fablico con un espect\u00e1culo lleno de energ\u00eda y romanticismo.<\/p>\n<p><img data-recalc-dims=\"1\" loading=\"lazy\" decoding=\"async\" class=\"aligncenter size-large wp-image-62266\" src=\"https:\/\/i0.wp.com\/politicosaldesnudo.com.mx\/wp-content\/uploads\/2025\/05\/WhatsApp-Image-2025-05-04-at-12.39.48-1024x692.jpeg?resize=800%2C541&#038;ssl=1\" alt=\"\" width=\"800\" height=\"541\" srcset=\"https:\/\/i0.wp.com\/politicosaldesnudo.com.mx\/wp-content\/uploads\/2025\/05\/WhatsApp-Image-2025-05-04-at-12.39.48.jpeg?resize=1024%2C692&amp;ssl=1 1024w, https:\/\/i0.wp.com\/politicosaldesnudo.com.mx\/wp-content\/uploads\/2025\/05\/WhatsApp-Image-2025-05-04-at-12.39.48.jpeg?resize=300%2C203&amp;ssl=1 300w, https:\/\/i0.wp.com\/politicosaldesnudo.com.mx\/wp-content\/uploads\/2025\/05\/WhatsApp-Image-2025-05-04-at-12.39.48.jpeg?resize=768%2C519&amp;ssl=1 768w, https:\/\/i0.wp.com\/politicosaldesnudo.com.mx\/wp-content\/uploads\/2025\/05\/WhatsApp-Image-2025-05-04-at-12.39.48.jpeg?w=1280&amp;ssl=1 1280w\" sizes=\"auto, (max-width: 800px) 100vw, 800px\" \/> <img data-recalc-dims=\"1\" loading=\"lazy\" decoding=\"async\" class=\"aligncenter size-large wp-image-62265\" src=\"https:\/\/i0.wp.com\/politicosaldesnudo.com.mx\/wp-content\/uploads\/2025\/05\/WhatsApp-Image-2025-05-04-at-12.39.48-3-1024x711.jpeg?resize=800%2C555&#038;ssl=1\" alt=\"\" width=\"800\" height=\"555\" srcset=\"https:\/\/i0.wp.com\/politicosaldesnudo.com.mx\/wp-content\/uploads\/2025\/05\/WhatsApp-Image-2025-05-04-at-12.39.48-3.jpeg?resize=1024%2C711&amp;ssl=1 1024w, https:\/\/i0.wp.com\/politicosaldesnudo.com.mx\/wp-content\/uploads\/2025\/05\/WhatsApp-Image-2025-05-04-at-12.39.48-3.jpeg?resize=300%2C208&amp;ssl=1 300w, https:\/\/i0.wp.com\/politicosaldesnudo.com.mx\/wp-content\/uploads\/2025\/05\/WhatsApp-Image-2025-05-04-at-12.39.48-3.jpeg?resize=768%2C533&amp;ssl=1 768w, https:\/\/i0.wp.com\/politicosaldesnudo.com.mx\/wp-content\/uploads\/2025\/05\/WhatsApp-Image-2025-05-04-at-12.39.48-3.jpeg?resize=392%2C272&amp;ssl=1 392w, https:\/\/i0.wp.com\/politicosaldesnudo.com.mx\/wp-content\/uploads\/2025\/05\/WhatsApp-Image-2025-05-04-at-12.39.48-3.jpeg?resize=130%2C90&amp;ssl=1 130w, https:\/\/i0.wp.com\/politicosaldesnudo.com.mx\/wp-content\/uploads\/2025\/05\/WhatsApp-Image-2025-05-04-at-12.39.48-3.jpeg?w=1280&amp;ssl=1 1280w\" sizes=\"auto, (max-width: 800px) 100vw, 800px\" \/><\/p>\n<p>Yahir cautiv\u00f3 a los miles de asistentes que se dieron cita en el estadio \u00c1lvaro Lorenzo Fern\u00e1ndez, al interpretar sus \u00e9xitos m\u00e1s reconocidos: La locura; Fue ella, fui yo; Alucinado y No te apartes de m\u00ed.<\/p>\n<p><img data-recalc-dims=\"1\" loading=\"lazy\" decoding=\"async\" class=\"aligncenter size-large wp-image-62264\" src=\"https:\/\/i0.wp.com\/politicosaldesnudo.com.mx\/wp-content\/uploads\/2025\/05\/WhatsApp-Image-2025-05-04-at-12.39.48-2-1024x576.jpeg?resize=800%2C450&#038;ssl=1\" alt=\"\" width=\"800\" height=\"450\" srcset=\"https:\/\/i0.wp.com\/politicosaldesnudo.com.mx\/wp-content\/uploads\/2025\/05\/WhatsApp-Image-2025-05-04-at-12.39.48-2.jpeg?resize=1024%2C576&amp;ssl=1 1024w, https:\/\/i0.wp.com\/politicosaldesnudo.com.mx\/wp-content\/uploads\/2025\/05\/WhatsApp-Image-2025-05-04-at-12.39.48-2.jpeg?resize=300%2C169&amp;ssl=1 300w, https:\/\/i0.wp.com\/politicosaldesnudo.com.mx\/wp-content\/uploads\/2025\/05\/WhatsApp-Image-2025-05-04-at-12.39.48-2.jpeg?resize=768%2C432&amp;ssl=1 768w, https:\/\/i0.wp.com\/politicosaldesnudo.com.mx\/wp-content\/uploads\/2025\/05\/WhatsApp-Image-2025-05-04-at-12.39.48-2.jpeg?w=1280&amp;ssl=1 1280w\" sizes=\"auto, (max-width: 800px) 100vw, 800px\" \/> <img data-recalc-dims=\"1\" loading=\"lazy\" decoding=\"async\" class=\"aligncenter size-large wp-image-62263\" src=\"https:\/\/i0.wp.com\/politicosaldesnudo.com.mx\/wp-content\/uploads\/2025\/05\/WhatsApp-Image-2025-05-04-at-12.39.48-1-1024x681.jpeg?resize=800%2C532&#038;ssl=1\" alt=\"\" width=\"800\" height=\"532\" srcset=\"https:\/\/i0.wp.com\/politicosaldesnudo.com.mx\/wp-content\/uploads\/2025\/05\/WhatsApp-Image-2025-05-04-at-12.39.48-1.jpeg?resize=1024%2C681&amp;ssl=1 1024w, https:\/\/i0.wp.com\/politicosaldesnudo.com.mx\/wp-content\/uploads\/2025\/05\/WhatsApp-Image-2025-05-04-at-12.39.48-1.jpeg?resize=300%2C199&amp;ssl=1 300w, https:\/\/i0.wp.com\/politicosaldesnudo.com.mx\/wp-content\/uploads\/2025\/05\/WhatsApp-Image-2025-05-04-at-12.39.48-1.jpeg?resize=768%2C511&amp;ssl=1 768w, https:\/\/i0.wp.com\/politicosaldesnudo.com.mx\/wp-content\/uploads\/2025\/05\/WhatsApp-Image-2025-05-04-at-12.39.48-1.jpeg?w=1280&amp;ssl=1 1280w\" sizes=\"auto, (max-width: 800px) 100vw, 800px\" \/><\/p>\n<p>Desde que pis\u00f3 el escenario el cantante fue ovacionado por la concurrencia que lo acompa\u00f1\u00f3 coreando y bailando cada una de sus canciones, en lo que sin duda fue una velada muy especial.<\/p>\n<p><img data-recalc-dims=\"1\" loading=\"lazy\" decoding=\"async\" class=\"aligncenter size-large wp-image-62262\" src=\"https:\/\/i0.wp.com\/politicosaldesnudo.com.mx\/wp-content\/uploads\/2025\/05\/WhatsApp-Image-2025-05-04-at-12.39.47-1024x681.jpeg?resize=800%2C532&#038;ssl=1\" alt=\"\" width=\"800\" height=\"532\" srcset=\"https:\/\/i0.wp.com\/politicosaldesnudo.com.mx\/wp-content\/uploads\/2025\/05\/WhatsApp-Image-2025-05-04-at-12.39.47.jpeg?resize=1024%2C681&amp;ssl=1 1024w, https:\/\/i0.wp.com\/politicosaldesnudo.com.mx\/wp-content\/uploads\/2025\/05\/WhatsApp-Image-2025-05-04-at-12.39.47.jpeg?resize=300%2C199&amp;ssl=1 300w, https:\/\/i0.wp.com\/politicosaldesnudo.com.mx\/wp-content\/uploads\/2025\/05\/WhatsApp-Image-2025-05-04-at-12.39.47.jpeg?resize=768%2C511&amp;ssl=1 768w, https:\/\/i0.wp.com\/politicosaldesnudo.com.mx\/wp-content\/uploads\/2025\/05\/WhatsApp-Image-2025-05-04-at-12.39.47.jpeg?w=1280&amp;ssl=1 1280w\" sizes=\"auto, (max-width: 800px) 100vw, 800px\" \/><\/p>\n<p>Las actividades de las fiestas carnestolendas contin\u00faan en la ciudad. Esta noche, al finalizar el tercer y \u00faltimo paseo, se presentar\u00e1 en ese mismo recinto La Original Banda El Lim\u00f3n.<\/p>\n","protected":false},"excerpt":{"rendered":"<p>Tuxpan, Ver., 4 de mayo de 2025.- El tercer concierto del Carnaval Tuxpan 2025 hizo vibrar al p\u00fablico con un<\/p>\n","protected":false},"author":4,"featured_media":62261,"comment_status":"closed","ping_status":"closed","sticky":false,"template":"","format":"standard","meta":{"colormag_page_container_layout":"default_layout","colormag_page_sidebar_layout":"default_layout","_jetpack_memberships_contains_paid_content":false,"footnotes":"","jetpack_publicize_message":"","jetpack_publicize_feature_enabled":true,"jetpack_social_post_already_shared":false,"jetpack_social_options":{"image_generator_settings":{"template":"highway","default_image_id":0,"font":"","enabled":false},"version":2}},"categories":[3205,1082],"tags":[],"class_list":["post-62260","post","type-post","status-publish","format-standard","has-post-thumbnail","hentry","category-gobierno-tuxpan","category-tuxpan"],"jetpack_publicize_connections":[],"jetpack_featured_media_url":"https:\/\/i0.wp.com\/politicosaldesnudo.com.mx\/wp-content\/uploads\/2025\/05\/WhatsApp-Image-2025-05-04-at-12.39.47-1.jpeg?fit=1280%2C860&ssl=1","jetpack-related-posts":[],"jetpack_sharing_enabled":true,"_links":{"self":[{"href":"https:\/\/politicosaldesnudo.com.mx\/index.php\/wp-json\/wp\/v2\/posts\/62260","targetHints":{"allow":["GET"]}}],"collection":[{"href":"https:\/\/politicosaldesnudo.com.mx\/index.php\/wp-json\/wp\/v2\/posts"}],"about":[{"href":"https:\/\/politicosaldesnudo.com.mx\/index.php\/wp-json\/wp\/v2\/types\/post"}],"author":[{"embeddable":true,"href":"https:\/\/politicosaldesnudo.com.mx\/index.php\/wp-json\/wp\/v2\/users\/4"}],"replies":[{"embeddable":true,"href":"https:\/\/politicosaldesnudo.com.mx\/index.php\/wp-json\/wp\/v2\/comments?post=62260"}],"version-history":[{"count":0,"href":"https:\/\/politicosaldesnudo.com.mx\/index.php\/wp-json\/wp\/v2\/posts\/62260\/revisions"}],"wp:featuredmedia":[{"embeddable":true,"href":"https:\/\/politicosaldesnudo.com.mx\/index.php\/wp-json\/wp\/v2\/media\/62261"}],"wp:attachment":[{"href":"https:\/\/politicosaldesnudo.com.mx\/index.php\/wp-json\/wp\/v2\/media?parent=62260"}],"wp:term":[{"taxonomy":"category","embeddable":true,"href":"https:\/\/politicosaldesnudo.com.mx\/index.php\/wp-json\/wp\/v2\/categories?post=62260"},{"taxonomy":"post_tag","embeddable":true,"href":"https:\/\/politicosaldesnudo.com.mx\/index.php\/wp-json\/wp\/v2\/tags?post=62260"}],"curies":[{"name":"wp","href":"https:\/\/api.w.org\/{rel}","templated":true}]}}