{"id":62311,"date":"2025-05-05T00:13:45","date_gmt":"2025-05-05T06:13:45","guid":{"rendered":"https:\/\/politicosaldesnudo.com.mx\/?p=62311"},"modified":"2025-05-04T23:12:56","modified_gmt":"2025-05-05T05:12:56","slug":"imputan-a-alcalde-de-teuchitan-por-complicidad-con-el-cjng-en-caso-rancho-izaguirre","status":"publish","type":"post","link":"https:\/\/politicosaldesnudo.com.mx\/index.php\/2025\/05\/05\/imputan-a-alcalde-de-teuchitan-por-complicidad-con-el-cjng-en-caso-rancho-izaguirre\/","title":{"rendered":"Imputan a alcalde de Teuchit\u00e1n por complicidad con el CJNG en caso Rancho Izaguirre"},"content":{"rendered":"<p class=\"nota-justify\">El alcalde emecista de Teuchitl\u00e1n, Jos\u00e9 Ascensi\u00f3n Murgu\u00eda Santiago, fue imputado por los delitos de delincuencia organizada y desaparici\u00f3n forzada de personas durante la audiencia realizada en el Juzgado Tercero Oral Federal Penal, con sede en la prisi\u00f3n de Puente Grande, en la que lo acusaron de recibir 70 mil pesos mensuales por colaborar con el c\u00e1rtel Jalisco Nueva Generaci\u00f3n (CJNG).<\/p>\n<p class=\"nota-justify\">Durante la diligencia, que dur\u00f3 pr\u00e1cticamente todo el domingo, la Fiscal\u00eda General de la Rep\u00fablica ley\u00f3 testimonios de presuntas v\u00edctimas reclutadas a la fuerza que se\u00f1alan que no s\u00f3lo sab\u00eda del rancho Izaguirre, ubicado en Teuchitl\u00e1n, sino que participaba activamente en los hechos il\u00edcitos que ah\u00ed se comet\u00edan.<\/p>\n<p class=\"nota-justify\">\u00a0La audiencia inici\u00f3 a las nueve de la ma\u00f1ana y tuvo varios recesos.<\/p>\n<p class=\"nota-justify\">El presidente municipal de Teuchitl\u00e1n fue capturado la tarde del s\u00e1bado por la FGR y trasladado a la Ciudad de M\u00e9xico de donde fue regresado a Jalisco la madrugada del domingo para iniciar su proceso judicial.<\/p>\n<p class=\"nota-justify\">\u00abChon\u00bb, como lo apodaban tanto el actual gobernador Pablo Lemus como el anterior, Enrique Alfaro -quienes se refer\u00edan a \u00e9l como su amigo-, contaba con una orden de aprehensi\u00f3n emitida el 24 de marzo pasado,<\/p>\n<p class=\"nota-justify\">Sin embargo, la FGR explic\u00f3 en la diligencia que le fiscal\u00eda de Jalisco no la cumpliment\u00f3 por lo que decidi\u00f3 ejecutarla a trav\u00e9s de la Agencia de Investigaci\u00f3n Criminal sin avisar a las autoridades locales y de forma sigilosa.<\/p>\n<p class=\"nota-justify\">En la parte p\u00fablica de la audiencia, la dependencia federal ley\u00f3 testimonios de presuntas v\u00edctimas de reclutamiento forzado en los cuales existen coincidencias que lo involucrar\u00edan como c\u00f3mplice del CJNG, grupo al que se atribuye la creaci\u00f3n de esos centros de reclutamiento y entrenamiento de sicarios.<\/p>\n<p class=\"nota-justify\">Por la tarde, a petici\u00f3n de la FGR, se evit\u00f3 la presencia de medios de comunicaci\u00f3n o ciudadanos en general para \u201cproteger a los testigos\u201d.<\/p>\n<p class=\"nota-justify\">Uno de los testimonios recabados y le\u00eddos por la FGR dijo que fue obligado a reabrir una fosa clandestina en el rancho que \u201cya estaba preparada para la exposici\u00f3n t\u00e9rmica de cuerpos\u201d luego de haber arrojado en ella cad\u00e1veres desmembrados\u201d.<\/p>\n<p class=\"nota-justify\">Detall\u00f3 que lleg\u00f3 Chon Murgu\u00eda con \u201cuna bolsa negra y grande\u201d dentro de la cual hab\u00eda \u00f3rganos de varias personas -no precis\u00f3 de cu\u00e1ntas- que tambi\u00e9n fueron lanzados al fuego.<\/p>\n<p class=\"nota-justify\">En otro testimonio le\u00eddo por la FGR, se se\u00f1ala que el alcalde acud\u00eda al rancho Izaguirre y se entrevistaba a veces con el encargado de ese lugar, el \u201ccomandante\u201d Lastra (Jos\u00e9 Gregorio Lastra, detenido en Cuajimalpa el pasado 22 de marzo por la Guardia Nacional), o bien con el jefe regional del CJNG en la regi\u00f3n Valles, donde se ubica el rancho, Gonzalo Mendoza Gait\u00e1n apodado El Sapo o El 90.<\/p>\n<p class=\"nota-justify\">Jos\u00e9 Ascenci\u00f3n Murgu\u00eda, quien desde 2021 es edil de Teuchitl\u00e1n y en 2024 se reeligi\u00f3, seg\u00fan las acusaciones recib\u00eda 70 mil pesos mensuales por su colaboraci\u00f3n, dinero en efectivo que algunas ocasiones le fue entregado en un punto situado entre San Marcos y Etzatl\u00e1n, municipios aleda\u00f1os a Teuchitl\u00e1n y que conoc\u00eda muy bien el rancho La Vega, tambi\u00e9n del CJNG, ubicado a 8 kil\u00f3metros de la finca Izaguirre.<\/p>\n<p class=\"nota-justify\">La FGR ley\u00f3 se\u00f1alamientos de que el alcalde destinaba polic\u00edas municipales y armamento para buscar a las personas que escapaban de los ranchos o para llevar nuevas v\u00edctimas.<\/p>\n<p class=\"nota-justify\">Adem\u00e1s, se pon\u00eda de acuerdo para verse con los encargados de los ranchos a trav\u00e9s de un celular no inteligente al que llamaban \u201ccacahuatito\u201d y que en alguna ocasi\u00f3n el mun\u00edcipe, dentro del predio Izaguirre, se entrevist\u00f3 con el Lastra y el Sapo y hablaron abiertamente, frente a varios de los reclutados a fuerza, sobre secuestrar a m\u00e1s personas.<\/p>\n<p class=\"nota-justify\">\u201cAl cabo que estos perros no van a vivir para contarlo\u201d, les dijo supuestamente Chon a sus dos interlocutores, lo que habr\u00eda provocado risas burlonas de los tres.<\/p>\n","protected":false},"excerpt":{"rendered":"<p>El alcalde emecista de Teuchitl\u00e1n, Jos\u00e9 Ascensi\u00f3n Murgu\u00eda Santiago, fue imputado por los delitos de delincuencia organizada y desaparici\u00f3n forzada<\/p>\n","protected":false},"author":4,"featured_media":62312,"comment_status":"closed","ping_status":"closed","sticky":false,"template":"","format":"standard","meta":{"colormag_page_container_layout":"default_layout","colormag_page_sidebar_layout":"default_layout","_jetpack_memberships_contains_paid_content":false,"footnotes":"","jetpack_publicize_message":"","jetpack_publicize_feature_enabled":true,"jetpack_social_post_already_shared":false,"jetpack_social_options":{"image_generator_settings":{"template":"highway","default_image_id":0,"font":"","enabled":false},"version":2}},"categories":[30],"tags":[],"class_list":["post-62311","post","type-post","status-publish","format-standard","has-post-thumbnail","hentry","category-estados"],"jetpack_publicize_connections":[],"jetpack_featured_media_url":"https:\/\/i0.wp.com\/politicosaldesnudo.com.mx\/wp-content\/uploads\/2025\/05\/RANCHIZ.jpg?fit=776%2C515&ssl=1","jetpack-related-posts":[],"jetpack_sharing_enabled":true,"_links":{"self":[{"href":"https:\/\/politicosaldesnudo.com.mx\/index.php\/wp-json\/wp\/v2\/posts\/62311","targetHints":{"allow":["GET"]}}],"collection":[{"href":"https:\/\/politicosaldesnudo.com.mx\/index.php\/wp-json\/wp\/v2\/posts"}],"about":[{"href":"https:\/\/politicosaldesnudo.com.mx\/index.php\/wp-json\/wp\/v2\/types\/post"}],"author":[{"embeddable":true,"href":"https:\/\/politicosaldesnudo.com.mx\/index.php\/wp-json\/wp\/v2\/users\/4"}],"replies":[{"embeddable":true,"href":"https:\/\/politicosaldesnudo.com.mx\/index.php\/wp-json\/wp\/v2\/comments?post=62311"}],"version-history":[{"count":0,"href":"https:\/\/politicosaldesnudo.com.mx\/index.php\/wp-json\/wp\/v2\/posts\/62311\/revisions"}],"wp:featuredmedia":[{"embeddable":true,"href":"https:\/\/politicosaldesnudo.com.mx\/index.php\/wp-json\/wp\/v2\/media\/62312"}],"wp:attachment":[{"href":"https:\/\/politicosaldesnudo.com.mx\/index.php\/wp-json\/wp\/v2\/media?parent=62311"}],"wp:term":[{"taxonomy":"category","embeddable":true,"href":"https:\/\/politicosaldesnudo.com.mx\/index.php\/wp-json\/wp\/v2\/categories?post=62311"},{"taxonomy":"post_tag","embeddable":true,"href":"https:\/\/politicosaldesnudo.com.mx\/index.php\/wp-json\/wp\/v2\/tags?post=62311"}],"curies":[{"name":"wp","href":"https:\/\/api.w.org\/{rel}","templated":true}]}}