{"id":62389,"date":"2025-05-06T00:06:28","date_gmt":"2025-05-06T06:06:28","guid":{"rendered":"https:\/\/politicosaldesnudo.com.mx\/?p=62389"},"modified":"2025-05-05T19:54:43","modified_gmt":"2025-05-06T01:54:43","slug":"imss-reporta-disminucion-de-empleo-formal-en-16-estados","status":"publish","type":"post","link":"https:\/\/politicosaldesnudo.com.mx\/index.php\/2025\/05\/06\/imss-reporta-disminucion-de-empleo-formal-en-16-estados\/","title":{"rendered":"IMSS reporta disminuci\u00f3n de empleo formal en 16 estados"},"content":{"rendered":"<p class=\"nota-justify\">La mitad de los estados de la Rep\u00fablica reportan disminuci\u00f3n en el empleo formal con variaciones que van de menos 0.1 por ciento en Durango hasta menos 8.3 por ciento en Tabasco. A nivel nacional, se registr\u00f3 la p\u00e9rdida de 47 mil 442 puestos de trabajo en el mes de abril y en el acumulado anual hubo un aumento, pero de s\u00f3lo 0.2 por ciento, con 43 mil 466 plazas, inform\u00f3 el Instituto Mexicano del Seguro Social (IMSS).<\/p>\n<p class=\"nota-justify\">Indic\u00f3 que al 30 de abril el registro de afiliados se ubic\u00f3 en 22 millones 417 mil 668 y destaca que 87 por ciento tiene puestos permanentes. Este porcentaje es el m\u00e1s alto de los \u00faltimos 16 a\u00f1os en periodos iguales.<\/p>\n<p class=\"nota-justify\">En lo que va del a\u00f1o se han abierto 179 mil 289 plazas. La cifra es la m\u00e1s baja desde 2015, con excepci\u00f3n del a\u00f1o 2020 cuando se perdi\u00f3 casi medio mill\u00f3n de empleos por efecto de la pandemia de covid-19.<\/p>\n<p class=\"nota-justify\">Sobre la ca\u00edda del empleo en abril, el Seguro Social se\u00f1al\u00f3 que estuvo \u201cinfluenciado\u201d por la Semana Santa, aunque del reporte mensual se desprende que tambi\u00e9n es la disminuci\u00f3n m\u00e1s grande con respecto al mismo mes de los \u00faltimos diez a\u00f1os. De nuevo, la excepci\u00f3n fue 2020, cuando en abril se perdieron 555 mil 247 puestos de trabajo. En otros a\u00f1os la mayor baja se dio en 2022 con 14 mil 669 y en 2015 fueron 9 mil 202.<\/p>\n<p class=\"nota-justify\">Por sectores, la variaci\u00f3n anual ha sido negativa para la construcci\u00f3n (-6-5 por ciento), industria extractiva (-3), sector agropecuario (-2.8) y la industria de transformaci\u00f3n (-0.7 por ciento).<\/p>\n<p class=\"nota-justify\">El incremento del empleo se dio en el \u00faltimo a\u00f1o en transportes y comunicaciones (1.2 por ciento), servicios para empresas (1.4), servicios sociales y comunales (1.6), industria el\u00e9ctrica (2.1) y el comercio (2.3 por ciento).<\/p>\n<p class=\"nota-justify\">Adem\u00e1s de Durango y Tabasco, las p\u00e9rdidas de empleo se han reportado en Baja California Sur (-0.5 por ciento), Ciudad de M\u00e9xico (-0.6), Veracruz (-0.6), Tamaulipas (-0.8), Morelos (-1.1), Chihuahua (-1.1), Coahuila (-1.4), Guerrero (-1.9), Sonora (-2.2), Nayarit (-2.2), Sinaloa (-2.4), Baja California (-2.6), Zacatecas (-3.9) y Campeche (-5.3 por ciento).<\/p>\n<p class=\"nota-justify\">A la par de estos datos, el registro de patrones disminuy\u00f3 en el \u00faltimo a\u00f1o en menos 2.5 por ciento, con lo que est\u00e1n inscritos ante el IMSS un mill\u00f3n 47 mil 376 empleadores.<\/p>\n<p class=\"nota-justify\">En cuanto al salario base de cotizaci\u00f3n y derivado de los incrementos al sueldo m\u00ednimo que se ha dado a partir de 2019, se ubic\u00f3 en 621.9 pesos, equivalente a un aumento anual de 7.6 por ciento.<\/p>\n","protected":false},"excerpt":{"rendered":"<p>La mitad de los estados de la Rep\u00fablica reportan disminuci\u00f3n en el empleo formal con variaciones que van de menos<\/p>\n","protected":false},"author":4,"featured_media":62390,"comment_status":"closed","ping_status":"closed","sticky":false,"template":"","format":"standard","meta":{"colormag_page_container_layout":"default_layout","colormag_page_sidebar_layout":"default_layout","_jetpack_memberships_contains_paid_content":false,"footnotes":"","jetpack_publicize_message":"","jetpack_publicize_feature_enabled":true,"jetpack_social_post_already_shared":false,"jetpack_social_options":{"image_generator_settings":{"template":"highway","default_image_id":0,"font":"","enabled":false},"version":2}},"categories":[33],"tags":[],"class_list":["post-62389","post","type-post","status-publish","format-standard","has-post-thumbnail","hentry","category-nacional"],"jetpack_publicize_connections":[],"jetpack_featured_media_url":"https:\/\/i0.wp.com\/politicosaldesnudo.com.mx\/wp-content\/uploads\/2025\/05\/empleo-formal-septiembre-2022.jpg?fit=1200%2C720&ssl=1","jetpack-related-posts":[],"jetpack_sharing_enabled":true,"_links":{"self":[{"href":"https:\/\/politicosaldesnudo.com.mx\/index.php\/wp-json\/wp\/v2\/posts\/62389","targetHints":{"allow":["GET"]}}],"collection":[{"href":"https:\/\/politicosaldesnudo.com.mx\/index.php\/wp-json\/wp\/v2\/posts"}],"about":[{"href":"https:\/\/politicosaldesnudo.com.mx\/index.php\/wp-json\/wp\/v2\/types\/post"}],"author":[{"embeddable":true,"href":"https:\/\/politicosaldesnudo.com.mx\/index.php\/wp-json\/wp\/v2\/users\/4"}],"replies":[{"embeddable":true,"href":"https:\/\/politicosaldesnudo.com.mx\/index.php\/wp-json\/wp\/v2\/comments?post=62389"}],"version-history":[{"count":0,"href":"https:\/\/politicosaldesnudo.com.mx\/index.php\/wp-json\/wp\/v2\/posts\/62389\/revisions"}],"wp:featuredmedia":[{"embeddable":true,"href":"https:\/\/politicosaldesnudo.com.mx\/index.php\/wp-json\/wp\/v2\/media\/62390"}],"wp:attachment":[{"href":"https:\/\/politicosaldesnudo.com.mx\/index.php\/wp-json\/wp\/v2\/media?parent=62389"}],"wp:term":[{"taxonomy":"category","embeddable":true,"href":"https:\/\/politicosaldesnudo.com.mx\/index.php\/wp-json\/wp\/v2\/categories?post=62389"},{"taxonomy":"post_tag","embeddable":true,"href":"https:\/\/politicosaldesnudo.com.mx\/index.php\/wp-json\/wp\/v2\/tags?post=62389"}],"curies":[{"name":"wp","href":"https:\/\/api.w.org\/{rel}","templated":true}]}}