{"id":62392,"date":"2025-05-06T00:07:17","date_gmt":"2025-05-06T06:07:17","guid":{"rendered":"https:\/\/politicosaldesnudo.com.mx\/?p=62392"},"modified":"2025-05-05T19:56:31","modified_gmt":"2025-05-06T01:56:31","slug":"presente-y-futuro-de-mexico-es-ser-una-nacion-libre-independiente-y-soberana-sheinbaum","status":"publish","type":"post","link":"https:\/\/politicosaldesnudo.com.mx\/index.php\/2025\/05\/06\/presente-y-futuro-de-mexico-es-ser-una-nacion-libre-independiente-y-soberana-sheinbaum\/","title":{"rendered":"Presente y futuro de M\u00e9xico es ser una naci\u00f3n libre, independiente y soberana: Sheinbaum"},"content":{"rendered":"<p class=\"nota-justify\">Al conmemorarse el 163 aniversario de la victoria de las Fuerzas Armadas sobre el ej\u00e9rcito franc\u00e9s intervencionista, la presidenta Claudia Sheinbaum sostuvo que \u201cel 5 de mayo nos recuerda que el presente y futuro de M\u00e9xico es el de ser una naci\u00f3n, libre, independiente y soberana. Esa es la historia de generaciones que\u00a0han dado su vida y de muchos otros que siempre estaremos dispuestos a dar nuestra vida por el legado de patriotas y por el pueblo de M\u00e9xico\u201d.<\/p>\n<p class=\"nota-justify\">Durante su discurso, Sheinbaum hizo un largo recuento hist\u00f3rico de la resistencia de M\u00e9xico a la invasi\u00f3n francesa, exaltando principalmente la figura dl general Ignacio Zaragoza, subrayando que \u201cla victoria de la Batalla de Pueblos es un s\u00edmbolo de resistencia y defensa de la patria\u201d.<\/p>\n<p class=\"nota-justify\">Momentos antes, durante su discurso, el gobernador de Puebla, Alejandro Armenta tras aludir al contexto nacional en aquellos tiempos de la invasi\u00f3n francesa, afirm\u00f3 que \u201choy resurgen tendencias\u00a0<i>neoconservadoras<\/i>\u00a0aliadas del \u00edmpetu intervencionista. Un\u00a0<i>neoconservadurismo<\/i>\u00a0de privilegios y un desarrollo econ\u00f3mico sometidos al intereses extranjeros.\u201d<\/p>\n<p class=\"nota-justify\">Se trata de un intervencionismo para frenar logros democr\u00e1ticos y econ\u00f3micos de la\u00a0 Cuarta Transformaci\u00f3n que quiere regresar a la \u00e9poca del saqueo y riquezas nacionales. En la actualidad, desde la administraci\u00f3n de Andr\u00e9s Manuel L\u00f3pez Obrador y ahora con la presidenta Claudia Sheinbaum se ha retomado la rector\u00eda del Estado con bienestar social, eliminar privilegios y fortalecer derechos nacionales a decidir asuntos internos. M\u00e9xico lucha por ser un pa\u00eds con soberan\u00eda\u00a0 energ\u00e9tica, alimentaria, tecnol\u00f3gica y cient\u00edfica.<\/p>\n<p class=\"nota-justify\">Momentos despu\u00e9s inicio el desfile tradicional para conmemorar la Batalla de Puebla.<\/p>\n","protected":false},"excerpt":{"rendered":"<p>Al conmemorarse el 163 aniversario de la victoria de las Fuerzas Armadas sobre el ej\u00e9rcito franc\u00e9s intervencionista, la presidenta Claudia<\/p>\n","protected":false},"author":4,"featured_media":62393,"comment_status":"closed","ping_status":"closed","sticky":false,"template":"","format":"standard","meta":{"colormag_page_container_layout":"default_layout","colormag_page_sidebar_layout":"default_layout","_jetpack_memberships_contains_paid_content":false,"footnotes":"","jetpack_publicize_message":"","jetpack_publicize_feature_enabled":true,"jetpack_social_post_already_shared":false,"jetpack_social_options":{"image_generator_settings":{"template":"highway","default_image_id":0,"font":"","enabled":false},"version":2}},"categories":[33],"tags":[],"class_list":["post-62392","post","type-post","status-publish","format-standard","has-post-thumbnail","hentry","category-nacional"],"jetpack_publicize_connections":[],"jetpack_featured_media_url":"https:\/\/i0.wp.com\/politicosaldesnudo.com.mx\/wp-content\/uploads\/2025\/05\/TE.jpg?fit=743%2C512&ssl=1","jetpack-related-posts":[],"jetpack_sharing_enabled":true,"_links":{"self":[{"href":"https:\/\/politicosaldesnudo.com.mx\/index.php\/wp-json\/wp\/v2\/posts\/62392","targetHints":{"allow":["GET"]}}],"collection":[{"href":"https:\/\/politicosaldesnudo.com.mx\/index.php\/wp-json\/wp\/v2\/posts"}],"about":[{"href":"https:\/\/politicosaldesnudo.com.mx\/index.php\/wp-json\/wp\/v2\/types\/post"}],"author":[{"embeddable":true,"href":"https:\/\/politicosaldesnudo.com.mx\/index.php\/wp-json\/wp\/v2\/users\/4"}],"replies":[{"embeddable":true,"href":"https:\/\/politicosaldesnudo.com.mx\/index.php\/wp-json\/wp\/v2\/comments?post=62392"}],"version-history":[{"count":0,"href":"https:\/\/politicosaldesnudo.com.mx\/index.php\/wp-json\/wp\/v2\/posts\/62392\/revisions"}],"wp:featuredmedia":[{"embeddable":true,"href":"https:\/\/politicosaldesnudo.com.mx\/index.php\/wp-json\/wp\/v2\/media\/62393"}],"wp:attachment":[{"href":"https:\/\/politicosaldesnudo.com.mx\/index.php\/wp-json\/wp\/v2\/media?parent=62392"}],"wp:term":[{"taxonomy":"category","embeddable":true,"href":"https:\/\/politicosaldesnudo.com.mx\/index.php\/wp-json\/wp\/v2\/categories?post=62392"},{"taxonomy":"post_tag","embeddable":true,"href":"https:\/\/politicosaldesnudo.com.mx\/index.php\/wp-json\/wp\/v2\/tags?post=62392"}],"curies":[{"name":"wp","href":"https:\/\/api.w.org\/{rel}","templated":true}]}}