{"id":62395,"date":"2025-05-06T00:08:09","date_gmt":"2025-05-06T06:08:09","guid":{"rendered":"https:\/\/politicosaldesnudo.com.mx\/?p=62395"},"modified":"2025-05-05T20:00:02","modified_gmt":"2025-05-06T02:00:02","slug":"163-aniversario-de-la-batalla-de-puebla","status":"publish","type":"post","link":"https:\/\/politicosaldesnudo.com.mx\/index.php\/2025\/05\/06\/163-aniversario-de-la-batalla-de-puebla\/","title":{"rendered":"163 Aniversario de la batalla de Puebla"},"content":{"rendered":"<p>Con unidad, compromiso y seguridad, el Gobierno Municipal de Amozoc, encabezado por el edil Severiano de la Rosa Romero, llev\u00f3 a cabo el desfile c\u00edvico-educativo conmemorando el 163 aniversario de la Batalla de Puebla.<\/p>\n<p>El recorrido reuni\u00f3 a m\u00e1s de 4,370 alumnos pertenecientes a 50 instituciones educativas del municipio, 863 docentes, asociaciones civiles, personal del Ayuntamiento, de la Secretar\u00eda de Seguridad Ciudadana, as\u00ed como 250 jinetes.<\/p>\n<p>La presidenta honoraria del Sistema DIF Municipal, Gloria Barrales en compa\u00f1\u00eda de regidores, recorri\u00f3 las principales calles del municipio, donde cientos de familias se dieron cita para presenciar los diferentes contingentes, bandas de guerra, banderolas y charros de Amozoc.<\/p>\n<p>Con estas acciones se busca preservar la historia y fortalecer el tejido social del municipio.<\/p>\n<p>Por su parte, el edil Severiano de la Rosa Romero inform\u00f3 a trav\u00e9s de redes sociales que acudi\u00f3 a la ciudad de Puebla para atender la invitaci\u00f3n del gobernador Alejandro Armenta, asistiendo al desfile c\u00edvico-militar en compa\u00f1\u00eda de la presidenta de M\u00e9xico, Claudia Sheinbaum Pardo.<\/p>\n<p>El desfile en Amozoc transcurri\u00f3 en un ambiente de orden y respeto, enalteciendo los valores c\u00edvicos que distinguen a la comunidad. Cabe destacar que, por primera ocasi\u00f3n, el Ayuntamiento coloc\u00f3 gradas para que los ciudadanos pudieran disfrutar del evento de manera c\u00f3moda y ordenada, gesto que fue bien recibido por los habitantes que se dieron cita en el z\u00f3calo municipal.<\/p>\n<p>Al t\u00e9rmino del evento, la Direcci\u00f3n de Seguridad Ciudadana inform\u00f3 que el desfile se realiz\u00f3\u00a0sin\u00a0incidentes.<\/p>\n","protected":false},"excerpt":{"rendered":"<p>Con unidad, compromiso y seguridad, el Gobierno Municipal de Amozoc, encabezado por el edil Severiano de la Rosa Romero, llev\u00f3<\/p>\n","protected":false},"author":4,"featured_media":62396,"comment_status":"closed","ping_status":"closed","sticky":false,"template":"","format":"standard","meta":{"colormag_page_container_layout":"default_layout","colormag_page_sidebar_layout":"default_layout","_jetpack_memberships_contains_paid_content":false,"footnotes":"","jetpack_publicize_message":"","jetpack_publicize_feature_enabled":true,"jetpack_social_post_already_shared":false,"jetpack_social_options":{"image_generator_settings":{"template":"highway","default_image_id":0,"font":"","enabled":false},"version":2}},"categories":[33],"tags":[],"class_list":["post-62395","post","type-post","status-publish","format-standard","has-post-thumbnail","hentry","category-nacional"],"jetpack_publicize_connections":[],"jetpack_featured_media_url":"https:\/\/i0.wp.com\/politicosaldesnudo.com.mx\/wp-content\/uploads\/2025\/05\/BATPU.jpg?fit=747%2C427&ssl=1","jetpack-related-posts":[],"jetpack_sharing_enabled":true,"_links":{"self":[{"href":"https:\/\/politicosaldesnudo.com.mx\/index.php\/wp-json\/wp\/v2\/posts\/62395","targetHints":{"allow":["GET"]}}],"collection":[{"href":"https:\/\/politicosaldesnudo.com.mx\/index.php\/wp-json\/wp\/v2\/posts"}],"about":[{"href":"https:\/\/politicosaldesnudo.com.mx\/index.php\/wp-json\/wp\/v2\/types\/post"}],"author":[{"embeddable":true,"href":"https:\/\/politicosaldesnudo.com.mx\/index.php\/wp-json\/wp\/v2\/users\/4"}],"replies":[{"embeddable":true,"href":"https:\/\/politicosaldesnudo.com.mx\/index.php\/wp-json\/wp\/v2\/comments?post=62395"}],"version-history":[{"count":0,"href":"https:\/\/politicosaldesnudo.com.mx\/index.php\/wp-json\/wp\/v2\/posts\/62395\/revisions"}],"wp:featuredmedia":[{"embeddable":true,"href":"https:\/\/politicosaldesnudo.com.mx\/index.php\/wp-json\/wp\/v2\/media\/62396"}],"wp:attachment":[{"href":"https:\/\/politicosaldesnudo.com.mx\/index.php\/wp-json\/wp\/v2\/media?parent=62395"}],"wp:term":[{"taxonomy":"category","embeddable":true,"href":"https:\/\/politicosaldesnudo.com.mx\/index.php\/wp-json\/wp\/v2\/categories?post=62395"},{"taxonomy":"post_tag","embeddable":true,"href":"https:\/\/politicosaldesnudo.com.mx\/index.php\/wp-json\/wp\/v2\/tags?post=62395"}],"curies":[{"name":"wp","href":"https:\/\/api.w.org\/{rel}","templated":true}]}}