{"id":62449,"date":"2025-05-06T19:31:12","date_gmt":"2025-05-07T01:31:12","guid":{"rendered":"https:\/\/politicosaldesnudo.com.mx\/?p=62449"},"modified":"2025-05-06T19:33:25","modified_gmt":"2025-05-07T01:33:25","slug":"juntos-caminamos-y-juntos-triunfaremos","status":"publish","type":"post","link":"https:\/\/politicosaldesnudo.com.mx\/index.php\/2025\/05\/06\/juntos-caminamos-y-juntos-triunfaremos\/","title":{"rendered":"Juntos caminamos y juntos triunfaremos"},"content":{"rendered":"<p><span style=\"font-size: 18pt;\"><strong><span style=\"font-family: arial, helvetica, sans-serif;\">Por \u00c1ngel \u00c1lvaro Pe\u00f1a<\/span><\/strong><\/span><br \/>\n<span style=\"font-family: arial, helvetica, sans-serif; font-size: 14pt;\">Reproducimos los testimonio de apoyo mutuo que se difundieron en nuestro medio, donde denunciamos a trav\u00e9s de Pol\u00edticos al Desnudo, las condiciones inhumanas en las que trabajan cientos de trabajadores del Poder Judicial en la llamada Ciudad Judicial de Poza Rica, a donde fueron trasladados para evitar pagar la renta en el edifico donde siempre hab\u00edan operado.<\/span><br \/>\n<span style=\"font-family: arial, helvetica, sans-serif; font-size: 14pt;\">Agradecemos las muestras de afecto de quienes recompensan, con creces, nuestra labor de informar.<\/span><br \/>\n<span style=\"font-family: arial, helvetica, sans-serif; font-size: 14pt;\">Aqu\u00ed, s\u00f3lo una muestra que es un testimonio e nuestro compromiso mutuo por la preocupaci\u00f3n de nuestra comunidad.<\/span><\/p>\n<p><span style=\"font-size: 14pt;\"><em><strong><span style=\"font-family: arial, helvetica, sans-serif;\">-Buenas tardes estimado Sr. \u00c1ngel \u00c1lvaro Pe\u00f1a, su servidora Lic. Nora Bertha Ch\u00e1vez Montoya, mi mensaje es para saludarlo y agradecerle el apoyo respecto a nuestro posicionamiento en raz\u00f3n a la Ciudad Judicial aqu\u00ed en Poza Rica, agradecida por el apoyo a nuestra causa y m\u00e1s viniendo de un hombre con tanta trayectoria en el Periodismo, quien se ha distinguido por su rectitud, probidad y la veracidad de sus letras.<\/span><\/strong><\/em><\/span><br \/>\n<span style=\"font-size: 14pt;\"><em><strong><span style=\"font-family: arial, helvetica, sans-serif;\">Mil gracias!<\/span><\/strong><\/em><\/span><\/p>\n<p><span style=\"font-size: 14pt;\"><em><strong><span style=\"font-family: arial, helvetica, sans-serif;\">-Buena tarde se\u00f1or \u00c1ngel Pe\u00f1a, me presento: soy abogada en asuntos de lo familiar Reyna Maldonado Jim\u00e9nez, agradezco infinitamente en d\u00edas pasados haya destinado un espacio para hablar de nuestra inconformidad sobre el edificio judicial de Poza Rica; aprovecho para comentarle que ejerzo en este Distrito de Poza Rica, pero tambi\u00e9n visito otros distritos vecinos como son Papantla y Tuxpan, donde observo edificios judiciales con mejores espacios, sala de espera para los justiciables, sanitarios, \u00e1rea de convivencia, sanitario para personal, \u00e1reas para actuarios, mesa para abogados, etc, etc.. por ello nos hemos unido a abogados litigantes y Ciudadanos en general para pedir nos resuelvan nuestra inconformidad y usted es una persona leal a los principios de su profesi\u00f3n que ha volteado a vernos por lo que le agradecemos y estamos tambi\u00e9n a sus \u00f3rdenes se\u00f1or&#8230; muchas gracias.<\/span><\/strong><\/em><\/span><\/p>\n<p><span style=\"font-size: 14pt;\"><em><strong><span style=\"font-family: arial, helvetica, sans-serif;\">-Sr. Pe\u00f1a, le agradezco su ayuda, en el tema ciudad judicial, nos ha brindado much\u00edsima ayuda en sus comentarios, soy la Lic. Teresa Dom\u00ednguez Campos de Poza Pica, Ver.<\/span><\/strong><\/em><\/span><\/p>\n<p><span style=\"font-size: 14pt;\"><em><strong><span style=\"font-family: arial, helvetica, sans-serif;\">Licenciada Teresa no tiene usted nada Que agradecer es mi obligacion senalar las injusticias que est\u00e1n pasando en nuestro querido estado de Veracruz. El mi\u00e9rcoles si dios quiere les tengo una sorpresa a todos ustedes que est\u00e1n luchando , les va a dar mucho gusto y veran que no est\u00e1n solos. Bendecido d\u00eda<\/span><\/strong><\/em><\/span><\/p>\n<p><span style=\"font-size: 14pt;\"><em><span style=\"font-family: arial, helvetica, sans-serif;\"><b>-Buenos d\u00edas Sr. \u00c1ngel, son la Lic. Daniela G\u00f3mez Vicencio de Poza Rica, s\u00f3lo para agradecerle el apoyo a nuestro movimiento, que Dios lo bendiga siempre!<\/b><\/span><\/em><\/span><\/p>\n<p><span style=\"font-size: 14pt;\"><em><strong><span style=\"font-family: arial, helvetica, sans-serif;\">-Buenos d\u00edas, me presento soy la Lic. Aidee Garc\u00eda Rangel, formo parte del gremio jur\u00eddico Unido, y quiero darle las gracias por su nota tan importante para nosotros, pues ha sido uno de los medios que est\u00e1 difundiendo la verdad, quedo a sus \u00f3rdenes, muchas gracias nuevamente.<\/span><\/strong><\/em><\/span><\/p>\n<p><span style=\"font-size: 14pt;\"><em><strong><span style=\"font-family: arial, helvetica, sans-serif;\">-Distraigo su atenci\u00f3n s\u00f3lo para agradecer su intervenci\u00f3n para exponer las deficiencias de la Ciudad Judicial de Poza Rica. <\/span><\/strong><\/em><\/span><\/p>\n<p><span style=\"font-size: 14pt;\"><em><strong><span style=\"font-family: arial, helvetica, sans-serif;\">Atte. Lic. Lorena Vel\u00e1zquez Montiel, integrante de los Abogados Inconformes.<\/span><\/strong><\/em><\/span><\/p>\n","protected":false},"excerpt":{"rendered":"<p>Por \u00c1ngel \u00c1lvaro Pe\u00f1a Reproducimos los testimonio de apoyo mutuo que se difundieron en nuestro medio, donde denunciamos a trav\u00e9s<\/p>\n","protected":false},"author":4,"featured_media":62450,"comment_status":"closed","ping_status":"closed","sticky":false,"template":"","format":"standard","meta":{"colormag_page_container_layout":"default_layout","colormag_page_sidebar_layout":"default_layout","_jetpack_memberships_contains_paid_content":false,"footnotes":"","jetpack_publicize_message":"","jetpack_publicize_feature_enabled":true,"jetpack_social_post_already_shared":false,"jetpack_social_options":{"image_generator_settings":{"template":"highway","default_image_id":0,"font":"","enabled":false},"version":2}},"categories":[26],"tags":[],"class_list":["post-62449","post","type-post","status-publish","format-standard","has-post-thumbnail","hentry","category-columnistas"],"jetpack_publicize_connections":[],"jetpack_featured_media_url":"https:\/\/i0.wp.com\/politicosaldesnudo.com.mx\/wp-content\/uploads\/2025\/05\/BANNER-SOLO-NOMBRE-ANGEL-ALVARO-PENA.jpg?fit=800%2C445&ssl=1","jetpack-related-posts":[],"jetpack_sharing_enabled":true,"_links":{"self":[{"href":"https:\/\/politicosaldesnudo.com.mx\/index.php\/wp-json\/wp\/v2\/posts\/62449","targetHints":{"allow":["GET"]}}],"collection":[{"href":"https:\/\/politicosaldesnudo.com.mx\/index.php\/wp-json\/wp\/v2\/posts"}],"about":[{"href":"https:\/\/politicosaldesnudo.com.mx\/index.php\/wp-json\/wp\/v2\/types\/post"}],"author":[{"embeddable":true,"href":"https:\/\/politicosaldesnudo.com.mx\/index.php\/wp-json\/wp\/v2\/users\/4"}],"replies":[{"embeddable":true,"href":"https:\/\/politicosaldesnudo.com.mx\/index.php\/wp-json\/wp\/v2\/comments?post=62449"}],"version-history":[{"count":0,"href":"https:\/\/politicosaldesnudo.com.mx\/index.php\/wp-json\/wp\/v2\/posts\/62449\/revisions"}],"wp:featuredmedia":[{"embeddable":true,"href":"https:\/\/politicosaldesnudo.com.mx\/index.php\/wp-json\/wp\/v2\/media\/62450"}],"wp:attachment":[{"href":"https:\/\/politicosaldesnudo.com.mx\/index.php\/wp-json\/wp\/v2\/media?parent=62449"}],"wp:term":[{"taxonomy":"category","embeddable":true,"href":"https:\/\/politicosaldesnudo.com.mx\/index.php\/wp-json\/wp\/v2\/categories?post=62449"},{"taxonomy":"post_tag","embeddable":true,"href":"https:\/\/politicosaldesnudo.com.mx\/index.php\/wp-json\/wp\/v2\/tags?post=62449"}],"curies":[{"name":"wp","href":"https:\/\/api.w.org\/{rel}","templated":true}]}}