{"id":62478,"date":"2025-05-07T00:04:51","date_gmt":"2025-05-07T06:04:51","guid":{"rendered":"https:\/\/politicosaldesnudo.com.mx\/?p=62478"},"modified":"2025-05-07T00:04:51","modified_gmt":"2025-05-07T06:04:51","slug":"eleccion-del-poder-judicial","status":"publish","type":"post","link":"https:\/\/politicosaldesnudo.com.mx\/index.php\/2025\/05\/07\/eleccion-del-poder-judicial\/","title":{"rendered":"Elecci\u00f3n del Poder Judicial"},"content":{"rendered":"<ul>\n<li style=\"font-weight: 400;\"><strong>El Poder Judicial va a estar contemplado por cuatro entes<\/strong><\/li>\n<li style=\"font-weight: 400;\"><strong>El presidente del Tribunal Superior de Justicia seguir\u00e1 siendo de todo el Poder Judicial<\/strong><\/li>\n<li style=\"font-weight: 400;\"><strong>El actuar de jueces y magistrados ahora cae en el Tribunal de Disciplina\n<p><\/strong><\/li>\n<\/ul>\n<p style=\"font-weight: 400;\"><strong>Por Miguel \u00c1ngel Cristiani G.<\/strong><\/p>\n<p style=\"font-weight: 400;\">Muy interesante la pl\u00e1tica que tuvimos con el aspirante a Magistrado del Tribunal de Disciplina Judicial, Gerardo Escobedo Garc\u00eda quien figura con el n\u00famero 17 en la boleta del proceso electoral local del pr\u00f3ximo 1 de junio.<\/p>\n<p style=\"font-weight: 400;\">Gerardo Escobedo Garc\u00eda que actualmente se desempe\u00f1a como secretario general de acuerdos del Tribunal Superior de Justicia, con una amplia trayectoria y experiencia dentro del campo jur\u00eddico, nos coment\u00f3 respecto a la Reforma del Poder Judicial:<\/p>\n<p style=\"font-weight: 400;\">Se crearon dos \u00f3rganos nuevos, el Tribunal Supremo sigue existiendo, el Tribunal De Disciplina Judicial en la parte disciplinaria, el \u00f3rgano de Administraci\u00f3n y el Teca sigue existiendo.<\/p>\n<p style=\"font-weight: 400;\">Entonces ya el Poder Judicial va a estar contemplado por cuatro entes, pero estos cuatro entes a su vez, cada uno va a tener un presidente, sin embargo, el presidente del Tribunal Superior de Justicia seguir\u00e1 siendo el presidente de todo el Poder Judicial, seguir\u00e1 siendo o ella el presidente del Poder Judicial y va a haber una un organismo que se llama Coordinaci\u00f3n Inter Presidencial donde todos los presidentes tendr\u00e1n que juntarse para tomar ciertas decisiones del Poder Judicial.<\/p>\n<p style=\"font-weight: 400;\">\u00bfEn qu\u00e9 vas a seguir siendo presidente, en la representatividad? Por ejemplo, cuando van al Congreso, en los desfiles, en cuestiones as\u00ed, pero realmente la parte disciplinaria, es decir, vigilar el actuar de jueces cae en el Tribunal de Disciplina ya por completo, pero lo expandieron porque ya tambi\u00e9n incluyeron a los magistrados.<\/p>\n<p style=\"font-weight: 400;\">Gerardo Escobedo nos explic\u00f3 que el Tribunal de Disciplina, se va a enfocar en vigilar que tanto jueces como magistrados cumplan su labor. Actualmente no es as\u00ed. Actualmente el Consejo solo se ocupa de los jueces nada m\u00e1s, de ah\u00ed de los Magistrados no, \u00bfqui\u00e9n se encarga de los magistrados el Tribunal Superior de Justicia?, el pleno del Tribunal Superior de Justicia, sin embargo pues son ellos mismos ah\u00ed queda.<\/p>\n<p style=\"font-weight: 400;\">Pero este tribunal es totalmente aparte y por eso lo quisieron hacer tan corto. Les platic\u00e1bamos que los magistrados del Tribunal Disciplina solo durar\u00e1n seis a\u00f1os en el encargo y los submagistrados de otro, van a durar nueve. \u00bfpor qu\u00e9? ellos pueden reelegir, el de disciplina no, solamente una vez, porque la intenci\u00f3n es que sea un tribunal muy ciudadano.<\/p>\n<p style=\"font-weight: 400;\">Esa es la intenci\u00f3n es el dise\u00f1o constitucional que cualquiera que diga, ah, mira, yo quiero pertenecer a ese tribunal. Claro, tienes que cumplir con los requisitos, no las calificaciones, todo en todo el proceso\u2026 pero yo quiero pertenecer a ese tribunal. Se tiene que ir renovando constantemente.<\/p>\n<p style=\"font-weight: 400;\">Tambi\u00e9n va a ser el tribunal m\u00e1s ciudadano, porque la intenci\u00f3n es que cualquier persona sin necesidad de traer un abogado diga oye, acaban de liberar a tal persona no con base en esto, sin pruebas por ejemplo, ah bueno ok entonces ven y empezamos la investigaci\u00f3n es decir lo ciudadaniza, no quiere contrario a la burocratizaci\u00f3n, en el caso del Tribunal De Disciplina Judicial quien gane la elecci\u00f3n, quien gane la elecci\u00f3n entre hombres y mujeres no importa, ser\u00e1 a su vez presidente del Tribunal De Disciplina y de acuerdo a la a la ley org\u00e1nica que fue publicada y el 30 de enero entr\u00f3 en vigor.<\/p>\n<p style=\"font-weight: 400;\">Este presidente tiene la obligaci\u00f3n y la encomienda de implementar el tribunal. \u00bfpor qu\u00e9? Porque tiene que armar la secretar\u00eda las proyecciones, tiene que armar. Va a haber dos entidades, uno de Evaluaci\u00f3n 1 de Investigaci\u00f3n. Es muy t\u00e9cnico, pero se va a investigar las visitadur\u00edas.<\/p>\n<p style=\"font-weight: 400;\">\u00bfQu\u00e9 es una visitadur\u00eda? Son los que van a los juzgados y a ver, pr\u00e9stame vamos a revisar. Y son visitas sorpresas, no pueden ser programadas, porque si no, pues pongo mi juzgado, ah\u00ed ya es correcto. Entonces, para m\u00ed, quien llegue a este tribunal, quien llegue a presidirlo, pues debe ser una persona que conozca tanto de qu\u00e9 hace un juzgado, que conozca el \u00e1mbito judicial abajo, pero que tambi\u00e9n conozca el Tribunal Superior de Justicia, porque tenemos poco tiempo. Hace rato dijiste algo que me me pareci\u00f3 importante. No hay curva de aprendizaje, no existe curva de aprendizaje, entonces tienes que m\u00e1s menos saber.<\/p>\n<p style=\"font-weight: 400;\">Yo he sido litigante tambi\u00e9n, conozco qu\u00e9 es estar desde afuera. Mi pap\u00e1 tiene un despacho de m\u00e1s de 50 a\u00f1os aqu\u00ed en Jalapa. Es de los abogados viejos. Mi pap\u00e1, Gerardo Escobedo. \u00e9l ya tiene su tambi\u00e9n su despacho de muchos a\u00f1os y pues yo vengo de esa familia que hemos vivido tambi\u00e9n esa parte. Tuve la oportunidad de estar en diferentes juzgados en todo el estado de desde auxiliar de sala, he sido juez de control de ejecuci\u00f3n, de enjuiciamiento y actualmente pertenezco al Tribunal. He sido proyectista de la primera sala, segunda instancia, conozco las salas tambi\u00e9n y ahorita soy secretario general de acuerdos del tribunal. Entonces digo quiero tener la experiencia.<\/p>\n<p style=\"font-weight: 400;\">En este momento en el nuevo dise\u00f1o constitucional, se separ\u00f3 entonces el \u00f3rgano de administraci\u00f3n, mantiene esta esencia de tres integrantes del poder judicial, uno del ejecutivo 1 del legislativo. Esa esa esencia, esa formaci\u00f3n sigue. Sin embargo, el presidente del poder judicial ya no va a ser presidente del del \u00f3rgano de Administraci\u00f3n.<\/p>\n<p style=\"font-weight: 400;\">Ese fue el cambio con respecto al sistema anterior. \u00bfqui\u00e9n va a proponer estos tres, estos tres este del poder judicial? El pleno del Tribunal Superior de Justicia es ah\u00ed donde tiene su digamos, el este y creo que est\u00e1 bien, se auto protege el poder judicial, se autorregula en el sentido de decir ok de ese \u00f3rgano de administraci\u00f3n. Nosotros tenemos mayor\u00eda y el y nosotros como como \u00f3rgano m\u00e1ximo del poder judicial el Tribunal Superior de Justicia designamos a los tres representantes del judicial, ya la gobernadora decidiera el del ejecutivo en su momento y el congreso el del legislativo,<\/p>\n<p style=\"font-weight: 400;\">El \u00f3rgano el presidente del Poder Judicial no forma sala, cuando es presidente del poder judicial, \u00e9l no pasa a ser sala. Entonces, \u00bfqu\u00e9 significa eso? Que no resuelve no resuelve asuntos jurisdiccionales, no emite sentencias pues no va a depender el peligro de que tenga no porque no emite sentencias, \u00e9l nada m\u00e1s hace una especie de administraci\u00f3n, digamos, quien emite sentencia, son todos los que est\u00e1n en salas<\/p>\n<p style=\"font-weight: 400;\">El tribunal de disciplina va a vigilar tanto a jueces como magistrados que resuelvan, es decir, el que emita una sentencia para acabar con quien diga, \u00bfsabes qu\u00e9? Fija una pensi\u00f3n de manera incorrecta.<\/p>\n<p style=\"font-weight: 400;\">Para m\u00e1s informaci\u00f3n consulta nuestra p\u00e1gina\u00a0<a href=\"https:\/\/www.xn--bitacoraspolticas-ovb.com\/\" data-saferedirecturl=\"https:\/\/www.google.com\/url?q=https:\/\/www.xn--bitacoraspolticas-ovb.com\/&amp;source=gmail&amp;ust=1746683278620000&amp;usg=AOvVaw1IgmCZffSghSsT5Zzg3hhQ\">https:\/\/www.xn--bitacoraspolticas-ovb.com\/<\/a><\/p>\n<p><img data-recalc-dims=\"1\" loading=\"lazy\" decoding=\"async\" class=\"aligncenter size-full wp-image-62336\" src=\"https:\/\/i0.wp.com\/politicosaldesnudo.com.mx\/wp-content\/uploads\/2025\/05\/FIRMA-EDITORIAL-PD-2.jpg?resize=800%2C98&#038;ssl=1\" alt=\"\" width=\"800\" height=\"98\" srcset=\"https:\/\/i0.wp.com\/politicosaldesnudo.com.mx\/wp-content\/uploads\/2025\/05\/FIRMA-EDITORIAL-PD-2.jpg?w=1024&amp;ssl=1 1024w, https:\/\/i0.wp.com\/politicosaldesnudo.com.mx\/wp-content\/uploads\/2025\/05\/FIRMA-EDITORIAL-PD-2.jpg?resize=300%2C37&amp;ssl=1 300w, https:\/\/i0.wp.com\/politicosaldesnudo.com.mx\/wp-content\/uploads\/2025\/05\/FIRMA-EDITORIAL-PD-2.jpg?resize=768%2C94&amp;ssl=1 768w\" sizes=\"auto, (max-width: 800px) 100vw, 800px\" \/><\/p>\n","protected":false},"excerpt":{"rendered":"<p>El Poder Judicial va a estar contemplado por cuatro entes El presidente del Tribunal Superior de Justicia seguir\u00e1 siendo de<\/p>\n","protected":false},"author":4,"featured_media":46060,"comment_status":"closed","ping_status":"closed","sticky":false,"template":"","format":"standard","meta":{"colormag_page_container_layout":"default_layout","colormag_page_sidebar_layout":"default_layout","_jetpack_memberships_contains_paid_content":false,"footnotes":"","jetpack_publicize_message":"","jetpack_publicize_feature_enabled":true,"jetpack_social_post_already_shared":false,"jetpack_social_options":{"image_generator_settings":{"template":"highway","default_image_id":0,"font":"","enabled":false},"version":2}},"categories":[26],"tags":[],"class_list":["post-62478","post","type-post","status-publish","format-standard","has-post-thumbnail","hentry","category-columnistas"],"jetpack_publicize_connections":[],"jetpack_featured_media_url":"https:\/\/i0.wp.com\/politicosaldesnudo.com.mx\/wp-content\/uploads\/2024\/09\/CRISTIANI-2.jpg?fit=800%2C445&ssl=1","jetpack-related-posts":[],"jetpack_sharing_enabled":true,"_links":{"self":[{"href":"https:\/\/politicosaldesnudo.com.mx\/index.php\/wp-json\/wp\/v2\/posts\/62478","targetHints":{"allow":["GET"]}}],"collection":[{"href":"https:\/\/politicosaldesnudo.com.mx\/index.php\/wp-json\/wp\/v2\/posts"}],"about":[{"href":"https:\/\/politicosaldesnudo.com.mx\/index.php\/wp-json\/wp\/v2\/types\/post"}],"author":[{"embeddable":true,"href":"https:\/\/politicosaldesnudo.com.mx\/index.php\/wp-json\/wp\/v2\/users\/4"}],"replies":[{"embeddable":true,"href":"https:\/\/politicosaldesnudo.com.mx\/index.php\/wp-json\/wp\/v2\/comments?post=62478"}],"version-history":[{"count":0,"href":"https:\/\/politicosaldesnudo.com.mx\/index.php\/wp-json\/wp\/v2\/posts\/62478\/revisions"}],"wp:featuredmedia":[{"embeddable":true,"href":"https:\/\/politicosaldesnudo.com.mx\/index.php\/wp-json\/wp\/v2\/media\/46060"}],"wp:attachment":[{"href":"https:\/\/politicosaldesnudo.com.mx\/index.php\/wp-json\/wp\/v2\/media?parent=62478"}],"wp:term":[{"taxonomy":"category","embeddable":true,"href":"https:\/\/politicosaldesnudo.com.mx\/index.php\/wp-json\/wp\/v2\/categories?post=62478"},{"taxonomy":"post_tag","embeddable":true,"href":"https:\/\/politicosaldesnudo.com.mx\/index.php\/wp-json\/wp\/v2\/tags?post=62478"}],"curies":[{"name":"wp","href":"https:\/\/api.w.org\/{rel}","templated":true}]}}